{"id":8813,"date":"2024-11-16T21:45:01","date_gmt":"2024-11-17T00:45:01","guid":{"rendered":"https:\/\/www.nextmultimedio.com\/?p=8813"},"modified":"2024-11-16T21:45:02","modified_gmt":"2024-11-17T00:45:02","slug":"cordoba-manejaba-alcoholizado-atropello-a-un-peaton-y-termino-detenido","status":"publish","type":"post","link":"https:\/\/www.nextmultimedio.com\/?p=8813","title":{"rendered":"C\u00d3RDOBA: MANEJABA ALCOHOLIZADO, ATROPELL\u00d3 A UN PEAT\u00d3N Y TERMIN\u00d3 DETENIDO"},"content":{"rendered":"\n<figure class=\"wp-block-image size-full\"><img loading=\"lazy\" decoding=\"async\" width=\"795\" height=\"540\" src=\"https:\/\/www.nextmultimedio.com\/wp-content\/uploads\/2024\/11\/466980267_1108069411324234_4465608647561708156_n.jpg\" alt=\"\" class=\"wp-image-8814\" srcset=\"https:\/\/www.nextmultimedio.com\/wp-content\/uploads\/2024\/11\/466980267_1108069411324234_4465608647561708156_n.jpg 795w, https:\/\/www.nextmultimedio.com\/wp-content\/uploads\/2024\/11\/466980267_1108069411324234_4465608647561708156_n-300x204.jpg 300w, https:\/\/www.nextmultimedio.com\/wp-content\/uploads\/2024\/11\/466980267_1108069411324234_4465608647561708156_n-768x522.jpg 768w\" sizes=\"auto, (max-width: 795px) 100vw, 795px\" \/><\/figure>\n\n\n\n<p>En horas de la ma\u00f1ana, en calles Parmenio Ferrer &amp; Avenida Rafael N\u00fa\u00f1ez de B\u00b0 Granja de Funes,un autom\u00f3vil marca Ford Ka guiado por un joven de 23 a\u00f1os embisti\u00f3 a un peat\u00f3n de 54 a\u00f1os y <a><\/a>luego de continuar con la marcha, colision\u00f3 contra el frente de un domicilio deshabitado.<\/p>\n\n\n\n<p>Posteriormente, un servicio de emergencias traslad\u00f3 al damnificado hacia el Hospital de Urgencias con politraumatismos.<\/p>\n\n\n\n<p>En tanto, el conductor del rodado fue trasladado a sede policial luego de dar positivo de alcohol en sangre (test de alcoholemia).<\/p>\n\n\n\n<p><a href=\"https:\/\/www.facebook.com\/photo\/?fbid=1108069407990901&amp;set=a.356501556481027&amp;__cft__[0]=AZXArgKWeaOnoQ1mW63p3LnIhK34N_f7JtbRlAAp71elSbaIsfuHZOMVUlGPm3k9rcOejRQGogbVg0JyS1nye99ceQmRYQBnhIghK5Qnfkf84KCDClDxAXIHJKNzubPWXtDUJs5jrBpHhhcRYfnTc2hgorfddn7lHf4MOq721eg9X6d5LFq52TH-QdhfZAPdUAI&amp;__tn__=EH-R\"><\/a><\/p>\n","protected":false},"excerpt":{"rendered":"<p>En horas de la ma\u00f1ana, en calles Parmenio Ferrer &amp; Avenida Rafael N\u00fa\u00f1ez de B\u00b0 Granja de Funes,un autom\u00f3vil marca Ford Ka guiado por un joven de 23 a\u00f1os embisti\u00f3 a un peat\u00f3n de 54 a\u00f1os y luego de continuar con la marcha, colision\u00f3 contra el frente de un domicilio deshabitado. Posteriormente, un servicio de [&hellip;]<\/p>\n","protected":false},"author":1,"featured_media":8814,"comment_status":"closed","ping_status":"closed","sticky":false,"template":"","format":"standard","meta":{"footnotes":""},"categories":[69],"tags":[345],"class_list":["post-8813","post","type-post","status-publish","format-standard","has-post-thumbnail","hentry","category-noticias","tag-destacar"],"_links":{"self":[{"href":"https:\/\/www.nextmultimedio.com\/index.php?rest_route=\/wp\/v2\/posts\/8813","targetHints":{"allow":["GET"]}}],"collection":[{"href":"https:\/\/www.nextmultimedio.com\/index.php?rest_route=\/wp\/v2\/posts"}],"about":[{"href":"https:\/\/www.nextmultimedio.com\/index.php?rest_route=\/wp\/v2\/types\/post"}],"author":[{"embeddable":true,"href":"https:\/\/www.nextmultimedio.com\/index.php?rest_route=\/wp\/v2\/users\/1"}],"replies":[{"embeddable":true,"href":"https:\/\/www.nextmultimedio.com\/index.php?rest_route=%2Fwp%2Fv2%2Fcomments&post=8813"}],"version-history":[{"count":1,"href":"https:\/\/www.nextmultimedio.com\/index.php?rest_route=\/wp\/v2\/posts\/8813\/revisions"}],"predecessor-version":[{"id":8815,"href":"https:\/\/www.nextmultimedio.com\/index.php?rest_route=\/wp\/v2\/posts\/8813\/revisions\/8815"}],"wp:featuredmedia":[{"embeddable":true,"href":"https:\/\/www.nextmultimedio.com\/index.php?rest_route=\/wp\/v2\/media\/8814"}],"wp:attachment":[{"href":"https:\/\/www.nextmultimedio.com\/index.php?rest_route=%2Fwp%2Fv2%2Fmedia&parent=8813"}],"wp:term":[{"taxonomy":"category","embeddable":true,"href":"https:\/\/www.nextmultimedio.com\/index.php?rest_route=%2Fwp%2Fv2%2Fcategories&post=8813"},{"taxonomy":"post_tag","embeddable":true,"href":"https:\/\/www.nextmultimedio.com\/index.php?rest_route=%2Fwp%2Fv2%2Ftags&post=8813"}],"curies":[{"name":"wp","href":"https:\/\/api.w.org\/{rel}","templated":true}]}}