{"id":8803,"date":"2024-11-14T10:28:03","date_gmt":"2024-11-14T13:28:03","guid":{"rendered":"https:\/\/www.nextmultimedio.com\/?p=8803"},"modified":"2024-11-14T10:30:51","modified_gmt":"2024-11-14T13:30:51","slug":"verano-en-carlos-pazse-suma-nazarena-velez-a-la-cartelera-teatral-2024-2025","status":"publish","type":"post","link":"https:\/\/www.nextmultimedio.com\/?p=8803","title":{"rendered":"VERANO EN CARLOS PAZ:SE SUMA NAZARENA V\u00c9LEZ A LA CARTELERA TEATRAL 2024\/2025"},"content":{"rendered":"\n<p><\/p>\n\n\n<div class=\"wp-block-image\">\n<figure class=\"aligncenter size-full\"><img loading=\"lazy\" decoding=\"async\" width=\"509\" height=\"600\" src=\"https:\/\/www.nextmultimedio.com\/wp-content\/uploads\/2024\/11\/466798004_1105742298223612_1035132075519059310_n.jpg\" alt=\"\" class=\"wp-image-8804\" srcset=\"https:\/\/www.nextmultimedio.com\/wp-content\/uploads\/2024\/11\/466798004_1105742298223612_1035132075519059310_n.jpg 509w, https:\/\/www.nextmultimedio.com\/wp-content\/uploads\/2024\/11\/466798004_1105742298223612_1035132075519059310_n-255x300.jpg 255w\" sizes=\"auto, (max-width: 509px) 100vw, 509px\" \/><\/figure>\n<\/div>\n\n\n<p>La <a><\/a>actriz se sube a las tablas del Teatro Candilejas 2 con una comedia denominada: &#8220;\u00a1SUSPENDAN LA BODA!&#8221;, y lo har\u00e1 acompa\u00f1ada de su hija Barbie V\u00e9lez , y los actores Santiago Caama\u00f1o (quien adem\u00e1s es su pareja y tambi\u00e9n hizo temporada en la villa )y Facundo Gaband\u00e9.<\/p>\n\n\n\n<p>\u00a1Bienvenida a la villa Nazarena y elenco!<\/p>\n\n\n\n<p><a href=\"https:\/\/l.facebook.com\/l.php?u=https%3A%2F%2Fwww.instagram.com%2F_u%2Fnazarenavelez%3Ffbclid%3DIwZXh0bgNhZW0CMTAAAR3Yfg73qhiQ3Vq2lvl7ju17KAzDx43gsuLS5P3tGwJnyqgOA79JjrPuJc0_aem_Rc7O04wG-YCBy3eq3-3utQ&amp;h=AT1jTH9y4pQsRQ5gqFjWkDXvcFHBfAMx2VGA8AT_wpMC-2vAxTPiS-Hqe2MU_o8wtfqt1aN-EvH5UGH1M6XmqpWX7F7lpSCHdgSl7ijhkmzJlPF0d2agiXCgAQbDeiSx2w&amp;__tn__=-UK-R&amp;c[0]=AT2yQ3oj7_YO1sXr_sLEMCMr50kzLJQ6KBKWz6MrV1LeyL9U2JbV2QNjtwPqJNGUJTPn81jc15oweibPmCdPpkXGw8Qf42tg1QVzgV73ObFZtSV3Kffpt7gMDTtb1deMtazw2uQncXAQOp0XfUTM9znf0cpTJvNGbAu52M9dGEN8MoXJsYcDyprW6iDilIstLy2aFuRtg7k_QebQGqAkfknhBP0\" rel=\"noreferrer noopener\" target=\"_blank\">@nazarenavelez<\/a><\/p>\n\n\n\n<p>@teatro_candilejas<\/p>\n\n\n\n<p><a href=\"https:\/\/l.facebook.com\/l.php?u=https%3A%2F%2Fwww.instagram.com%2F_u%2Fmaxi_cardaci%3Ffbclid%3DIwZXh0bgNhZW0CMTAAAR3v1nCJ0GmrxxCtPeheWXMoox2O_RGUoYRntuOdBKEE4W3v-YLfS2heDe4_aem_Dpc7mlO6fIx01DA_yTxj9w&amp;h=AT2BoN2fN6HitGvt9EmclXLEA93990LGw2Uk7tKlH1I9Tm9tCkSJS4Xyuou3nnnQvl1bseWPmflh4jdIIb9kUKnfwUgK42ZqxeZr0W438YsSF1EGE8pnEnKtwCAgphbqCA&amp;__tn__=-UK-R&amp;c[0]=AT2yQ3oj7_YO1sXr_sLEMCMr50kzLJQ6KBKWz6MrV1LeyL9U2JbV2QNjtwPqJNGUJTPn81jc15oweibPmCdPpkXGw8Qf42tg1QVzgV73ObFZtSV3Kffpt7gMDTtb1deMtazw2uQncXAQOp0XfUTM9znf0cpTJvNGbAu52M9dGEN8MoXJsYcDyprW6iDilIstLy2aFuRtg7k_QebQGqAkfknhBP0\" rel=\"noreferrer noopener\" target=\"_blank\">@maxi_cardaci<\/a><\/p>\n\n\n\n<p><a href=\"https:\/\/www.facebook.com\/photo\/?fbid=1105742294890279&amp;set=a.356501556481027&amp;__cft__[0]=AZWHdPjlyzCy_bMI_su6K2IMpM2SYWL-ZJaNyGq7m4ETf6MJpzsclPh2ckrTPCc7thWGl3xqaIYGbsreOiclLjFoHH3Okkg0sVjMXUSr7Z016Eg_j_lznvqk8eG63xurGkPx50wWKpuCiL1Roh72shgfAy6p8iXS7dYeOmkTlKMdlzhyqxrdG5QG0oBykHe36tw&amp;__tn__=EH-R\"><\/a><\/p>\n","protected":false},"excerpt":{"rendered":"<p>La actriz se sube a las tablas del Teatro Candilejas 2 con una comedia denominada: &#8220;\u00a1SUSPENDAN LA BODA!&#8221;, y lo har\u00e1 acompa\u00f1ada de su hija Barbie V\u00e9lez , y los actores Santiago Caama\u00f1o (quien adem\u00e1s es su pareja y tambi\u00e9n hizo temporada en la villa )y Facundo Gaband\u00e9. \u00a1Bienvenida a la villa Nazarena y elenco! [&hellip;]<\/p>\n","protected":false},"author":1,"featured_media":8804,"comment_status":"closed","ping_status":"closed","sticky":false,"template":"","format":"standard","meta":{"footnotes":""},"categories":[69],"tags":[345],"class_list":["post-8803","post","type-post","status-publish","format-standard","has-post-thumbnail","hentry","category-noticias","tag-destacar"],"_links":{"self":[{"href":"https:\/\/www.nextmultimedio.com\/index.php?rest_route=\/wp\/v2\/posts\/8803","targetHints":{"allow":["GET"]}}],"collection":[{"href":"https:\/\/www.nextmultimedio.com\/index.php?rest_route=\/wp\/v2\/posts"}],"about":[{"href":"https:\/\/www.nextmultimedio.com\/index.php?rest_route=\/wp\/v2\/types\/post"}],"author":[{"embeddable":true,"href":"https:\/\/www.nextmultimedio.com\/index.php?rest_route=\/wp\/v2\/users\/1"}],"replies":[{"embeddable":true,"href":"https:\/\/www.nextmultimedio.com\/index.php?rest_route=%2Fwp%2Fv2%2Fcomments&post=8803"}],"version-history":[{"count":2,"href":"https:\/\/www.nextmultimedio.com\/index.php?rest_route=\/wp\/v2\/posts\/8803\/revisions"}],"predecessor-version":[{"id":8807,"href":"https:\/\/www.nextmultimedio.com\/index.php?rest_route=\/wp\/v2\/posts\/8803\/revisions\/8807"}],"wp:featuredmedia":[{"embeddable":true,"href":"https:\/\/www.nextmultimedio.com\/index.php?rest_route=\/wp\/v2\/media\/8804"}],"wp:attachment":[{"href":"https:\/\/www.nextmultimedio.com\/index.php?rest_route=%2Fwp%2Fv2%2Fmedia&parent=8803"}],"wp:term":[{"taxonomy":"category","embeddable":true,"href":"https:\/\/www.nextmultimedio.com\/index.php?rest_route=%2Fwp%2Fv2%2Fcategories&post=8803"},{"taxonomy":"post_tag","embeddable":true,"href":"https:\/\/www.nextmultimedio.com\/index.php?rest_route=%2Fwp%2Fv2%2Ftags&post=8803"}],"curies":[{"name":"wp","href":"https:\/\/api.w.org\/{rel}","templated":true}]}}