{"id":8777,"date":"2024-11-12T18:53:51","date_gmt":"2024-11-12T21:53:51","guid":{"rendered":"https:\/\/www.nextmultimedio.com\/?p=8777"},"modified":"2024-11-12T18:53:51","modified_gmt":"2024-11-12T21:53:51","slug":"recuperaron-la-camioneta-robada-cuando-fue-a-comer","status":"publish","type":"post","link":"https:\/\/www.nextmultimedio.com\/?p=8777","title":{"rendered":"RECUPERARON LA CAMIONETA ROBADA CUANDO FUE A COMER"},"content":{"rendered":"<div class=\"wp-block-image\">\n<figure class=\"aligncenter size-full is-resized\"><img loading=\"lazy\" decoding=\"async\" width=\"300\" height=\"168\" src=\"https:\/\/www.nextmultimedio.com\/wp-content\/uploads\/2024\/11\/descarga-2.jpg\" alt=\"\" class=\"wp-image-8778\" style=\"width:570px;height:auto\"\/><\/figure>\n<\/div>\n\n\n<p>Hab\u00eda vuelto a la ciudad despu\u00e9s de dos a\u00f1os de viajar por sudam\u00e9rica, y al estacionarla en pleno centro, para juntarse con unos amigos, se la sustrajeron. Ayer fu\u00e9 encontrada en C\u00f3rdoba.<\/p>\n\n\n\n<p>&#8220;El viernes me fui a cenar con unos amigos, dej\u00e9 la camioneta a las 21 hs en calle Tupungato y cuando volv\u00ed desapareci\u00f3.Nunca pens\u00e9 que en la villa me iba a desaparecer mi camioneta . y agreg\u00f3 &#8220;Creo que toda la movida que se hizo, se logr\u00f3 encontrar la camioneta&#8221;coment\u00f3 al noticiero &#8220;VCP Hoy&#8221; el propietario Daniel Gil.<\/p>\n\n\n\n<p>Tras la denuncia del robo, la Polic\u00eda inici\u00f3 una investigaci\u00f3n y logr\u00f3 ubicar el veh\u00edculo en la ciudad de C\u00f3rdoba. En la ma\u00f1ana del lunes, agentes hallaron la camioneta en un domicilio deshabitado en el barrio Parque de las Rosas, durante un patrullaje preventivo en Manzana 43 Lote 10 del mencionado barrio. En el mismo lugar, tambi\u00e9n se recuper\u00f3 una motocicleta Keller 110 cc con pedido judicial.<\/p>\n\n\n\n<p>Ambos veh\u00edculos fueron trasladados a sede policial y quedaron a disposici\u00f3n de la Justicia.<\/p>\n","protected":false},"excerpt":{"rendered":"<p>Hab\u00eda vuelto a la ciudad despu\u00e9s de dos a\u00f1os de viajar por sudam\u00e9rica, y al estacionarla en pleno centro, para juntarse con unos amigos, se la sustrajeron. Ayer fu\u00e9 encontrada en C\u00f3rdoba. &#8220;El viernes me fui a cenar con unos amigos, dej\u00e9 la camioneta a las 21 hs en calle Tupungato y cuando volv\u00ed desapareci\u00f3.Nunca [&hellip;]<\/p>\n","protected":false},"author":1,"featured_media":8778,"comment_status":"closed","ping_status":"closed","sticky":false,"template":"","format":"standard","meta":{"footnotes":""},"categories":[69],"tags":[345],"class_list":["post-8777","post","type-post","status-publish","format-standard","has-post-thumbnail","hentry","category-noticias","tag-destacar"],"_links":{"self":[{"href":"https:\/\/www.nextmultimedio.com\/index.php?rest_route=\/wp\/v2\/posts\/8777","targetHints":{"allow":["GET"]}}],"collection":[{"href":"https:\/\/www.nextmultimedio.com\/index.php?rest_route=\/wp\/v2\/posts"}],"about":[{"href":"https:\/\/www.nextmultimedio.com\/index.php?rest_route=\/wp\/v2\/types\/post"}],"author":[{"embeddable":true,"href":"https:\/\/www.nextmultimedio.com\/index.php?rest_route=\/wp\/v2\/users\/1"}],"replies":[{"embeddable":true,"href":"https:\/\/www.nextmultimedio.com\/index.php?rest_route=%2Fwp%2Fv2%2Fcomments&post=8777"}],"version-history":[{"count":1,"href":"https:\/\/www.nextmultimedio.com\/index.php?rest_route=\/wp\/v2\/posts\/8777\/revisions"}],"predecessor-version":[{"id":8779,"href":"https:\/\/www.nextmultimedio.com\/index.php?rest_route=\/wp\/v2\/posts\/8777\/revisions\/8779"}],"wp:featuredmedia":[{"embeddable":true,"href":"https:\/\/www.nextmultimedio.com\/index.php?rest_route=\/wp\/v2\/media\/8778"}],"wp:attachment":[{"href":"https:\/\/www.nextmultimedio.com\/index.php?rest_route=%2Fwp%2Fv2%2Fmedia&parent=8777"}],"wp:term":[{"taxonomy":"category","embeddable":true,"href":"https:\/\/www.nextmultimedio.com\/index.php?rest_route=%2Fwp%2Fv2%2Fcategories&post=8777"},{"taxonomy":"post_tag","embeddable":true,"href":"https:\/\/www.nextmultimedio.com\/index.php?rest_route=%2Fwp%2Fv2%2Ftags&post=8777"}],"curies":[{"name":"wp","href":"https:\/\/api.w.org\/{rel}","templated":true}]}}