{"id":8767,"date":"2024-11-11T17:40:17","date_gmt":"2024-11-11T20:40:17","guid":{"rendered":"https:\/\/www.nextmultimedio.com\/?p=8767"},"modified":"2024-11-11T17:40:18","modified_gmt":"2024-11-11T20:40:18","slug":"como-acceder-a-la-edicion-2024-del-programa-primer-paso","status":"publish","type":"post","link":"https:\/\/www.nextmultimedio.com\/?p=8767","title":{"rendered":"C\u00d3MO ACCEDER A LA EDICI\u00d3N 2024 DEL PROGRAMA PRIMER PASO"},"content":{"rendered":"<div class=\"wp-block-image\">\n<figure class=\"aligncenter size-full\"><img loading=\"lazy\" decoding=\"async\" width=\"990\" height=\"660\" src=\"https:\/\/www.nextmultimedio.com\/wp-content\/uploads\/2024\/11\/ppp-1-1.jpg\" alt=\"\" class=\"wp-image-8768\" srcset=\"https:\/\/www.nextmultimedio.com\/wp-content\/uploads\/2024\/11\/ppp-1-1.jpg 990w, https:\/\/www.nextmultimedio.com\/wp-content\/uploads\/2024\/11\/ppp-1-1-300x200.jpg 300w, https:\/\/www.nextmultimedio.com\/wp-content\/uploads\/2024\/11\/ppp-1-1-768x512.jpg 768w\" sizes=\"auto, (max-width: 990px) 100vw, 990px\" \/><\/figure>\n<\/div>\n\n\n<p>Cuando se cumplen 25 a\u00f1os del&nbsp;<a href=\"https:\/\/prensa.cba.gov.ar\/informacion-general\/llaryora-lanzo-una-nueva-edicion-del-programa-primer-paso\/\" target=\"_blank\" rel=\"noreferrer noopener\">Programa Primer Paso<\/a>, el gobernador Mart\u00edn Llaryora anunci\u00f3 una nueva edici\u00f3n de esta emblem\u00e1tica pol\u00edtica de Estado.<\/p>\n\n\n\n<p>Las inscripciones ya est\u00e1n abiertas y se extender\u00e1n hasta el pr\u00f3ximo 16 de diciembre a trav\u00e9s de la p\u00e1gina web&nbsp;<a href=\"https:\/\/desarrolloyempleo.cba.gov.ar\/\" target=\"_blank\" rel=\"noreferrer noopener\">desarrolloyempleo.cba.gov.ar.<\/a><\/p>\n\n\n\n<p>La iniciativa busca crear oportunidades para que 15 mil j\u00f3venes de 16 a 25 a\u00f1os accedan a su primera experiencia laboral y eleven su potencial mediante procesos de capacitaci\u00f3n y entrenamientos en ambientes de trabajo.<\/p>\n\n\n\n<p>Al respecto, la ministra de Desarrollo Social y Promoci\u00f3n del Empleo, Laura Jure, expres\u00f3: \u201c<em>Con mucho orgullo podemos decir que ponemos en marcha despu\u00e9s de 25 a\u00f1os una nueva edici\u00f3n del Programa Primer Paso, que le da la oportunidad a muchos j\u00f3venes de insertarse en el mercado laboral. Y lo podemos hacer porque hay un Gobierno que decide trabajar en conjunto con el sector privado\u201d<\/em>.<\/p>\n\n\n\n<p>Adem\u00e1s, explic\u00f3 que muchas veces se le pide a la juventud que tenga experiencia, y \u201c<em>si no le damos una oportunidad es dif\u00edcil<\/em>\u201d.<\/p>\n\n\n\n<p>\u201c<em>En la pr\u00e1ctica laboral, el privado no s\u00f3lo aporta el cofinanciamiento que se hace de la asignaci\u00f3n est\u00edmulo, sino que adem\u00e1s abre las puertas y acompa\u00f1a el proceso de aprendizaje de los j\u00f3venes que van a empezar a capacitarse y a trabajar<\/em>\u201d, destac\u00f3.<audio src=\"https:\/\/prensa.cba.gov.ar\/wp-content\/uploads\/2024\/11\/Ministra-Jure-Plan-Primer-Paso.mp3\"><\/audio><\/p>\n\n\n\n<p>El PPP est\u00e1 destinado a j\u00f3venes que se encuentren desempleados, que no cuenten con experiencia laboral relevante y que vivan en la provincia de C\u00f3rdoba, con prioridad para habitantes de la regi\u00f3n noroeste y departamentos Roque S\u00e1enz Pe\u00f1a y General Roca.<\/p>\n\n\n\n<h4 class=\"wp-block-heading\">Dos modalidades<\/h4>\n\n\n\n<p><strong>Relaci\u00f3n de dependencia (CTI)<\/strong><\/p>\n\n\n\n<ul class=\"wp-block-list\">\n<li><strong>Cupo:&nbsp;<\/strong>7.500 trabajadores que ingresar\u00e1n directamente hasta agotar cupo.<\/li>\n\n\n\n<li><strong>Remuneraci\u00f3n:&nbsp;<\/strong>ser\u00e1 de acuerdo al convenio colectivo del rubro en el que se desempe\u00f1ar\u00e1 el trabajador.<\/li>\n\n\n\n<li><strong>Aporte estatal:&nbsp;<\/strong>ser\u00e1 de 1 salario m\u00ednimo vital y m\u00f3vil por 12 meses, mientras que para los departamentos del Norte y Oeste cordob\u00e9s, Roque S\u00e1enz Pe\u00f1a y General Roca, alcanzar\u00e1 el 1.5 SMVM. A su vez, si el trabajador re\u00fane los requisitos podr\u00e1 acceder al Boleto Obrero Social (BOS).<\/li>\n\n\n\n<li><strong>Aporte estatal a empresas:&nbsp;<\/strong>Por 12 meses 1 Salario m\u00ednimo vital y m\u00f3vil. 1.5 Salario m\u00ednimo vital y m\u00f3vil para personas de NOC, Roque S\u00e1enz Pe\u00f1a y General Roca.<\/li>\n\n\n\n<li><strong>Inscripci\u00f3n de postulantes:&nbsp;<\/strong>La postulaci\u00f3n est\u00e1 a cargo del responsable legal de la empresa.<\/li>\n<\/ul>\n\n\n\n<p><strong>Pr\u00e1ctica Laboral<\/strong><\/p>\n\n\n\n<ul class=\"wp-block-list\">\n<li><strong>Cupo:&nbsp;<\/strong>7.500 trabajadores que ingresar\u00e1n por sorteo a trav\u00e9s de la Loter\u00eda de C\u00f3rdoba. El 25% del cupo estar\u00e1 garantizado para personas que residan en Norte y Oeste cordob\u00e9s, Roque S\u00e1enz Pe\u00f1a y General Roca; personas con discapacidad y trasplantados; y personas en situaci\u00f3n de alta vulnerabilidad.<\/li>\n\n\n\n<li><strong>Pr\u00e1ctica laboral:&nbsp;<\/strong>20 horas semanales, por 6 meses, con capacitaciones. Tendr\u00e1n la posibilidad de seguir en el programa por otro semestre, incorpor\u00e1ndose en la empresa a trav\u00e9s de la modalidad Relaci\u00f3n de Dependencia.<\/li>\n\n\n\n<li><strong>Capacitaciones:<\/strong>&nbsp;Ser\u00e1n certificadas y estar\u00e1n dispuestas por la empresa de acuerdo a las exigencias que demanda el rubro y el puesto a desempe\u00f1ar. Tambi\u00e9n tendr\u00e1 la posibilidad de realizar capacitaciones complementarias a trav\u00e9s del Campus C\u00f3rdoba que potencien sus habilidades y aumenten sus competencias.<\/li>\n\n\n\n<li><strong>Asignaci\u00f3n est\u00edmulo:&nbsp;<\/strong>Un salario m\u00ednimo, vital y m\u00f3vil (SMVM) cofinanciado con el sector privado. A su vez contar\u00e1n con acceso al Boleto Obrero Social (BOS).<\/li>\n\n\n\n<li><strong>Aporte estatal a empresas:&nbsp;<\/strong>Entre 25 y 50 por ciento de acuerdo a la cantidad de empleados, por 6 meses. Para beneficiarios del Norte y Oeste cordob\u00e9s, Roque Saenz Pe\u00f1a y General Roca, el aporte se incrementa un 20 por ciento.<\/li>\n<\/ul>\n\n\n\n<p><strong>Cupo de beneficiarios para empresas:<\/strong><\/p>\n\n\n\n<ul class=\"wp-block-list\">\n<li>Sin empleados: Ning\u00fan beneficiario (Empresas del NOC sin empleados podr\u00e1n incorporar 1 beneficiario).<\/li>\n\n\n\n<li>1 a 5 empleados: 1 beneficiario.<\/li>\n\n\n\n<li>6 a 10 empleados: Hasta 2 beneficiarios.<\/li>\n\n\n\n<li>11 a 25 empleados: Hasta 3 beneficiarios.<\/li>\n\n\n\n<li>26 a 50 empleados: Hasta el 20% de su planta de personal.<\/li>\n\n\n\n<li>M\u00e1s de 50 empleados: Hasta el 10% de su planta de personal.<\/li>\n<\/ul>\n\n\n\n<h4 class=\"wp-block-heading\">Inscripciones<\/h4>\n\n\n\n<p><strong>Postulantes<\/strong><\/p>\n\n\n\n<ol class=\"wp-block-list\">\n<li>Buscar una empresa en la que realizar\u00eda su pr\u00e1ctica laboral.<\/li>\n\n\n\n<li>Completar el formulario \u00fanico de postulantes (FUP) con sus datos y los de la empresa.<\/li>\n\n\n\n<li>Gestionar la aceptaci\u00f3n de la empresa en el sistema para finalizar la postulaci\u00f3n.<\/li>\n<\/ol>\n\n\n\n<p><strong>Empresas<\/strong><\/p>\n\n\n\n<ol class=\"wp-block-list\">\n<li>Realizar la representaci\u00f3n legal en CiDi para adherirla al servicio \u00abProgramas de Empleo\u00bb. Monotributistas o Responsables Inscriptos no necesitan realizarlo.<\/li>\n\n\n\n<li>Completar el formulario en programasempleo.cba.gov.ar con los datos y los puestos vacantes a cubrir.<\/li>\n\n\n\n<li>Seleccionar postulantes y aceptarlos en el sistema para finalizar el proceso.<\/li>\n<\/ol>\n\n\n\n<p><object data=\"https:\/\/prensa.cba.gov.ar\/wp-content\/uploads\/2024\/11\/Presentacio%CC%81n-PPP.pdf\" type=\"application\/pdf\"><\/object><\/p>\n","protected":false},"excerpt":{"rendered":"<p>Cuando se cumplen 25 a\u00f1os del&nbsp;Programa Primer Paso, el gobernador Mart\u00edn Llaryora anunci\u00f3 una nueva edici\u00f3n de esta emblem\u00e1tica pol\u00edtica de Estado. Las inscripciones ya est\u00e1n abiertas y se extender\u00e1n hasta el pr\u00f3ximo 16 de diciembre a trav\u00e9s de la p\u00e1gina web&nbsp;desarrolloyempleo.cba.gov.ar. La iniciativa busca crear oportunidades para que 15 mil j\u00f3venes de 16 a [&hellip;]<\/p>\n","protected":false},"author":1,"featured_media":8768,"comment_status":"closed","ping_status":"closed","sticky":false,"template":"","format":"standard","meta":{"footnotes":""},"categories":[69],"tags":[345],"class_list":["post-8767","post","type-post","status-publish","format-standard","has-post-thumbnail","hentry","category-noticias","tag-destacar"],"_links":{"self":[{"href":"https:\/\/www.nextmultimedio.com\/index.php?rest_route=\/wp\/v2\/posts\/8767","targetHints":{"allow":["GET"]}}],"collection":[{"href":"https:\/\/www.nextmultimedio.com\/index.php?rest_route=\/wp\/v2\/posts"}],"about":[{"href":"https:\/\/www.nextmultimedio.com\/index.php?rest_route=\/wp\/v2\/types\/post"}],"author":[{"embeddable":true,"href":"https:\/\/www.nextmultimedio.com\/index.php?rest_route=\/wp\/v2\/users\/1"}],"replies":[{"embeddable":true,"href":"https:\/\/www.nextmultimedio.com\/index.php?rest_route=%2Fwp%2Fv2%2Fcomments&post=8767"}],"version-history":[{"count":1,"href":"https:\/\/www.nextmultimedio.com\/index.php?rest_route=\/wp\/v2\/posts\/8767\/revisions"}],"predecessor-version":[{"id":8769,"href":"https:\/\/www.nextmultimedio.com\/index.php?rest_route=\/wp\/v2\/posts\/8767\/revisions\/8769"}],"wp:featuredmedia":[{"embeddable":true,"href":"https:\/\/www.nextmultimedio.com\/index.php?rest_route=\/wp\/v2\/media\/8768"}],"wp:attachment":[{"href":"https:\/\/www.nextmultimedio.com\/index.php?rest_route=%2Fwp%2Fv2%2Fmedia&parent=8767"}],"wp:term":[{"taxonomy":"category","embeddable":true,"href":"https:\/\/www.nextmultimedio.com\/index.php?rest_route=%2Fwp%2Fv2%2Fcategories&post=8767"},{"taxonomy":"post_tag","embeddable":true,"href":"https:\/\/www.nextmultimedio.com\/index.php?rest_route=%2Fwp%2Fv2%2Ftags&post=8767"}],"curies":[{"name":"wp","href":"https:\/\/api.w.org\/{rel}","templated":true}]}}