{"id":8754,"date":"2024-11-10T20:34:40","date_gmt":"2024-11-10T23:34:40","guid":{"rendered":"https:\/\/www.nextmultimedio.com\/?p=8754"},"modified":"2024-11-10T20:34:40","modified_gmt":"2024-11-10T23:34:40","slug":"en-campo-de-mayo-la-policia-de-cordoba-se-destaco-por-ser-la-primer-fuerza-policial-del-pais-con-doble-armamento","status":"publish","type":"post","link":"https:\/\/www.nextmultimedio.com\/?p=8754","title":{"rendered":"EN CAMPO DE MAYO, LA POLIC\u00cdA DE C\u00d3RDOBA SE DESTAC\u00d3 POR SER LA PRIMER FUERZA POLICIAL DEL PA\u00cdS CON DOBLE ARMAMENTO"},"content":{"rendered":"<div class=\"wp-block-image\">\n<figure class=\"aligncenter size-full\"><img loading=\"lazy\" decoding=\"async\" width=\"600\" height=\"534\" src=\"https:\/\/www.nextmultimedio.com\/wp-content\/uploads\/2024\/11\/464869456_18276423685243999_8236823437268916793_n-1.jpg\" alt=\"\" class=\"wp-image-8755\" srcset=\"https:\/\/www.nextmultimedio.com\/wp-content\/uploads\/2024\/11\/464869456_18276423685243999_8236823437268916793_n-1.jpg 600w, https:\/\/www.nextmultimedio.com\/wp-content\/uploads\/2024\/11\/464869456_18276423685243999_8236823437268916793_n-1-300x267.jpg 300w\" sizes=\"auto, (max-width: 600px) 100vw, 600px\" \/><\/figure>\n<\/div>\n\n\n<p>El ministro de Seguridad, Juan Pablo Quinteros, junto al jefe de la Polic\u00eda de C\u00f3rdoba, Crio. Gral Lic. Leonardo Gutierrez participaron este s\u00e1bado 09 de noviembre en la provincia de Buenos Aires del Evento de Seguridad y Defensa que organiza la marca Bersa, que se realiza este fin de semana en la guarnici\u00f3n militar de Campo de Mayo. Del encuentro participaron las <a><\/a>fuerzas de seguridad federales, adem\u00e1s de representantes del Ej\u00e9rcito Argentino.<\/p>\n\n\n\n<p>Acompa\u00f1aron al ministro y al jefe de polic\u00eda, el subsecretario de Coordinaci\u00f3n Operativa del Ministerio de Seguridad, Walter Gomez, el director general de Seguridad Capital, Crio. Gral. Cristian Mazza, y dem\u00e1s miembros de la fuerza policial provincial.<\/p>\n\n\n\n<p>Lo que motiv\u00f3 la presencia de la delegaci\u00f3n cordobesa concretamente fue que la Polic\u00eda de C\u00f3rdoba es la primera fuerza policial del pa\u00eds equipada con doble armamento. En total, a la fecha la fuerza policial tiene en su poder un total de 15.000 armas de baja letalidad, y para fines de este a\u00f1o alcanzar\u00e1 el 100% de sus efectivos policiales equipados con armas de letalidad reducida (identificadas por su caracter\u00edstico color anaranjado), adem\u00e1s de la cl\u00e1sica arma reglamentaria 9mm.<\/p>\n\n\n\n<p>Durante el evento, en el pol\u00edgono de tiro de la guarnici\u00f3n militar 12 miembros de la fuerza policial cordobesa realizaron un simulacro de intervenci\u00f3n con arma no letal. En el lugar se encontraba presente la vicepresidenta de la Naci\u00f3n, Victoria Villarruel, junto a la secretaria de Seguridad de la Naci\u00f3n, Alejandra Monteoliva, adem\u00e1s de otras autoridades de los Ministerios de Seguridad y Defensa de la Naci\u00f3n.<\/p>\n\n\n\n<p>&#8220;La decisi\u00f3n del gobernador Llaryora de equipar al 100% de nuestra fuerza policial ten\u00eda que ver con sumar tecnolog\u00eda. En el uso escalonado de la fuerza, el polic\u00eda en calle ten\u00eda dos alternarivas, la fuerza f\u00edsica, cuerpo a cuerpo, y su arma reglamentaria 9mm. Hoy, en ese uso escalonado el polic\u00eda suma una v\u00eda intermedia, con equipamiento que permite intervenciones con baj\u00edsimos indices de letalidad y de da\u00f1o f\u00edsico, tanto del personal policial como de civiles.<\/p>\n\n\n\n<p><a href=\"https:\/\/www.facebook.com\/photo\/?fbid=1102361041895071&amp;set=pcb.1102361118561730&amp;__cft__[0]=AZWRg6wH9_L__cQsA6fx_sI96M_Z0yjpHFKB2iHG-P05Q9jW4rchhsVuvkwaII8AZNN5iQ77DnDop50Vsyv9ZyfYZjUhGc7YveLzRlfyeZowPabKLaz_SV7VR1jr0tWYbRJD6YWpLOkcPo3yG6M_wMw6D6felvOXnhCaS061kZC-BFKP_EsgPFLhbX5Vpghmyyo&amp;__tn__=*bH-R\"><\/a><\/p>\n\n\n\n<figure class=\"wp-block-image\"><a href=\"https:\/\/www.facebook.com\/photo\/?fbid=1102361041895071&amp;set=pcb.1102361118561730&amp;__cft__[0]=AZWRg6wH9_L__cQsA6fx_sI96M_Z0yjpHFKB2iHG-P05Q9jW4rchhsVuvkwaII8AZNN5iQ77DnDop50Vsyv9ZyfYZjUhGc7YveLzRlfyeZowPabKLaz_SV7VR1jr0tWYbRJD6YWpLOkcPo3yG6M_wMw6D6felvOXnhCaS061kZC-BFKP_EsgPFLhbX5Vpghmyyo&amp;__tn__=*bH-R\"><img decoding=\"async\" src=\"https:\/\/scontent.fcor10-3.fna.fbcdn.net\/v\/t39.30808-6\/466480586_1102361048561737_252774410789849411_n.jpg?stp=dst-jpg_s600x600&amp;_nc_cat=105&amp;ccb=1-7&amp;_nc_sid=127cfc&amp;_nc_eui2=AeH_YCE1LIraPI4uHpSml47duKCq_NaiRU64oKr81qJFTgrvYPhiRk5RVoqFu_jXcUc&amp;_nc_ohc=AoZJaCqI9CMQ7kNvgF1ezGL&amp;_nc_zt=23&amp;_nc_ht=scontent.fcor10-3.fna&amp;_nc_gid=A4YfOTOTR8yW_MbTnjm-Ml3&amp;oh=00_AYAzGiqqwuVAOUew4cbBmkl_M-o5bSwDfHhFqRdOD6f2kg&amp;oe=67372140\" alt=\"\"\/><\/a><\/figure>\n\n\n\n<p><a href=\"https:\/\/www.facebook.com\/photo\/?fbid=1102361008561741&amp;set=pcb.1102361118561730&amp;__cft__[0]=AZWRg6wH9_L__cQsA6fx_sI96M_Z0yjpHFKB2iHG-P05Q9jW4rchhsVuvkwaII8AZNN5iQ77DnDop50Vsyv9ZyfYZjUhGc7YveLzRlfyeZowPabKLaz_SV7VR1jr0tWYbRJD6YWpLOkcPo3yG6M_wMw6D6felvOXnhCaS061kZC-BFKP_EsgPFLhbX5Vpghmyyo&amp;__tn__=*bH-R\"><\/a><\/p>\n\n\n\n<figure class=\"wp-block-image\"><a href=\"https:\/\/www.facebook.com\/photo\/?fbid=1102361008561741&amp;set=pcb.1102361118561730&amp;__cft__[0]=AZWRg6wH9_L__cQsA6fx_sI96M_Z0yjpHFKB2iHG-P05Q9jW4rchhsVuvkwaII8AZNN5iQ77DnDop50Vsyv9ZyfYZjUhGc7YveLzRlfyeZowPabKLaz_SV7VR1jr0tWYbRJD6YWpLOkcPo3yG6M_wMw6D6felvOXnhCaS061kZC-BFKP_EsgPFLhbX5Vpghmyyo&amp;__tn__=*bH-R\"><img decoding=\"async\" src=\"https:\/\/scontent.fcor10-3.fna.fbcdn.net\/v\/t39.30808-6\/465899808_1102361045228404_1992319143264855149_n.jpg?stp=dst-jpg_s600x600&amp;_nc_cat=107&amp;ccb=1-7&amp;_nc_sid=127cfc&amp;_nc_eui2=AeGMAkIH13nKw2e8dOSNbB7T8akgD-S-TZjxqSAP5L5NmLcv7xg2vVXPrnygBrAXiIQ&amp;_nc_ohc=40Sz-ROfyMkQ7kNvgGpzx8p&amp;_nc_zt=23&amp;_nc_ht=scontent.fcor10-3.fna&amp;_nc_gid=A4YfOTOTR8yW_MbTnjm-Ml3&amp;oh=00_AYAaxcoPTDTiDpyG8OnbC0ucKO1ripZCm3c5ObryoLa7Fw&amp;oe=67372168\" alt=\"\"\/><\/a><\/figure>\n\n\n\n<p><a href=\"https:\/\/www.facebook.com\/photo\/?fbid=1102361018561740&amp;set=pcb.1102361118561730&amp;__cft__[0]=AZWRg6wH9_L__cQsA6fx_sI96M_Z0yjpHFKB2iHG-P05Q9jW4rchhsVuvkwaII8AZNN5iQ77DnDop50Vsyv9ZyfYZjUhGc7YveLzRlfyeZowPabKLaz_SV7VR1jr0tWYbRJD6YWpLOkcPo3yG6M_wMw6D6felvOXnhCaS061kZC-BFKP_EsgPFLhbX5Vpghmyyo&amp;__tn__=*bH-R\"><\/a><\/p>\n\n\n\n<figure class=\"wp-block-image\"><a href=\"https:\/\/www.facebook.com\/photo\/?fbid=1102361018561740&amp;set=pcb.1102361118561730&amp;__cft__[0]=AZWRg6wH9_L__cQsA6fx_sI96M_Z0yjpHFKB2iHG-P05Q9jW4rchhsVuvkwaII8AZNN5iQ77DnDop50Vsyv9ZyfYZjUhGc7YveLzRlfyeZowPabKLaz_SV7VR1jr0tWYbRJD6YWpLOkcPo3yG6M_wMw6D6felvOXnhCaS061kZC-BFKP_EsgPFLhbX5Vpghmyyo&amp;__tn__=*bH-R\"><img decoding=\"async\" src=\"https:\/\/scontent.fcor10-3.fna.fbcdn.net\/v\/t39.30808-6\/466503696_1102361051895070_7936994830265052737_n.jpg?stp=dst-jpg_s600x600&amp;_nc_cat=101&amp;ccb=1-7&amp;_nc_sid=127cfc&amp;_nc_eui2=AeFAewgCnhYf8XIk8ZdfsJsArNuavuxohTKs25q-7GiFMj877CLpoMa2JGKpOWRIAkQ&amp;_nc_ohc=_1KcOONN2N0Q7kNvgEQAvu6&amp;_nc_zt=23&amp;_nc_ht=scontent.fcor10-3.fna&amp;_nc_gid=A4YfOTOTR8yW_MbTnjm-Ml3&amp;oh=00_AYA45l8s3AlkpWBcXbdMpM9bP9DS0BNW3wuJTVs70b1j3g&amp;oe=6736FB35\" alt=\"\"\/><\/a><\/figure>\n\n\n\n<p><a href=\"https:\/\/www.facebook.com\/photo\/?fbid=1102361028561739&amp;set=pcb.1102361118561730&amp;__cft__[0]=AZWRg6wH9_L__cQsA6fx_sI96M_Z0yjpHFKB2iHG-P05Q9jW4rchhsVuvkwaII8AZNN5iQ77DnDop50Vsyv9ZyfYZjUhGc7YveLzRlfyeZowPabKLaz_SV7VR1jr0tWYbRJD6YWpLOkcPo3yG6M_wMw6D6felvOXnhCaS061kZC-BFKP_EsgPFLhbX5Vpghmyyo&amp;__tn__=*bH-R\"><\/a><\/p>\n\n\n\n<figure class=\"wp-block-image\"><a href=\"https:\/\/www.facebook.com\/photo\/?fbid=1102361028561739&amp;set=pcb.1102361118561730&amp;__cft__[0]=AZWRg6wH9_L__cQsA6fx_sI96M_Z0yjpHFKB2iHG-P05Q9jW4rchhsVuvkwaII8AZNN5iQ77DnDop50Vsyv9ZyfYZjUhGc7YveLzRlfyeZowPabKLaz_SV7VR1jr0tWYbRJD6YWpLOkcPo3yG6M_wMw6D6felvOXnhCaS061kZC-BFKP_EsgPFLhbX5Vpghmyyo&amp;__tn__=*bH-R\"><img decoding=\"async\" src=\"https:\/\/scontent.fcor10-3.fna.fbcdn.net\/v\/t39.30808-6\/465898032_1102361058561736_6895305423060195793_n.jpg?stp=dst-jpg_s600x600&amp;_nc_cat=107&amp;ccb=1-7&amp;_nc_sid=127cfc&amp;_nc_eui2=AeGrbdS8mBFY-yWaV_2NVy01cgGbLhh7P7RyAZsuGHs_tOMmgp19XqtZv4-ZWfOmZG0&amp;_nc_ohc=JEaTxvbeGssQ7kNvgEl_8YL&amp;_nc_zt=23&amp;_nc_ht=scontent.fcor10-3.fna&amp;_nc_gid=A4YfOTOTR8yW_MbTnjm-Ml3&amp;oh=00_AYCaJwlKJ5TnuxX3SVXDZ25uMRpb_wiUXd76po_uPvYEcw&amp;oe=6736FB1D\" alt=\"\"\/><\/a><\/figure>\n\n\n\n<p><a href=\"https:\/\/www.facebook.com\/photo\/?fbid=1102361021895073&amp;set=pcb.1102361118561730&amp;__cft__[0]=AZWRg6wH9_L__cQsA6fx_sI96M_Z0yjpHFKB2iHG-P05Q9jW4rchhsVuvkwaII8AZNN5iQ77DnDop50Vsyv9ZyfYZjUhGc7YveLzRlfyeZowPabKLaz_SV7VR1jr0tWYbRJD6YWpLOkcPo3yG6M_wMw6D6felvOXnhCaS061kZC-BFKP_EsgPFLhbX5Vpghmyyo&amp;__tn__=*bH-R\"><\/a><\/p>\n\n\n\n<figure class=\"wp-block-image\"><a href=\"https:\/\/www.facebook.com\/photo\/?fbid=1102361021895073&amp;set=pcb.1102361118561730&amp;__cft__[0]=AZWRg6wH9_L__cQsA6fx_sI96M_Z0yjpHFKB2iHG-P05Q9jW4rchhsVuvkwaII8AZNN5iQ77DnDop50Vsyv9ZyfYZjUhGc7YveLzRlfyeZowPabKLaz_SV7VR1jr0tWYbRJD6YWpLOkcPo3yG6M_wMw6D6felvOXnhCaS061kZC-BFKP_EsgPFLhbX5Vpghmyyo&amp;__tn__=*bH-R\"><img decoding=\"async\" src=\"https:\/\/scontent.fcor10-3.fna.fbcdn.net\/v\/t39.30808-6\/466484902_1102361055228403_5833364629141353317_n.jpg?stp=dst-jpg_s600x600&amp;_nc_cat=104&amp;ccb=1-7&amp;_nc_sid=127cfc&amp;_nc_eui2=AeGL2rqeRWdYwVddmzEiDF-gkb5QXOJovWCRvlBc4mi9YE0yUqMtYwDsqVOv4CBfSbA&amp;_nc_ohc=nG2-_lpFxT4Q7kNvgGIj9HE&amp;_nc_zt=23&amp;_nc_ht=scontent.fcor10-3.fna&amp;_nc_gid=A4YfOTOTR8yW_MbTnjm-Ml3&amp;oh=00_AYCHrs3e-OIt7MMOWUx8UjkC4mVc3k_GKpLQ8h_tdYo9FQ&amp;oe=67370B9B\" alt=\"\"\/><\/a><\/figure>\n\n\n\n<p><\/p>\n","protected":false},"excerpt":{"rendered":"<p>El ministro de Seguridad, Juan Pablo Quinteros, junto al jefe de la Polic\u00eda de C\u00f3rdoba, Crio. Gral Lic. Leonardo Gutierrez participaron este s\u00e1bado 09 de noviembre en la provincia de Buenos Aires del Evento de Seguridad y Defensa que organiza la marca Bersa, que se realiza este fin de semana en la guarnici\u00f3n militar de [&hellip;]<\/p>\n","protected":false},"author":1,"featured_media":8755,"comment_status":"closed","ping_status":"closed","sticky":false,"template":"","format":"standard","meta":{"footnotes":""},"categories":[69],"tags":[345],"class_list":["post-8754","post","type-post","status-publish","format-standard","has-post-thumbnail","hentry","category-noticias","tag-destacar"],"_links":{"self":[{"href":"https:\/\/www.nextmultimedio.com\/index.php?rest_route=\/wp\/v2\/posts\/8754","targetHints":{"allow":["GET"]}}],"collection":[{"href":"https:\/\/www.nextmultimedio.com\/index.php?rest_route=\/wp\/v2\/posts"}],"about":[{"href":"https:\/\/www.nextmultimedio.com\/index.php?rest_route=\/wp\/v2\/types\/post"}],"author":[{"embeddable":true,"href":"https:\/\/www.nextmultimedio.com\/index.php?rest_route=\/wp\/v2\/users\/1"}],"replies":[{"embeddable":true,"href":"https:\/\/www.nextmultimedio.com\/index.php?rest_route=%2Fwp%2Fv2%2Fcomments&post=8754"}],"version-history":[{"count":1,"href":"https:\/\/www.nextmultimedio.com\/index.php?rest_route=\/wp\/v2\/posts\/8754\/revisions"}],"predecessor-version":[{"id":8756,"href":"https:\/\/www.nextmultimedio.com\/index.php?rest_route=\/wp\/v2\/posts\/8754\/revisions\/8756"}],"wp:featuredmedia":[{"embeddable":true,"href":"https:\/\/www.nextmultimedio.com\/index.php?rest_route=\/wp\/v2\/media\/8755"}],"wp:attachment":[{"href":"https:\/\/www.nextmultimedio.com\/index.php?rest_route=%2Fwp%2Fv2%2Fmedia&parent=8754"}],"wp:term":[{"taxonomy":"category","embeddable":true,"href":"https:\/\/www.nextmultimedio.com\/index.php?rest_route=%2Fwp%2Fv2%2Fcategories&post=8754"},{"taxonomy":"post_tag","embeddable":true,"href":"https:\/\/www.nextmultimedio.com\/index.php?rest_route=%2Fwp%2Fv2%2Ftags&post=8754"}],"curies":[{"name":"wp","href":"https:\/\/api.w.org\/{rel}","templated":true}]}}