{"id":8738,"date":"2024-11-08T17:33:34","date_gmt":"2024-11-08T20:33:34","guid":{"rendered":"https:\/\/www.nextmultimedio.com\/?p=8738"},"modified":"2024-11-08T17:33:35","modified_gmt":"2024-11-08T20:33:35","slug":"se-larga-la-temporada-de-teatros-en-la-villa-y-lizy-tagliani-puso-primera","status":"publish","type":"post","link":"https:\/\/www.nextmultimedio.com\/?p=8738","title":{"rendered":"SE LARGA LA TEMPORADA DE TEATROS EN LA VILLA Y LIZY TAGLIANI PUSO PRIMERA"},"content":{"rendered":"\n<figure class=\"wp-block-image size-full\"><img loading=\"lazy\" decoding=\"async\" width=\"720\" height=\"540\" src=\"https:\/\/www.nextmultimedio.com\/wp-content\/uploads\/2024\/11\/466024018_18277188295243999_7119939766305042750_n.jpg\" alt=\"\" class=\"wp-image-8739\" srcset=\"https:\/\/www.nextmultimedio.com\/wp-content\/uploads\/2024\/11\/466024018_18277188295243999_7119939766305042750_n.jpg 720w, https:\/\/www.nextmultimedio.com\/wp-content\/uploads\/2024\/11\/466024018_18277188295243999_7119939766305042750_n-300x225.jpg 300w\" sizes=\"auto, (max-width: 720px) 100vw, 720px\" \/><\/figure>\n\n\n\n<p>La humorista y conductora Lizy Tagliani ya tiene su marquesina instalada en el emblem\u00e1tico Teatro Bar.<\/p>\n\n\n\n<p>El pr\u00f3ximo 20 de diciembre estrenar\u00e1 su espect\u00e1culo denominado Si&#8230;Quiero!!!<\/p>\n\n\n\n<p><a><\/a>Sinopsis de Lizy Tagliani: S\u00ed!! Quiero&#8230;: A diez a\u00f1os de su debut en Calle Corrientes, Lizy Tagliani regresa con S\u00ed!!! Quiero&#8230;un music hall para todo p\u00fablico. En este espect\u00e1culo, con mucho talento argentino, Lizy comparte un viaje divertid\u00edsimo y emotivo por su vida, desde sus aventuras de soltera y los chismes de su casamiento so\u00f1ado, hasta momentos desopilantes y personas clave que la convirtieron en quien es hoy.<\/p>\n\n\n\n<p>Imagen:<a href=\"https:\/\/www.instagram.com\/_u\/bertorelloeldor?fbclid=IwZXh0bgNhZW0CMTAAAR2WZVDBfY7EjWdmT36grUfj4c7wfR5-Zyhp2V1CM5BCRMzog8K5EVG8aRo_aem_nT1H5Ocvr8HuyIglLSLxdg\" rel=\"noreferrer noopener\" target=\"_blank\">@bertorelloeldor<\/a><\/p>\n\n\n\n<p><a href=\"https:\/\/www.facebook.com\/photo\/?fbid=1101457495318759&amp;set=a.356501556481027&amp;__cft__[0]=AZWK6vcI4AqN5HK3a93CdXRKSiDL0BXQbyhxNbK5XWxGs4fbkxPhVYRZRlR3TGlrF9wwuzHhAx_I4rzIh8Njz2jY6Qz1694A7I1y9xzyu-MKhpf8mkDnwZR9QCBg_0-brqaY1Hr8E1mL-hGwjv-e_9_pSyV6MOM_MCds_4kCyzkGHl4fCJBm7OFJ-2hcBYRnTgw&amp;__tn__=EH-R\"><\/a><\/p>\n\n\n\n<figure class=\"wp-block-image\"><a href=\"https:\/\/www.facebook.com\/photo\/?fbid=1101457495318759&amp;set=a.356501556481027&amp;__cft__[0]=AZWK6vcI4AqN5HK3a93CdXRKSiDL0BXQbyhxNbK5XWxGs4fbkxPhVYRZRlR3TGlrF9wwuzHhAx_I4rzIh8Njz2jY6Qz1694A7I1y9xzyu-MKhpf8mkDnwZR9QCBg_0-brqaY1Hr8E1mL-hGwjv-e_9_pSyV6MOM_MCds_4kCyzkGHl4fCJBm7OFJ-2hcBYRnTgw&amp;__tn__=EH-R\"><img decoding=\"async\" src=\"https:\/\/scontent.fcor10-4.fna.fbcdn.net\/v\/t51.75761-15\/466024018_18277188295243999_7119939766305042750_n.jpg?stp=dst-jpg_s720x720&amp;_nc_cat=103&amp;ccb=1-7&amp;_nc_sid=127cfc&amp;_nc_eui2=AeG6ZtZzRq4j9EYq1m4hpO_eIySboji-ijwjJJuiOL6KPHY5nf2R0349TRVzKHt4CYU&amp;_nc_ohc=4xPulEH6g_UQ7kNvgE7pBaN&amp;_nc_zt=23&amp;_nc_ht=scontent.fcor10-4.fna&amp;_nc_gid=AA1OlXCAsRrxEVz9i_-UA-T&amp;oh=00_AYD1pWvow9CmJ75aL-lFiyVUUdnhR5NnOwSLHVSKLNaYsg&amp;oe=67345675\" alt=\"Puede ser una imagen de 3 personas y texto\"\/><\/a><\/figure>\n","protected":false},"excerpt":{"rendered":"<p>La humorista y conductora Lizy Tagliani ya tiene su marquesina instalada en el emblem\u00e1tico Teatro Bar. El pr\u00f3ximo 20 de diciembre estrenar\u00e1 su espect\u00e1culo denominado Si&#8230;Quiero!!! Sinopsis de Lizy Tagliani: S\u00ed!! Quiero&#8230;: A diez a\u00f1os de su debut en Calle Corrientes, Lizy Tagliani regresa con S\u00ed!!! Quiero&#8230;un music hall para todo p\u00fablico. En este espect\u00e1culo, [&hellip;]<\/p>\n","protected":false},"author":1,"featured_media":8739,"comment_status":"closed","ping_status":"closed","sticky":false,"template":"","format":"standard","meta":{"footnotes":""},"categories":[69],"tags":[345],"class_list":["post-8738","post","type-post","status-publish","format-standard","has-post-thumbnail","hentry","category-noticias","tag-destacar"],"_links":{"self":[{"href":"https:\/\/www.nextmultimedio.com\/index.php?rest_route=\/wp\/v2\/posts\/8738","targetHints":{"allow":["GET"]}}],"collection":[{"href":"https:\/\/www.nextmultimedio.com\/index.php?rest_route=\/wp\/v2\/posts"}],"about":[{"href":"https:\/\/www.nextmultimedio.com\/index.php?rest_route=\/wp\/v2\/types\/post"}],"author":[{"embeddable":true,"href":"https:\/\/www.nextmultimedio.com\/index.php?rest_route=\/wp\/v2\/users\/1"}],"replies":[{"embeddable":true,"href":"https:\/\/www.nextmultimedio.com\/index.php?rest_route=%2Fwp%2Fv2%2Fcomments&post=8738"}],"version-history":[{"count":1,"href":"https:\/\/www.nextmultimedio.com\/index.php?rest_route=\/wp\/v2\/posts\/8738\/revisions"}],"predecessor-version":[{"id":8740,"href":"https:\/\/www.nextmultimedio.com\/index.php?rest_route=\/wp\/v2\/posts\/8738\/revisions\/8740"}],"wp:featuredmedia":[{"embeddable":true,"href":"https:\/\/www.nextmultimedio.com\/index.php?rest_route=\/wp\/v2\/media\/8739"}],"wp:attachment":[{"href":"https:\/\/www.nextmultimedio.com\/index.php?rest_route=%2Fwp%2Fv2%2Fmedia&parent=8738"}],"wp:term":[{"taxonomy":"category","embeddable":true,"href":"https:\/\/www.nextmultimedio.com\/index.php?rest_route=%2Fwp%2Fv2%2Fcategories&post=8738"},{"taxonomy":"post_tag","embeddable":true,"href":"https:\/\/www.nextmultimedio.com\/index.php?rest_route=%2Fwp%2Fv2%2Ftags&post=8738"}],"curies":[{"name":"wp","href":"https:\/\/api.w.org\/{rel}","templated":true}]}}