{"id":8729,"date":"2024-11-07T19:18:07","date_gmt":"2024-11-07T22:18:07","guid":{"rendered":"https:\/\/www.nextmultimedio.com\/?p=8729"},"modified":"2024-11-07T19:18:08","modified_gmt":"2024-11-07T22:18:08","slug":"cordoba-capitalel-lunes-11-habra-asueto-en-la-administracion-provincial","status":"publish","type":"post","link":"https:\/\/www.nextmultimedio.com\/?p=8729","title":{"rendered":"C\u00d3RDOBA CAPITAL:EL LUNES 11 HABR\u00c1 ASUETO EN LA ADMINISTRACI\u00d3N PROVINCIAL"},"content":{"rendered":"\n<figure class=\"wp-block-image size-full\"><img loading=\"lazy\" decoding=\"async\" width=\"990\" height=\"660\" src=\"https:\/\/www.nextmultimedio.com\/wp-content\/uploads\/2024\/11\/Panal-1-1.jpg\" alt=\"\" class=\"wp-image-8730\" srcset=\"https:\/\/www.nextmultimedio.com\/wp-content\/uploads\/2024\/11\/Panal-1-1.jpg 990w, https:\/\/www.nextmultimedio.com\/wp-content\/uploads\/2024\/11\/Panal-1-1-300x200.jpg 300w, https:\/\/www.nextmultimedio.com\/wp-content\/uploads\/2024\/11\/Panal-1-1-768x512.jpg 768w\" sizes=\"auto, (max-width: 990px) 100vw, 990px\" \/><\/figure>\n\n\n\n<p>El pr\u00f3ximo lunes 11 de noviembre no habr\u00e1 actividad en todo el \u00e1mbito de la Administraci\u00f3n P\u00fablica con motivo de celebrarse el D\u00eda del Empleado P\u00fablico Provincial.<\/p>\n\n\n\n<p>El art\u00edculo 92 de la Ley N\u00b0 7.233 reconoce al 11 de noviembre como \u201cD\u00eda del Empleado P\u00fablico Provincial\u201d, previendo asueto administrativo.&nbsp;<\/p>\n\n\n\n<p>De igual modo, se dispone que los titulares de cada repartici\u00f3n establezcan esquemas de guardias m\u00ednimas, a los efectos de no resentir la prestaci\u00f3n de los servicios p\u00fablicos de car\u00e1cter esencial.<\/p>\n\n\n\n<p>De esta manera, mientras se suspenden las actividades administrativas regulares, se aseguran los servicios fundamentales para la comunidad, como salud, seguridad y emergencias.Navegaci\u00f3n de entradas<\/p>\n","protected":false},"excerpt":{"rendered":"<p>El pr\u00f3ximo lunes 11 de noviembre no habr\u00e1 actividad en todo el \u00e1mbito de la Administraci\u00f3n P\u00fablica con motivo de celebrarse el D\u00eda del Empleado P\u00fablico Provincial. El art\u00edculo 92 de la Ley N\u00b0 7.233 reconoce al 11 de noviembre como \u201cD\u00eda del Empleado P\u00fablico Provincial\u201d, previendo asueto administrativo.&nbsp; De igual modo, se dispone que [&hellip;]<\/p>\n","protected":false},"author":1,"featured_media":8730,"comment_status":"closed","ping_status":"closed","sticky":false,"template":"","format":"standard","meta":{"footnotes":""},"categories":[69],"tags":[345],"class_list":["post-8729","post","type-post","status-publish","format-standard","has-post-thumbnail","hentry","category-noticias","tag-destacar"],"_links":{"self":[{"href":"https:\/\/www.nextmultimedio.com\/index.php?rest_route=\/wp\/v2\/posts\/8729","targetHints":{"allow":["GET"]}}],"collection":[{"href":"https:\/\/www.nextmultimedio.com\/index.php?rest_route=\/wp\/v2\/posts"}],"about":[{"href":"https:\/\/www.nextmultimedio.com\/index.php?rest_route=\/wp\/v2\/types\/post"}],"author":[{"embeddable":true,"href":"https:\/\/www.nextmultimedio.com\/index.php?rest_route=\/wp\/v2\/users\/1"}],"replies":[{"embeddable":true,"href":"https:\/\/www.nextmultimedio.com\/index.php?rest_route=%2Fwp%2Fv2%2Fcomments&post=8729"}],"version-history":[{"count":1,"href":"https:\/\/www.nextmultimedio.com\/index.php?rest_route=\/wp\/v2\/posts\/8729\/revisions"}],"predecessor-version":[{"id":8731,"href":"https:\/\/www.nextmultimedio.com\/index.php?rest_route=\/wp\/v2\/posts\/8729\/revisions\/8731"}],"wp:featuredmedia":[{"embeddable":true,"href":"https:\/\/www.nextmultimedio.com\/index.php?rest_route=\/wp\/v2\/media\/8730"}],"wp:attachment":[{"href":"https:\/\/www.nextmultimedio.com\/index.php?rest_route=%2Fwp%2Fv2%2Fmedia&parent=8729"}],"wp:term":[{"taxonomy":"category","embeddable":true,"href":"https:\/\/www.nextmultimedio.com\/index.php?rest_route=%2Fwp%2Fv2%2Fcategories&post=8729"},{"taxonomy":"post_tag","embeddable":true,"href":"https:\/\/www.nextmultimedio.com\/index.php?rest_route=%2Fwp%2Fv2%2Ftags&post=8729"}],"curies":[{"name":"wp","href":"https:\/\/api.w.org\/{rel}","templated":true}]}}