{"id":8717,"date":"2024-11-05T20:15:37","date_gmt":"2024-11-05T23:15:37","guid":{"rendered":"https:\/\/www.nextmultimedio.com\/?p=8717"},"modified":"2024-11-05T20:15:38","modified_gmt":"2024-11-05T23:15:38","slug":"villa-carlos-paz-tiene-su-bandera-oficial-un-simbolo-de-orgullo-de-nuestra-identidad","status":"publish","type":"post","link":"https:\/\/www.nextmultimedio.com\/?p=8717","title":{"rendered":"VILLA CARLOS PAZ TIENE SU BANDERA OFICIAL: UN S\u00cdMBOLO DE ORGULLO DE NUESTRA IDENTIDAD"},"content":{"rendered":"<div class=\"wp-block-image\">\n<figure class=\"aligncenter size-full\"><img loading=\"lazy\" decoding=\"async\" width=\"512\" height=\"640\" src=\"https:\/\/www.nextmultimedio.com\/wp-content\/uploads\/2024\/11\/465508214_18276725098243999_4364976497425835342_n.jpg\" alt=\"\" class=\"wp-image-8718\" srcset=\"https:\/\/www.nextmultimedio.com\/wp-content\/uploads\/2024\/11\/465508214_18276725098243999_4364976497425835342_n.jpg 512w, https:\/\/www.nextmultimedio.com\/wp-content\/uploads\/2024\/11\/465508214_18276725098243999_4364976497425835342_n-240x300.jpg 240w\" sizes=\"auto, (max-width: 512px) 100vw, 512px\" \/><\/figure>\n<\/div>\n\n\n<p>Durante el acto por el D\u00eda de la Identidad de Villa Carlos Paz la ciudad present\u00f3 su Bandera Oficial, un proceso participativo con vecinos e instituciones educativas e intermedias de la ciudad donde se presentaron m\u00e1s de 200 proyectos.<\/p>\n\n\n\n<p>A trav\u00e9s de un proceso transparente con las Comisiones Evaluadora y T\u00e9cnica se arrib\u00f3 a la Bandera Oficial, una insignia que simboliza la uni\u00f3n y el esfuerzo <a><\/a>colectivo de nuestra identidad, reflejando en sus colores, formas, s\u00edmbolos y la esencia de nuestra ciudad.<\/p>\n\n\n\n<p>El acto que se realiz\u00f3 en los Jardines Municipales cont\u00f3 con la presencia del Intendente Esteban Avil\u00e9s, la Comisi\u00f3n de la Identidad Carlospacense, historiadores, vecinos y cada uno de los participantes que presentaron proyectos para la creaci\u00f3n de la bandera carlospacense.<\/p>\n\n\n\n<p>La Bandera seleccionada corresponde a Vera Distel, joven representante del Instituto Mariano Moreno Sede Villa Carlos Paz.<\/p>\n\n\n\n<p>De esta manera, culmin\u00f3 el proceso del que particip\u00f3 la comunidad entera con el objetivo de celebrar y fortalecer la identidad local a trav\u00e9s de la creaci\u00f3n de la bandera de la ciudad.<\/p>\n\n\n\n<p>La nueva bandera es un s\u00edmbolo de orgullo para los habitantes de Villa Carlos Paz, que refleja los valores y la historia de la comunidad fortaleciendo los lazos comunitarios y dejando un legado significativo para las generaciones futuras, aline\u00e1ndose con los valores establecidos en la Carta Org\u00e1nica Municipal.<\/p>\n\n\n\n<p><a href=\"https:\/\/www.facebook.com\/photo\/?fbid=1098146908983151&amp;set=a.356501556481027&amp;__cft__[0]=AZXiRcYTPJm6S0bA4UHa7Kl-J2qcZh4Uon8PfEPbiRiXinW58egaujpKt5oYwfP4DDpVZA7FIAETw5s5lS-P96sMwo5MgcMlSB6KUyJ-nEyrgDNf7-HndpZVUI6u_GqWAp4If6VPCZTINf2m_50agQVDKtEIYW8TXu8tQkTZVwkFnWo8D18C3hzh9ecKx_lxm4g&amp;__tn__=EH-R\"><\/a><\/p>\n","protected":false},"excerpt":{"rendered":"<p>Durante el acto por el D\u00eda de la Identidad de Villa Carlos Paz la ciudad present\u00f3 su Bandera Oficial, un proceso participativo con vecinos e instituciones educativas e intermedias de la ciudad donde se presentaron m\u00e1s de 200 proyectos. A trav\u00e9s de un proceso transparente con las Comisiones Evaluadora y T\u00e9cnica se arrib\u00f3 a la [&hellip;]<\/p>\n","protected":false},"author":1,"featured_media":8718,"comment_status":"closed","ping_status":"closed","sticky":false,"template":"","format":"standard","meta":{"footnotes":""},"categories":[69],"tags":[345],"class_list":["post-8717","post","type-post","status-publish","format-standard","has-post-thumbnail","hentry","category-noticias","tag-destacar"],"_links":{"self":[{"href":"https:\/\/www.nextmultimedio.com\/index.php?rest_route=\/wp\/v2\/posts\/8717","targetHints":{"allow":["GET"]}}],"collection":[{"href":"https:\/\/www.nextmultimedio.com\/index.php?rest_route=\/wp\/v2\/posts"}],"about":[{"href":"https:\/\/www.nextmultimedio.com\/index.php?rest_route=\/wp\/v2\/types\/post"}],"author":[{"embeddable":true,"href":"https:\/\/www.nextmultimedio.com\/index.php?rest_route=\/wp\/v2\/users\/1"}],"replies":[{"embeddable":true,"href":"https:\/\/www.nextmultimedio.com\/index.php?rest_route=%2Fwp%2Fv2%2Fcomments&post=8717"}],"version-history":[{"count":1,"href":"https:\/\/www.nextmultimedio.com\/index.php?rest_route=\/wp\/v2\/posts\/8717\/revisions"}],"predecessor-version":[{"id":8719,"href":"https:\/\/www.nextmultimedio.com\/index.php?rest_route=\/wp\/v2\/posts\/8717\/revisions\/8719"}],"wp:featuredmedia":[{"embeddable":true,"href":"https:\/\/www.nextmultimedio.com\/index.php?rest_route=\/wp\/v2\/media\/8718"}],"wp:attachment":[{"href":"https:\/\/www.nextmultimedio.com\/index.php?rest_route=%2Fwp%2Fv2%2Fmedia&parent=8717"}],"wp:term":[{"taxonomy":"category","embeddable":true,"href":"https:\/\/www.nextmultimedio.com\/index.php?rest_route=%2Fwp%2Fv2%2Fcategories&post=8717"},{"taxonomy":"post_tag","embeddable":true,"href":"https:\/\/www.nextmultimedio.com\/index.php?rest_route=%2Fwp%2Fv2%2Ftags&post=8717"}],"curies":[{"name":"wp","href":"https:\/\/api.w.org\/{rel}","templated":true}]}}