{"id":8578,"date":"2024-10-23T23:28:08","date_gmt":"2024-10-24T02:28:08","guid":{"rendered":"https:\/\/www.nextmultimedio.com\/?p=8578"},"modified":"2024-10-23T23:28:09","modified_gmt":"2024-10-24T02:28:09","slug":"cordoba-capital-violencia-urbana-incendio-en-domicilio-vehiculo-y-danos-en-moviles-policiales","status":"publish","type":"post","link":"https:\/\/www.nextmultimedio.com\/?p=8578","title":{"rendered":"C\u00d3RDOBA CAPITAL: VIOLENCIA URBANA: INCENDIO EN DOMICILIO, VEH\u00cdCULO Y DA\u00d1OS EN M\u00d3VILES POLICIALES."},"content":{"rendered":"\n<figure class=\"wp-block-image size-large is-resized\"><img loading=\"lazy\" decoding=\"async\" width=\"1024\" height=\"683\" src=\"https:\/\/www.nextmultimedio.com\/wp-content\/uploads\/2024\/10\/463996955_18275125255243999_8032789307083048262_n-1024x683.jpg\" alt=\"\" class=\"wp-image-8579\" style=\"width:840px;height:auto\" srcset=\"https:\/\/www.nextmultimedio.com\/wp-content\/uploads\/2024\/10\/463996955_18275125255243999_8032789307083048262_n-1024x683.jpg 1024w, https:\/\/www.nextmultimedio.com\/wp-content\/uploads\/2024\/10\/463996955_18275125255243999_8032789307083048262_n-300x200.jpg 300w, https:\/\/www.nextmultimedio.com\/wp-content\/uploads\/2024\/10\/463996955_18275125255243999_8032789307083048262_n-768x512.jpg 768w, https:\/\/www.nextmultimedio.com\/wp-content\/uploads\/2024\/10\/463996955_18275125255243999_8032789307083048262_n.jpg 1080w\" sizes=\"auto, (max-width: 1024px) 100vw, 1024px\" \/><\/figure>\n\n\n\n<p>Ayer en horas del mediod\u00eda, personal policial se constituy\u00f3 en Manzana 2 Lote 5 de B\u00ba Ampliaci\u00f3n Ferreyra tras ser alertados por un llamado al 911, donde informaban que un grupo de sujetos intentaban ingresar a una vivienda por un supuesto hecho de instancia privada.<\/p>\n\n\n\n<p>Al llegar al lugar, se pudo constatar que se estaba desarrollando un incendio en un autom\u00f3vil que luego se propag\u00f3 <a><\/a>hacia el domicilio en el que se encontraban cuatro personas, entre ellas dos ni\u00f1os (uno de 2 a\u00f1os y otro de 8 meses).<\/p>\n\n\n\n<p>Inmediatamente, los uniformados ingresaron al inmueble logrando rescatar a los ocupantes quienes se encontraban en buen estado de salud.<\/p>\n\n\n\n<p>En el lugar se hizo presente personal de Guardia de Infanter\u00eda y Unidades Especiales, quienes debieron hacer uso del armamento menos letal, debido a que un grupo de individuos comenzaron a arrojar elementos contundentes a los efectivos y unidades m\u00f3viles.<\/p>\n\n\n\n<p>Se pudo constatar que uno de los patrulleros presentaba un impacto de arma de fuego. En el hecho no hubo lesionados.<\/p>\n\n\n\n<p><a href=\"https:\/\/www.facebook.com\/photo\/?fbid=1087879003343275&amp;set=pcb.1087879050009937&amp;__cft__[0]=AZWkkbco29qukmaJUMhiAE4kMznxa-SCYUDCqHLSdhB-u2FlZp5qZK0FjVKq3BniNqBvCOjo_TfyZYA0-TBjw7OVCg-eSEuD15N7jNiYLmnveefd08H9WmZKeid2H52hNlggkg48ravP0YPKOQQRTLHWoWbht_tAMh7aA85BlJxtY_5pSQ9dwAHXpQxcVKhOdDewVoAAtVG5h1UeD-kafTun&amp;__tn__=*bH-R\"><\/a><\/p>\n\n\n\n<p><a href=\"https:\/\/www.facebook.com\/photo\/?fbid=1087879000009942&amp;set=pcb.1087879050009937&amp;__cft__[0]=AZWkkbco29qukmaJUMhiAE4kMznxa-SCYUDCqHLSdhB-u2FlZp5qZK0FjVKq3BniNqBvCOjo_TfyZYA0-TBjw7OVCg-eSEuD15N7jNiYLmnveefd08H9WmZKeid2H52hNlggkg48ravP0YPKOQQRTLHWoWbht_tAMh7aA85BlJxtY_5pSQ9dwAHXpQxcVKhOdDewVoAAtVG5h1UeD-kafTun&amp;__tn__=*bH-R\"><\/a><\/p>\n\n\n\n<figure class=\"wp-block-image\"><a href=\"https:\/\/www.facebook.com\/photo\/?fbid=1087879000009942&amp;set=pcb.1087879050009937&amp;__cft__[0]=AZWkkbco29qukmaJUMhiAE4kMznxa-SCYUDCqHLSdhB-u2FlZp5qZK0FjVKq3BniNqBvCOjo_TfyZYA0-TBjw7OVCg-eSEuD15N7jNiYLmnveefd08H9WmZKeid2H52hNlggkg48ravP0YPKOQQRTLHWoWbht_tAMh7aA85BlJxtY_5pSQ9dwAHXpQxcVKhOdDewVoAAtVG5h1UeD-kafTun&amp;__tn__=*bH-R\"><img decoding=\"async\" src=\"https:\/\/scontent.fcor10-3.fna.fbcdn.net\/v\/t51.75761-15\/464362647_18275125264243999_4191775290914566014_n.jpg?stp=dst-jpg_p526x395&amp;_nc_cat=102&amp;ccb=1-7&amp;_nc_sid=127cfc&amp;_nc_eui2=AeEhEcYlCP1-hUSvsw883kZocuOSDu5odEdy45IO7mh0R2N1sXsYLPCe7nYxr5as-os&amp;_nc_ohc=HGq_8_o1L0oQ7kNvgEjv62J&amp;_nc_zt=23&amp;_nc_ht=scontent.fcor10-3.fna&amp;_nc_gid=AQp04c1a8BBhwLeWJ-nRRg6&amp;oh=00_AYDbgARX3dT2YPi4FEMK1elLRNIzf2UsvXgK1C5yxzW2GA&amp;oe=671F707B\" alt=\"\"\/><\/a><\/figure>\n","protected":false},"excerpt":{"rendered":"<p>Ayer en horas del mediod\u00eda, personal policial se constituy\u00f3 en Manzana 2 Lote 5 de B\u00ba Ampliaci\u00f3n Ferreyra tras ser alertados por un llamado al 911, donde informaban que un grupo de sujetos intentaban ingresar a una vivienda por un supuesto hecho de instancia privada. Al llegar al lugar, se pudo constatar que se estaba [&hellip;]<\/p>\n","protected":false},"author":1,"featured_media":8579,"comment_status":"closed","ping_status":"closed","sticky":false,"template":"","format":"standard","meta":{"footnotes":""},"categories":[69],"tags":[345],"class_list":["post-8578","post","type-post","status-publish","format-standard","has-post-thumbnail","hentry","category-noticias","tag-destacar"],"_links":{"self":[{"href":"https:\/\/www.nextmultimedio.com\/index.php?rest_route=\/wp\/v2\/posts\/8578","targetHints":{"allow":["GET"]}}],"collection":[{"href":"https:\/\/www.nextmultimedio.com\/index.php?rest_route=\/wp\/v2\/posts"}],"about":[{"href":"https:\/\/www.nextmultimedio.com\/index.php?rest_route=\/wp\/v2\/types\/post"}],"author":[{"embeddable":true,"href":"https:\/\/www.nextmultimedio.com\/index.php?rest_route=\/wp\/v2\/users\/1"}],"replies":[{"embeddable":true,"href":"https:\/\/www.nextmultimedio.com\/index.php?rest_route=%2Fwp%2Fv2%2Fcomments&post=8578"}],"version-history":[{"count":1,"href":"https:\/\/www.nextmultimedio.com\/index.php?rest_route=\/wp\/v2\/posts\/8578\/revisions"}],"predecessor-version":[{"id":8580,"href":"https:\/\/www.nextmultimedio.com\/index.php?rest_route=\/wp\/v2\/posts\/8578\/revisions\/8580"}],"wp:featuredmedia":[{"embeddable":true,"href":"https:\/\/www.nextmultimedio.com\/index.php?rest_route=\/wp\/v2\/media\/8579"}],"wp:attachment":[{"href":"https:\/\/www.nextmultimedio.com\/index.php?rest_route=%2Fwp%2Fv2%2Fmedia&parent=8578"}],"wp:term":[{"taxonomy":"category","embeddable":true,"href":"https:\/\/www.nextmultimedio.com\/index.php?rest_route=%2Fwp%2Fv2%2Fcategories&post=8578"},{"taxonomy":"post_tag","embeddable":true,"href":"https:\/\/www.nextmultimedio.com\/index.php?rest_route=%2Fwp%2Fv2%2Ftags&post=8578"}],"curies":[{"name":"wp","href":"https:\/\/api.w.org\/{rel}","templated":true}]}}