{"id":8550,"date":"2024-10-20T21:35:39","date_gmt":"2024-10-21T00:35:39","guid":{"rendered":"https:\/\/www.nextmultimedio.com\/?p=8550"},"modified":"2024-10-20T21:35:39","modified_gmt":"2024-10-21T00:35:39","slug":"llaryora-destaco-el-rol-de-los-medios-tradicionales-y-postulo-a-cordoba-como-receptora-de-periodistas-exiliados","status":"publish","type":"post","link":"https:\/\/www.nextmultimedio.com\/?p=8550","title":{"rendered":"LLARYORA DESTAC\u00d3 EL ROL DE LOS MEDIOS TRADICIONALES Y POSTUL\u00d3 A C\u00d3RDOBA COMO RECEPTORA DE PERIODISTAS EXILIADOS"},"content":{"rendered":"\n<figure class=\"wp-block-image size-large\"><img loading=\"lazy\" decoding=\"async\" width=\"1024\" height=\"626\" src=\"https:\/\/www.nextmultimedio.com\/wp-content\/uploads\/2024\/10\/WhatsApp-Image-2024-10-20-at-10.24.12-1-1024x626.jpeg\" alt=\"\" class=\"wp-image-8551\" srcset=\"https:\/\/www.nextmultimedio.com\/wp-content\/uploads\/2024\/10\/WhatsApp-Image-2024-10-20-at-10.24.12-1-1024x626.jpeg 1024w, https:\/\/www.nextmultimedio.com\/wp-content\/uploads\/2024\/10\/WhatsApp-Image-2024-10-20-at-10.24.12-1-300x183.jpeg 300w, https:\/\/www.nextmultimedio.com\/wp-content\/uploads\/2024\/10\/WhatsApp-Image-2024-10-20-at-10.24.12-1-768x469.jpeg 768w, https:\/\/www.nextmultimedio.com\/wp-content\/uploads\/2024\/10\/WhatsApp-Image-2024-10-20-at-10.24.12-1.jpeg 1398w\" sizes=\"auto, (max-width: 1024px) 100vw, 1024px\" \/><\/figure>\n\n\n\n<p>El gobernador Mart\u00edn Llaryora fue el orador principal de la velada de gala realizada este s\u00e1bado en el Centro de Convenciones C\u00f3rdoba, como parte de la grilla de actividades de la 80 Asamblea de la Sociedad Interamericana de Prensa, que tiene lugar en la ciudad de C\u00f3rdoba.<\/p>\n\n\n\n<p>El mandatario provincial disert\u00f3 ante representantes de la prensa de todo el continente, que durante cuatro jornadas debatir\u00e1n sobre democracia, libertad de expresi\u00f3n, nuevas tecnolog\u00edas y g\u00e9nero, entre otros temas que atraviesan el ejercicio period\u00edstico.<\/p>\n\n\n\n<p>Las actividades oficiales, que iniciaron el jueves con la apertura que encabez\u00f3 el presidente de Paraguay, Santiago Pe\u00f1a, se extender\u00e1n hasta este domingo.<\/p>\n\n\n\n<p>Tal como lo pronunciara en el discurso de apertura, el gobernador Llaryora insisti\u00f3 en el papel fundamental de la prensa libre para garantizar la plena vigencia de los valores democr\u00e1ticos.&nbsp;<em>\u201cSin libertad de expresi\u00f3n y de prensa es imposible que haya democracia. El periodismo funciona como una auditor\u00eda permanente, marcando principalmente los errores que uno puede cometer\u201d<\/em>, dijo el mandatario provincial.<\/p>\n\n\n\n<p><em>\u201cEs por eso que la Sociedad Interamericana de Prensa cumple un rol important\u00edsimo en el sostenimiento de las democracias en Am\u00e9rica\u201d<\/em>, afirm\u00f3.<\/p>\n\n\n\n<figure class=\"wp-block-image\"><img decoding=\"async\" src=\"https:\/\/prensa.cba.gov.ar\/wp-content\/uploads\/2024\/10\/WhatsApp-Image-2024-10-20-at-10.24.12-1024x682.jpeg\" alt=\"\" class=\"wp-image-606479\"\/><\/figure>\n\n\n\n<p>En el mismo sentido, remarc\u00f3 la importancia de los medios tradicionales de comunicaci\u00f3n en la verificaci\u00f3n de informaci\u00f3n y datos, ante el avance de las fake news y los riesgos que entra\u00f1a la irrupci\u00f3n de la inteligencia artificial.<\/p>\n\n\n\n<p><em>\u201cLos medios tradicionales ser\u00e1n un refugio para la verdad, ese ser\u00e1 un valor fundamental para los tiempos que vienen\u201d<\/em>, sostuvo Llaryora.<\/p>\n\n\n\n<p>Finalmente, el gobernador destac\u00f3 el trabajo de la SIP en defensa y cuidado de periodistas exiliados, que deben abandonar sus pa\u00edses por los peligros que supone el libre ejercicio de la labor period\u00edstica.<\/p>\n\n\n\n<p>Llaryora propuso avanzar en un acuerdo de partes para que la provincia de C\u00f3rdoba pueda recibir y dar asilo a periodistas perseguidos o exiliados.\u00a0<em>\u201cCuenten con C\u00f3rdoba y los cordobeses para proteger la libertad de expresi\u00f3n y las democracias\u201d,\u00a0<\/em>afirm\u00f3.<audio src=\"https:\/\/prensa.cba.gov.ar\/wp-content\/uploads\/2024\/10\/Llaryora-SIP.mp3\"><\/audio><\/p>\n\n\n\n<p>El presidente de la Sociedad Interamericana de Prensa, Roberto Rock, agradeci\u00f3 el apoyo del gobernador y sostuvo que \u00ab<em>recogemos con mucha emoci\u00f3n y reconocimiento el ofrecimiento que hace el se\u00f1or gobernador de C\u00f3rdoba sobre la posibilidad de declarar a C\u00f3rdoba como amiga de la libertad\u00bb<\/em>.<\/p>\n\n\n\n<p>El directivo elogi\u00f3 la convivencia pac\u00edfica que existe en la provincia al afirmar que&nbsp;<em>\u201ces muy at\u00edpico que se construya en estos d\u00edas en nuestros pa\u00edses en particular un entorno pol\u00edtico y social, que privilegie a la pluralidad que como bien dice el se\u00f1or Gobernador es lo que construye los consensos\u00bb.<\/em><\/p>\n\n\n\n<p><strong>Llaryora firm\u00f3 la Declaraci\u00f3n de Chapultepec<\/strong><\/p>\n\n\n\n<p>En la oportunidad, Llaryora suscribi\u00f3 como gobernador la declaraci\u00f3n de Chapultepec, la cual ya hab\u00eda hecho tambi\u00e9n como intendente de la Ciudad de C\u00f3rdoba. El documento contiene diez principios fundamentales necesarios para que una prensa libre cumpla su papel esencial en la democracia.<\/p>\n\n\n\n<p>La 80 Asamblea de la Sociedad Interamericana de Prensa se desarrolla hasta este domingo bajo el lema \u201cPeriodismo del presente, periodismo del futuro\u201d y cuenta con la participaci\u00f3n de reconocidos conferencistas, como Marty Baron, exdirector de The Washington Post, Jaffer Zaidi, vicepresidente de alianzas de noticias de Google y el relator especial para la libertad de expresi\u00f3n de la Comisi\u00f3n Interamericana de Derechos Humanos (CIDH), Pedro Vaca, entre otros.<\/p>\n\n\n\n<p>Estuvieron presentes, adem\u00e1s, el presidente entrante de la SIP, Jos\u00e9 Roberto Dutriz; el gerente general y el director period\u00edstico de La Voz del Interior, Juan Tillard y Carlos Jornet, respectivamente; el ministro de Vinculaci\u00f3n Comunitaria, Daniel Pastore; y dem\u00e1s miembros del gabinete provincial.Navegaci\u00f3n de entradas<\/p>\n","protected":false},"excerpt":{"rendered":"<p>El gobernador Mart\u00edn Llaryora fue el orador principal de la velada de gala realizada este s\u00e1bado en el Centro de Convenciones C\u00f3rdoba, como parte de la grilla de actividades de la 80 Asamblea de la Sociedad Interamericana de Prensa, que tiene lugar en la ciudad de C\u00f3rdoba. El mandatario provincial disert\u00f3 ante representantes de la [&hellip;]<\/p>\n","protected":false},"author":1,"featured_media":8551,"comment_status":"closed","ping_status":"closed","sticky":false,"template":"","format":"standard","meta":{"footnotes":""},"categories":[69],"tags":[345],"class_list":["post-8550","post","type-post","status-publish","format-standard","has-post-thumbnail","hentry","category-noticias","tag-destacar"],"_links":{"self":[{"href":"https:\/\/www.nextmultimedio.com\/index.php?rest_route=\/wp\/v2\/posts\/8550","targetHints":{"allow":["GET"]}}],"collection":[{"href":"https:\/\/www.nextmultimedio.com\/index.php?rest_route=\/wp\/v2\/posts"}],"about":[{"href":"https:\/\/www.nextmultimedio.com\/index.php?rest_route=\/wp\/v2\/types\/post"}],"author":[{"embeddable":true,"href":"https:\/\/www.nextmultimedio.com\/index.php?rest_route=\/wp\/v2\/users\/1"}],"replies":[{"embeddable":true,"href":"https:\/\/www.nextmultimedio.com\/index.php?rest_route=%2Fwp%2Fv2%2Fcomments&post=8550"}],"version-history":[{"count":1,"href":"https:\/\/www.nextmultimedio.com\/index.php?rest_route=\/wp\/v2\/posts\/8550\/revisions"}],"predecessor-version":[{"id":8552,"href":"https:\/\/www.nextmultimedio.com\/index.php?rest_route=\/wp\/v2\/posts\/8550\/revisions\/8552"}],"wp:featuredmedia":[{"embeddable":true,"href":"https:\/\/www.nextmultimedio.com\/index.php?rest_route=\/wp\/v2\/media\/8551"}],"wp:attachment":[{"href":"https:\/\/www.nextmultimedio.com\/index.php?rest_route=%2Fwp%2Fv2%2Fmedia&parent=8550"}],"wp:term":[{"taxonomy":"category","embeddable":true,"href":"https:\/\/www.nextmultimedio.com\/index.php?rest_route=%2Fwp%2Fv2%2Fcategories&post=8550"},{"taxonomy":"post_tag","embeddable":true,"href":"https:\/\/www.nextmultimedio.com\/index.php?rest_route=%2Fwp%2Fv2%2Ftags&post=8550"}],"curies":[{"name":"wp","href":"https:\/\/api.w.org\/{rel}","templated":true}]}}