{"id":8546,"date":"2024-10-20T21:33:00","date_gmt":"2024-10-21T00:33:00","guid":{"rendered":"https:\/\/www.nextmultimedio.com\/?p=8546"},"modified":"2024-10-20T21:33:01","modified_gmt":"2024-10-21T00:33:01","slug":"inauguro-un-nuevo-bar-inclusivo-atendido-por-personas-con-discapacidad","status":"publish","type":"post","link":"https:\/\/www.nextmultimedio.com\/?p=8546","title":{"rendered":"INAUGUR\u00d3 UN NUEVO BAR INCLUSIVO ATENDIDO POR PERSONAS CON DISCAPACIDAD"},"content":{"rendered":"\n<p><strong>La cafeter\u00eda y bar se llama Sosneado y est\u00e1 en Bernardo D\u00b4El\u00eda 96 (al lado de la disco Zebra), sobre la Costanera oeste.<\/strong><\/p>\n\n\n\n<figure class=\"wp-block-image size-full\"><img loading=\"lazy\" decoding=\"async\" width=\"900\" height=\"600\" src=\"https:\/\/www.nextmultimedio.com\/wp-content\/uploads\/2024\/10\/web2.png\" alt=\"\" class=\"wp-image-8547\" srcset=\"https:\/\/www.nextmultimedio.com\/wp-content\/uploads\/2024\/10\/web2.png 900w, https:\/\/www.nextmultimedio.com\/wp-content\/uploads\/2024\/10\/web2-300x200.png 300w, https:\/\/www.nextmultimedio.com\/wp-content\/uploads\/2024\/10\/web2-768x512.png 768w\" sizes=\"auto, (max-width: 900px) 100vw, 900px\" \/><\/figure>\n\n\n\n<figure class=\"wp-block-image size-full\"><img loading=\"lazy\" decoding=\"async\" width=\"900\" height=\"600\" src=\"https:\/\/www.nextmultimedio.com\/wp-content\/uploads\/2024\/10\/image-1.png\" alt=\"\" class=\"wp-image-8548\" srcset=\"https:\/\/www.nextmultimedio.com\/wp-content\/uploads\/2024\/10\/image-1.png 900w, https:\/\/www.nextmultimedio.com\/wp-content\/uploads\/2024\/10\/image-1-300x200.png 300w, https:\/\/www.nextmultimedio.com\/wp-content\/uploads\/2024\/10\/image-1-768x512.png 768w\" sizes=\"auto, (max-width: 900px) 100vw, 900px\" \/><\/figure>\n\n\n\n<p>En un paso importante hacia la inclusi\u00f3n laboral y social, se inaugur\u00f3 en Villa Carlos Paz el bar Sosneado, el primer establecimiento comercial de C\u00f3rdoba gestionado por una cooperativa de trabajo integrada por personas con discapacidad.<\/p>\n\n\n\n<p>Este emprendimiento es uno de los 110 proyectos que cuentan con apoyo econ\u00f3mico del Programa Provincial de Promoci\u00f3n de Derechos de las Personas con Discapacidad y sus Organizaciones.<\/p>\n\n\n\n<p>La ministra de Desarrollo Humano, Liliana Montero, destac\u00f3 la importancia de pol\u00edticas p\u00fablicas inclusivas que promuevan la autonom\u00eda de las personas con discapacidad. \u00abCon el gobernador Mart\u00edn Llaryora creemos que las pol\u00edticas p\u00fablicas deben reemplazar el paradigma de la dependencia por el de la autonom\u00eda\u00bb, enfatiz\u00f3.<\/p>\n\n\n\n<p>El bar Sosneado ofrece una variedad de opciones gastron\u00f3micas, incluyendo desayunos, meriendas, pizzas y sandwiches, todos elaborados por sus propios due\u00f1os. La cooperativa est\u00e1 integrada por ocho personas con discapacidad y un tesorero, y cuenta con el apoyo de la municipalidad local y la comunidad.<\/p>\n\n\n\n<p>El Programa Provincial de Promoci\u00f3n de Derechos de las Personas con Discapacidad y sus Organizaciones tiene como objetivo fortalecer proyectos de fundaciones e instituciones comunitarias que promuevan la inclusi\u00f3n, la autonom\u00eda, la participaci\u00f3n y la capacitaci\u00f3n de las personas con discapacidad.<\/p>\n\n\n\n<p>Para m\u00e1s informaci\u00f3n, las instituciones interesadas pueden comunicarse por mail a info.direcciondiscapaidad@gmail.com o bien al tel\u00e9fono: (0351) 302-8929.<\/p>\n\n\n\n<p><\/p>\n","protected":false},"excerpt":{"rendered":"<p>La cafeter\u00eda y bar se llama Sosneado y est\u00e1 en Bernardo D\u00b4El\u00eda 96 (al lado de la disco Zebra), sobre la Costanera oeste. En un paso importante hacia la inclusi\u00f3n laboral y social, se inaugur\u00f3 en Villa Carlos Paz el bar Sosneado, el primer establecimiento comercial de C\u00f3rdoba gestionado por una cooperativa de trabajo integrada [&hellip;]<\/p>\n","protected":false},"author":1,"featured_media":8547,"comment_status":"closed","ping_status":"closed","sticky":false,"template":"","format":"standard","meta":{"footnotes":""},"categories":[69],"tags":[345],"class_list":["post-8546","post","type-post","status-publish","format-standard","has-post-thumbnail","hentry","category-noticias","tag-destacar"],"_links":{"self":[{"href":"https:\/\/www.nextmultimedio.com\/index.php?rest_route=\/wp\/v2\/posts\/8546","targetHints":{"allow":["GET"]}}],"collection":[{"href":"https:\/\/www.nextmultimedio.com\/index.php?rest_route=\/wp\/v2\/posts"}],"about":[{"href":"https:\/\/www.nextmultimedio.com\/index.php?rest_route=\/wp\/v2\/types\/post"}],"author":[{"embeddable":true,"href":"https:\/\/www.nextmultimedio.com\/index.php?rest_route=\/wp\/v2\/users\/1"}],"replies":[{"embeddable":true,"href":"https:\/\/www.nextmultimedio.com\/index.php?rest_route=%2Fwp%2Fv2%2Fcomments&post=8546"}],"version-history":[{"count":1,"href":"https:\/\/www.nextmultimedio.com\/index.php?rest_route=\/wp\/v2\/posts\/8546\/revisions"}],"predecessor-version":[{"id":8549,"href":"https:\/\/www.nextmultimedio.com\/index.php?rest_route=\/wp\/v2\/posts\/8546\/revisions\/8549"}],"wp:featuredmedia":[{"embeddable":true,"href":"https:\/\/www.nextmultimedio.com\/index.php?rest_route=\/wp\/v2\/media\/8547"}],"wp:attachment":[{"href":"https:\/\/www.nextmultimedio.com\/index.php?rest_route=%2Fwp%2Fv2%2Fmedia&parent=8546"}],"wp:term":[{"taxonomy":"category","embeddable":true,"href":"https:\/\/www.nextmultimedio.com\/index.php?rest_route=%2Fwp%2Fv2%2Fcategories&post=8546"},{"taxonomy":"post_tag","embeddable":true,"href":"https:\/\/www.nextmultimedio.com\/index.php?rest_route=%2Fwp%2Fv2%2Ftags&post=8546"}],"curies":[{"name":"wp","href":"https:\/\/api.w.org\/{rel}","templated":true}]}}