{"id":8527,"date":"2024-10-17T18:52:58","date_gmt":"2024-10-17T21:52:58","guid":{"rendered":"https:\/\/www.nextmultimedio.com\/?p=8527"},"modified":"2024-10-17T18:52:59","modified_gmt":"2024-10-17T21:52:59","slug":"accidente-en-costa-azul-2","status":"publish","type":"post","link":"https:\/\/www.nextmultimedio.com\/?p=8527","title":{"rendered":"ACCIDENTE EN COSTA AZUL"},"content":{"rendered":"<div class=\"wp-block-image\">\n<figure class=\"aligncenter size-large\"><img loading=\"lazy\" decoding=\"async\" width=\"605\" height=\"1024\" src=\"https:\/\/www.nextmultimedio.com\/wp-content\/uploads\/2024\/10\/f0059aef-5eb8-4b0f-8906-f46b7282f682-605x1024.jpg\" alt=\"\" class=\"wp-image-8528\" srcset=\"https:\/\/www.nextmultimedio.com\/wp-content\/uploads\/2024\/10\/f0059aef-5eb8-4b0f-8906-f46b7282f682-605x1024.jpg 605w, https:\/\/www.nextmultimedio.com\/wp-content\/uploads\/2024\/10\/f0059aef-5eb8-4b0f-8906-f46b7282f682-177x300.jpg 177w, https:\/\/www.nextmultimedio.com\/wp-content\/uploads\/2024\/10\/f0059aef-5eb8-4b0f-8906-f46b7282f682-768x1300.jpg 768w, https:\/\/www.nextmultimedio.com\/wp-content\/uploads\/2024\/10\/f0059aef-5eb8-4b0f-8906-f46b7282f682-907x1536.jpg 907w, https:\/\/www.nextmultimedio.com\/wp-content\/uploads\/2024\/10\/f0059aef-5eb8-4b0f-8906-f46b7282f682.jpg 945w\" sizes=\"auto, (max-width: 605px) 100vw, 605px\" \/><\/figure>\n<\/div>\n\n\n<p>Personal Policial tom\u00f3 conocimiento de un accidente ocurrido en el lugaR,  Av. San Martin, B\u00b0 Costa Azul , al llegar se entrevist\u00f3 a un hombre de 74 a\u00f1os de edad (oriundode la Pcia. De Bs As) quien se conduc\u00eda en un veh\u00edculo Chevrolet Celta por autopista C\u00f3rdoba &#8211; Carlos Paz y en el ingreso a la ciudad pierde el control del rodado, chocando la parte frontal con el muro del puente. <\/p>\n\n\n\n<p>En el lugar se hizo presente el servicio de emergencias quienes revisan al hombre, no ameritando su traslado.<\/p>\n","protected":false},"excerpt":{"rendered":"<p>Personal Policial tom\u00f3 conocimiento de un accidente ocurrido en el lugaR, Av. San Martin, B\u00b0 Costa Azul , al llegar se entrevist\u00f3 a un hombre de 74 a\u00f1os de edad (oriundode la Pcia. De Bs As) quien se conduc\u00eda en un veh\u00edculo Chevrolet Celta por autopista C\u00f3rdoba &#8211; Carlos Paz y en el ingreso a [&hellip;]<\/p>\n","protected":false},"author":1,"featured_media":8528,"comment_status":"closed","ping_status":"closed","sticky":false,"template":"","format":"standard","meta":{"footnotes":""},"categories":[69],"tags":[345],"class_list":["post-8527","post","type-post","status-publish","format-standard","has-post-thumbnail","hentry","category-noticias","tag-destacar"],"_links":{"self":[{"href":"https:\/\/www.nextmultimedio.com\/index.php?rest_route=\/wp\/v2\/posts\/8527","targetHints":{"allow":["GET"]}}],"collection":[{"href":"https:\/\/www.nextmultimedio.com\/index.php?rest_route=\/wp\/v2\/posts"}],"about":[{"href":"https:\/\/www.nextmultimedio.com\/index.php?rest_route=\/wp\/v2\/types\/post"}],"author":[{"embeddable":true,"href":"https:\/\/www.nextmultimedio.com\/index.php?rest_route=\/wp\/v2\/users\/1"}],"replies":[{"embeddable":true,"href":"https:\/\/www.nextmultimedio.com\/index.php?rest_route=%2Fwp%2Fv2%2Fcomments&post=8527"}],"version-history":[{"count":1,"href":"https:\/\/www.nextmultimedio.com\/index.php?rest_route=\/wp\/v2\/posts\/8527\/revisions"}],"predecessor-version":[{"id":8529,"href":"https:\/\/www.nextmultimedio.com\/index.php?rest_route=\/wp\/v2\/posts\/8527\/revisions\/8529"}],"wp:featuredmedia":[{"embeddable":true,"href":"https:\/\/www.nextmultimedio.com\/index.php?rest_route=\/wp\/v2\/media\/8528"}],"wp:attachment":[{"href":"https:\/\/www.nextmultimedio.com\/index.php?rest_route=%2Fwp%2Fv2%2Fmedia&parent=8527"}],"wp:term":[{"taxonomy":"category","embeddable":true,"href":"https:\/\/www.nextmultimedio.com\/index.php?rest_route=%2Fwp%2Fv2%2Fcategories&post=8527"},{"taxonomy":"post_tag","embeddable":true,"href":"https:\/\/www.nextmultimedio.com\/index.php?rest_route=%2Fwp%2Fv2%2Ftags&post=8527"}],"curies":[{"name":"wp","href":"https:\/\/api.w.org\/{rel}","templated":true}]}}