{"id":8485,"date":"2024-10-13T19:05:42","date_gmt":"2024-10-13T22:05:42","guid":{"rendered":"https:\/\/www.nextmultimedio.com\/?p=8485"},"modified":"2024-10-13T19:05:43","modified_gmt":"2024-10-13T22:05:43","slug":"fin-de-semana-largo-con-ocupacion-plena-en-la-villa","status":"publish","type":"post","link":"https:\/\/www.nextmultimedio.com\/?p=8485","title":{"rendered":"FIN DE SEMANA LARGO CON OCUPACI\u00d3N PLENA EN LA VILLA"},"content":{"rendered":"\n<figure class=\"wp-block-image size-large\"><img loading=\"lazy\" decoding=\"async\" width=\"1024\" height=\"683\" src=\"https:\/\/www.nextmultimedio.com\/wp-content\/uploads\/2024\/10\/462746304_1078678180930024_9187704750730633600_n-1024x683.jpg\" alt=\"\" class=\"wp-image-8486\" srcset=\"https:\/\/www.nextmultimedio.com\/wp-content\/uploads\/2024\/10\/462746304_1078678180930024_9187704750730633600_n-1024x683.jpg 1024w, https:\/\/www.nextmultimedio.com\/wp-content\/uploads\/2024\/10\/462746304_1078678180930024_9187704750730633600_n-300x200.jpg 300w, https:\/\/www.nextmultimedio.com\/wp-content\/uploads\/2024\/10\/462746304_1078678180930024_9187704750730633600_n-768x512.jpg 768w, https:\/\/www.nextmultimedio.com\/wp-content\/uploads\/2024\/10\/462746304_1078678180930024_9187704750730633600_n.jpg 1080w\" sizes=\"auto, (max-width: 1024px) 100vw, 1024px\" \/><\/figure>\n\n\n\n<p>Esteban Avil\u00e9s: \u201cVilla Carlos Paz sigue liderando el turismo a nivel provincial, siendo de los destinos m\u00e1s elegidos en el pa\u00eds y potenciando el turismo internacional&#8221;<\/p>\n\n\n\n<p>Se vive un nuevo fin de semana largo con excelente porcentaje de ocupaci\u00f3n tur\u00edstica en los distintos tipos de alojamientos, destac\u00e1ndose una ocupaci\u00f3n plena en hoteles jerarquizados.<\/p>\n\n\n\n<p>La <a><\/a>gran cantidad de eventos deportivos y culturales que tiene la ciudad, sumado a toda la oferta natural con la que cuenta Villa Carlos Paz a trav\u00e9s de sus paisajes y paseos, m\u00e1s la gastronom\u00eda y una amplia oferta teatral permiten continuar con este posicionamiento como referencia a nivel nacional e internacional en materia tur\u00edstica.<\/p>\n\n\n\n<p>\u201cEstamos muy contentos de disfrutar de un nuevo fin de semana largo con niveles de ocupaci\u00f3n tur\u00edstica muy importantes en esta \u00e9poca del a\u00f1o. Villa Carlos Paz sigue liderando el turismo a nivel provincial, siendo de los destinos mas elegidos en el pa\u00eds y potenciando el turismo internacional. Es una constante que los visitantes nos elijan cuando pueden disfrutar de d\u00edas de descanso en familia. Contamos con una oferta teatral muy variada y amplia, una atracci\u00f3n que tambi\u00e9n permite traccionar much\u00edsimos visitantes de distintas partes del pa\u00eds y turismo extranjero que elige Villa Carlos Paz por sus atractivos. Sumado a los eventos deportivos y culturales que tienen como sede la ciudad cada fin de semana\u201d, destac\u00f3 el Intendente Esteban Avil\u00e9s.<\/p>\n\n\n\n<p>Informaci\u00f3n e im\u00e1genes: <a href=\"https:\/\/l.facebook.com\/l.php?u=https%3A%2F%2Fwww.instagram.com%2F_u%2Fmunicarlospaz%3Ffbclid%3DIwZXh0bgNhZW0CMTAAAR28kuJmX1D4RiJyQQTfsa7wCf-9iTUqSH0PzIYPcypvv7MEEOXQQypUjTc_aem_gomuvuNPoakIsfHuAxfv9g&amp;h=AT0fYeGqwCm3-KLV4mkzepd3qJ03Km40EOx8PtISaWwCv6OBW6fkoeizWcoi5TbHNjqm8SJ6wGVpa1jeDeZ6eyqKCpI4uE0grejfN8A-ArSh37wjAVaUFa5oardl3XYByA&amp;__tn__=-UK-R&amp;c[0]=AT2GLhimGHnvy7KTiGB8XuRpfYKjCdeZ0uOoByUE1xp-1Rvee6La473gE3ZNHNq-jE6MrQDlc8JJyKiXp5tzzPq_03AMNkAg1FPPe7mA2X2MT4CgkY_3W1gkeY9vwX2aRj82ConlsDC3oF5W_V0nAdMomiaR6wmv0cXTYae_G6rCE_x3MW3zpto2l9mJNc1gi0zb3Pp6aZ0HanuDrVgz-YJy6tPX\" rel=\"noreferrer noopener\" target=\"_blank\">@municarlospaz<\/a><\/p>\n\n\n\n<p><a href=\"https:\/\/www.facebook.com\/photo\/?fbid=1078678174263358&amp;set=pcb.1078678244263351&amp;__cft__[0]=AZUfbmOtROnTPwwwyHN17_6PHW0wfU0T4Tr4ufE0A2Rl7O2WHSeM_RYxQB5jEfCPH4jnsr6ehgNhmsrhADZxKfvkhRGE5L7oap3WtTjVr1cE42BLMJurh0boj8g09WU51Lh1oNIpcEm_Uhd4x1fzAoJviGUx-VVZbC9j_zjatb3jIJQG_nR7JiYjJPC1kV4H9-lFXV2Wg4PTEJDT8rm2C2_6&amp;__tn__=*bH-R\"><\/a><\/p>\n\n\n\n<p><a href=\"https:\/\/www.facebook.com\/photo\/?fbid=1078678170930025&amp;set=pcb.1078678244263351&amp;__cft__[0]=AZUfbmOtROnTPwwwyHN17_6PHW0wfU0T4Tr4ufE0A2Rl7O2WHSeM_RYxQB5jEfCPH4jnsr6ehgNhmsrhADZxKfvkhRGE5L7oap3WtTjVr1cE42BLMJurh0boj8g09WU51Lh1oNIpcEm_Uhd4x1fzAoJviGUx-VVZbC9j_zjatb3jIJQG_nR7JiYjJPC1kV4H9-lFXV2Wg4PTEJDT8rm2C2_6&amp;__tn__=*bH-R\"><\/a><\/p>\n\n\n\n<figure class=\"wp-block-image\"><a href=\"https:\/\/www.facebook.com\/photo\/?fbid=1078678170930025&amp;set=pcb.1078678244263351&amp;__cft__[0]=AZUfbmOtROnTPwwwyHN17_6PHW0wfU0T4Tr4ufE0A2Rl7O2WHSeM_RYxQB5jEfCPH4jnsr6ehgNhmsrhADZxKfvkhRGE5L7oap3WtTjVr1cE42BLMJurh0boj8g09WU51Lh1oNIpcEm_Uhd4x1fzAoJviGUx-VVZbC9j_zjatb3jIJQG_nR7JiYjJPC1kV4H9-lFXV2Wg4PTEJDT8rm2C2_6&amp;__tn__=*bH-R\"><img decoding=\"async\" src=\"https:\/\/scontent.fcor10-4.fna.fbcdn.net\/v\/t39.30808-6\/463012847_1078678184263357_3929652660339917287_n.jpg?stp=dst-jpg_p526x395&amp;_nc_cat=110&amp;ccb=1-7&amp;_nc_sid=127cfc&amp;_nc_eui2=AeE4o4_zPYXvEIJNtjC3NrJiwYNcu9EoNBXBg1y70Sg0FTo1QdNIKLygG4hPVqx1Kn4&amp;_nc_ohc=Q42cVdvZYAkQ7kNvgE5NJXW&amp;_nc_zt=23&amp;_nc_ht=scontent.fcor10-4.fna&amp;_nc_gid=AzCJJ0p6RJiajrGsEynxIK-&amp;oh=00_AYB1m3R9wgvXEJx8J3_LwjwhTyYtllj9vLQYTIeqVK-jJA&amp;oe=67120935\" alt=\"\"\/><\/a><\/figure>\n\n\n\n<p><a href=\"https:\/\/www.facebook.com\/photo\/?fbid=1078678164263359&amp;set=pcb.1078678244263351&amp;__cft__[0]=AZUfbmOtROnTPwwwyHN17_6PHW0wfU0T4Tr4ufE0A2Rl7O2WHSeM_RYxQB5jEfCPH4jnsr6ehgNhmsrhADZxKfvkhRGE5L7oap3WtTjVr1cE42BLMJurh0boj8g09WU51Lh1oNIpcEm_Uhd4x1fzAoJviGUx-VVZbC9j_zjatb3jIJQG_nR7JiYjJPC1kV4H9-lFXV2Wg4PTEJDT8rm2C2_6&amp;__tn__=*bH-R\"><\/a><\/p>\n\n\n\n<figure class=\"wp-block-image\"><a href=\"https:\/\/www.facebook.com\/photo\/?fbid=1078678164263359&amp;set=pcb.1078678244263351&amp;__cft__[0]=AZUfbmOtROnTPwwwyHN17_6PHW0wfU0T4Tr4ufE0A2Rl7O2WHSeM_RYxQB5jEfCPH4jnsr6ehgNhmsrhADZxKfvkhRGE5L7oap3WtTjVr1cE42BLMJurh0boj8g09WU51Lh1oNIpcEm_Uhd4x1fzAoJviGUx-VVZbC9j_zjatb3jIJQG_nR7JiYjJPC1kV4H9-lFXV2Wg4PTEJDT8rm2C2_6&amp;__tn__=*bH-R\"><img decoding=\"async\" src=\"https:\/\/scontent.fcor10-3.fna.fbcdn.net\/v\/t39.30808-6\/462687176_1078678194263356_6304316002375805793_n.jpg?stp=dst-jpg_p526x395&amp;_nc_cat=104&amp;ccb=1-7&amp;_nc_sid=127cfc&amp;_nc_eui2=AeG3JWpah0oL-kQEyECC_0nWOhvRbJQ-OFc6G9FslD44V-VZ8Uig8e0jCJymcxtTFVg&amp;_nc_ohc=q0UZErPsQE0Q7kNvgH6wjpD&amp;_nc_zt=23&amp;_nc_ht=scontent.fcor10-3.fna&amp;_nc_gid=AzCJJ0p6RJiajrGsEynxIK-&amp;oh=00_AYD50JBuPbEMedGGKkzM7n2NHTmKnFrdfjeQTdhkTKdxDg&amp;oe=6711FF85\" alt=\"\"\/><\/a><\/figure>\n\n\n\n<p><a href=\"https:\/\/www.facebook.com\/photo\/?fbid=1078678150930027&amp;set=pcb.1078678244263351&amp;__cft__[0]=AZUfbmOtROnTPwwwyHN17_6PHW0wfU0T4Tr4ufE0A2Rl7O2WHSeM_RYxQB5jEfCPH4jnsr6ehgNhmsrhADZxKfvkhRGE5L7oap3WtTjVr1cE42BLMJurh0boj8g09WU51Lh1oNIpcEm_Uhd4x1fzAoJviGUx-VVZbC9j_zjatb3jIJQG_nR7JiYjJPC1kV4H9-lFXV2Wg4PTEJDT8rm2C2_6&amp;__tn__=*bH-R\"><\/a><\/p>\n\n\n\n<figure class=\"wp-block-image\"><a href=\"https:\/\/www.facebook.com\/photo\/?fbid=1078678150930027&amp;set=pcb.1078678244263351&amp;__cft__[0]=AZUfbmOtROnTPwwwyHN17_6PHW0wfU0T4Tr4ufE0A2Rl7O2WHSeM_RYxQB5jEfCPH4jnsr6ehgNhmsrhADZxKfvkhRGE5L7oap3WtTjVr1cE42BLMJurh0boj8g09WU51Lh1oNIpcEm_Uhd4x1fzAoJviGUx-VVZbC9j_zjatb3jIJQG_nR7JiYjJPC1kV4H9-lFXV2Wg4PTEJDT8rm2C2_6&amp;__tn__=*bH-R\"><img decoding=\"async\" src=\"https:\/\/scontent.fcor10-3.fna.fbcdn.net\/v\/t39.30808-6\/463010959_1078678190930023_6519366640800143963_n.jpg?stp=dst-jpg_p526x395&amp;_nc_cat=100&amp;ccb=1-7&amp;_nc_sid=127cfc&amp;_nc_eui2=AeEhktgpCZNOop7SY8QNedpZAm7SKn9DznoCbtIqf0POeutxvPPh0mu3casAnTGpllM&amp;_nc_ohc=CJLUZrUF13kQ7kNvgE4wdb4&amp;_nc_zt=23&amp;_nc_ht=scontent.fcor10-3.fna&amp;_nc_gid=AzCJJ0p6RJiajrGsEynxIK-&amp;oh=00_AYD25owYG0-s6l6Lj8t64PmbQIfMTPGQJMAjU1fBbag1Vw&amp;oe=67122B0F\" alt=\"\"\/><\/a><\/figure>\n\n\n\n<p><a href=\"https:\/\/www.facebook.com\/photo\/?fbid=1078678154263360&amp;set=pcb.1078678244263351&amp;__cft__[0]=AZUfbmOtROnTPwwwyHN17_6PHW0wfU0T4Tr4ufE0A2Rl7O2WHSeM_RYxQB5jEfCPH4jnsr6ehgNhmsrhADZxKfvkhRGE5L7oap3WtTjVr1cE42BLMJurh0boj8g09WU51Lh1oNIpcEm_Uhd4x1fzAoJviGUx-VVZbC9j_zjatb3jIJQG_nR7JiYjJPC1kV4H9-lFXV2Wg4PTEJDT8rm2C2_6&amp;__tn__=*bH-R\"><\/a><\/p>\n\n\n\n<figure class=\"wp-block-image\"><a href=\"https:\/\/www.facebook.com\/photo\/?fbid=1078678154263360&amp;set=pcb.1078678244263351&amp;__cft__[0]=AZUfbmOtROnTPwwwyHN17_6PHW0wfU0T4Tr4ufE0A2Rl7O2WHSeM_RYxQB5jEfCPH4jnsr6ehgNhmsrhADZxKfvkhRGE5L7oap3WtTjVr1cE42BLMJurh0boj8g09WU51Lh1oNIpcEm_Uhd4x1fzAoJviGUx-VVZbC9j_zjatb3jIJQG_nR7JiYjJPC1kV4H9-lFXV2Wg4PTEJDT8rm2C2_6&amp;__tn__=*bH-R\"><img decoding=\"async\" src=\"https:\/\/scontent.fcor10-3.fna.fbcdn.net\/v\/t39.30808-6\/463011213_1078678200930022_6079317366707845263_n.jpg?stp=dst-jpg_p526x395&amp;_nc_cat=100&amp;ccb=1-7&amp;_nc_sid=127cfc&amp;_nc_eui2=AeEk2gDWmib8JPYikK_sxwJ8bDboqz45XRVsNuirPjldFaT55v--7MX8WswEQQEvqSI&amp;_nc_ohc=fMdgJ0Mg8UMQ7kNvgGnqw7-&amp;_nc_zt=23&amp;_nc_ht=scontent.fcor10-3.fna&amp;_nc_gid=AzCJJ0p6RJiajrGsEynxIK-&amp;oh=00_AYCDjfY7WhGUTUmqcrX80MUx4V8H0-FtrhMLaejpinktTw&amp;oe=6712133F\" alt=\"\"\/><\/a><\/figure>\n\n\n\n<p><\/p>\n","protected":false},"excerpt":{"rendered":"<p>Esteban Avil\u00e9s: \u201cVilla Carlos Paz sigue liderando el turismo a nivel provincial, siendo de los destinos m\u00e1s elegidos en el pa\u00eds y potenciando el turismo internacional&#8221; Se vive un nuevo fin de semana largo con excelente porcentaje de ocupaci\u00f3n tur\u00edstica en los distintos tipos de alojamientos, destac\u00e1ndose una ocupaci\u00f3n plena en hoteles jerarquizados. La gran [&hellip;]<\/p>\n","protected":false},"author":1,"featured_media":8486,"comment_status":"closed","ping_status":"closed","sticky":false,"template":"","format":"standard","meta":{"footnotes":""},"categories":[69],"tags":[345],"class_list":["post-8485","post","type-post","status-publish","format-standard","has-post-thumbnail","hentry","category-noticias","tag-destacar"],"_links":{"self":[{"href":"https:\/\/www.nextmultimedio.com\/index.php?rest_route=\/wp\/v2\/posts\/8485","targetHints":{"allow":["GET"]}}],"collection":[{"href":"https:\/\/www.nextmultimedio.com\/index.php?rest_route=\/wp\/v2\/posts"}],"about":[{"href":"https:\/\/www.nextmultimedio.com\/index.php?rest_route=\/wp\/v2\/types\/post"}],"author":[{"embeddable":true,"href":"https:\/\/www.nextmultimedio.com\/index.php?rest_route=\/wp\/v2\/users\/1"}],"replies":[{"embeddable":true,"href":"https:\/\/www.nextmultimedio.com\/index.php?rest_route=%2Fwp%2Fv2%2Fcomments&post=8485"}],"version-history":[{"count":1,"href":"https:\/\/www.nextmultimedio.com\/index.php?rest_route=\/wp\/v2\/posts\/8485\/revisions"}],"predecessor-version":[{"id":8487,"href":"https:\/\/www.nextmultimedio.com\/index.php?rest_route=\/wp\/v2\/posts\/8485\/revisions\/8487"}],"wp:featuredmedia":[{"embeddable":true,"href":"https:\/\/www.nextmultimedio.com\/index.php?rest_route=\/wp\/v2\/media\/8486"}],"wp:attachment":[{"href":"https:\/\/www.nextmultimedio.com\/index.php?rest_route=%2Fwp%2Fv2%2Fmedia&parent=8485"}],"wp:term":[{"taxonomy":"category","embeddable":true,"href":"https:\/\/www.nextmultimedio.com\/index.php?rest_route=%2Fwp%2Fv2%2Fcategories&post=8485"},{"taxonomy":"post_tag","embeddable":true,"href":"https:\/\/www.nextmultimedio.com\/index.php?rest_route=%2Fwp%2Fv2%2Ftags&post=8485"}],"curies":[{"name":"wp","href":"https:\/\/api.w.org\/{rel}","templated":true}]}}