{"id":8482,"date":"2024-10-10T20:13:00","date_gmt":"2024-10-10T23:13:00","guid":{"rendered":"https:\/\/www.nextmultimedio.com\/?p=8482"},"modified":"2024-10-10T20:13:00","modified_gmt":"2024-10-10T23:13:00","slug":"economia-circular-la-provincia-entrego-1-500-millones-de-pesos-a-municipios","status":"publish","type":"post","link":"https:\/\/www.nextmultimedio.com\/?p=8482","title":{"rendered":"ECONOM\u00cdA CIRCULAR: LA PROVINCIA ENTREG\u00d3 1.500 MILLONES DE PESOS A MUNICIPIOS"},"content":{"rendered":"\n<figure class=\"wp-block-image size-large is-resized\"><img loading=\"lazy\" decoding=\"async\" width=\"1024\" height=\"721\" src=\"https:\/\/www.nextmultimedio.com\/wp-content\/uploads\/2024\/10\/WhatsApp-Image-2024-10-10-at-14.32.08-1024x721.jpeg\" alt=\"\" class=\"wp-image-8483\" style=\"width:840px;height:auto\" srcset=\"https:\/\/www.nextmultimedio.com\/wp-content\/uploads\/2024\/10\/WhatsApp-Image-2024-10-10-at-14.32.08-1024x721.jpeg 1024w, https:\/\/www.nextmultimedio.com\/wp-content\/uploads\/2024\/10\/WhatsApp-Image-2024-10-10-at-14.32.08-300x211.jpeg 300w, https:\/\/www.nextmultimedio.com\/wp-content\/uploads\/2024\/10\/WhatsApp-Image-2024-10-10-at-14.32.08-768x540.jpeg 768w, https:\/\/www.nextmultimedio.com\/wp-content\/uploads\/2024\/10\/WhatsApp-Image-2024-10-10-at-14.32.08.jpeg 1181w\" sizes=\"auto, (max-width: 1024px) 100vw, 1024px\" \/><\/figure>\n\n\n\n<p>El gobernador Mart\u00edn Llaryora encabez\u00f3 la entrega de 1.500 millones de pesos a 43 municipios y 4 entes regionales para potenciar Centros Ambientales de gesti\u00f3n de residuos, avanzar en la cicatrizaci\u00f3n de basurales a cielo abierto y fortalecer la econom\u00eda circular en todo el territorio provincial.<\/p>\n\n\n\n<p>Los aportes provienen del Fondo Ambiental, que gestiona el Ministerio de Gobierno, del cual el 70 por ciento es aportado por la Provincia y el 30 por ciento restante por los municipios; y se destinar\u00e1n a la mejora de la infraestructura y la compra de chipeadoras, prensas, trituradoras y otras maquinarias esenciales para gestionar de manera eficiente los residuos s\u00f3lidos urbanos.<\/p>\n\n\n\n<p>El gobernador valor\u00f3 la decisi\u00f3n de invertir en materia ambiental en un contexto de crisis econ\u00f3mica nacional, y ponder\u00f3 el trabajo conjunto entre la Provincia y los municipios:<em>&nbsp;\u201cNo es un tema de partidos o de conceptos, es un tema de decirle s\u00ed a la protecci\u00f3n del ambiente. Los que se sumen al programa de econom\u00eda circular son aquellos que hoy le est\u00e1n diciendo al mundo si queremos defender el planeta y lo vamos a hacer desde cada una de las comunidades\u201d.<\/em><\/p>\n\n\n\n<p><em>\u201cEl calentamiento global y sus efectos no se pueden negar\u201d<\/em>, sostuvo Llaryora.<\/p>\n\n\n\n<figure class=\"wp-block-image\"><a href=\"https:\/\/prensa.cba.gov.ar\/wp-content\/uploads\/2024\/10\/WhatsApp-Image-2024-10-10-at-14.32.05.jpeg\"><img decoding=\"async\" src=\"https:\/\/prensa.cba.gov.ar\/wp-content\/uploads\/2024\/10\/WhatsApp-Image-2024-10-10-at-14.32.05-1024x636.jpeg\" alt=\"\" class=\"wp-image-605673\"\/><\/a><\/figure>\n\n\n\n<p>El gobernador anunci\u00f3, adem\u00e1s, la ampliaci\u00f3n del Fondo en otros 2.800 millones de pesos<em>. \u00abNecesitamos sumar m\u00e1s l\u00edderes. No me importa el partido, lo que me importa es que tengan la convicci\u00f3n de defender el ambiente. De esa manera convocamos a los l\u00edderes que no se presentaron en la primera etapa para que C\u00f3rdoba encare nuevamente una pol\u00edtica de avanzada ambiental\u201d,<\/em>\u00a0sostuvo.<audio src=\"https:\/\/prensa.cba.gov.ar\/wp-content\/uploads\/2024\/10\/MLL-Ambiente.mp3\"><\/audio><\/p>\n\n\n\n<p>Esta acci\u00f3n permitir\u00e1, no solo disminuir el volumen de disposici\u00f3n final de desechos, sino tambi\u00e9n mejorar las condiciones de trabajo de recuperadores urbanos y contribuir de manera directa a la generaci\u00f3n de empleo verde y al saneamiento ambiental.<\/p>\n\n\n\n<p>La entrega de los fondos se realiz\u00f3 en el marco del lanzamiento del Programa de Fortalecimiento de las Buenas Pr\u00e1cticas de la Econom\u00eda Circular, que impulsa el Ministerio de Ambiente y Econom\u00eda Circular.https:\/\/www.youtube.com\/embed\/TSYqlsDTayY<\/p>\n\n\n\n<h4 class=\"wp-block-heading\">Principales lineamientos del programa<\/h4>\n\n\n\n<p>-Gesti\u00f3n sostenible de los recursos, a trav\u00e9s de la separaci\u00f3n en origen para transformar los residuos en materia prima valiosa.<\/p>\n\n\n\n<p>-Descentralizaci\u00f3n y regionalizaci\u00f3n, fortaleciendo a las localidades para eficientizar la log\u00edstica y aumentar el valor de los materiales para la comercializaci\u00f3n.<\/p>\n\n\n\n<p>-Empleo verde, generando puestos de trabajo y oportunidades locales.<\/p>\n\n\n\n<p>-Educaci\u00f3n y promoci\u00f3n, implementando instrumentos de pol\u00edtica ambiental para la concientizaci\u00f3n ciudadana.<\/p>\n\n\n\n<p>-Articulaci\u00f3n p\u00fablico \u2013 privada.<\/p>\n\n\n\n<p>A trav\u00e9s de esta iniciativa, la cartera ambiental apunta a la construcci\u00f3n y reacondicionamiento de centros ambientales para el tratamiento diferenciado de residuos; el impulso del reciclado y pr\u00e1cticas de econom\u00eda circular.<\/p>\n\n\n\n<p>El eje central del programa radica en la articulaci\u00f3n entre el gobierno provincial y los gobiernos locales, y en la construcci\u00f3n de las alianzas estrat\u00e9gicas entre el sector p\u00fablico, el privado y el tercer sector, a trav\u00e9s de m\u00e9todos de participaci\u00f3n y puesta en com\u00fan.<\/p>\n\n\n\n<p>El plan establece, al mismo tiempo, la creaci\u00f3n y acondicionamiento de plantas de separaci\u00f3n, y el relevamiento de los Basurales a Cielo Abierto que existen en la provincia.<\/p>\n\n\n\n<p>Con el objetivo de estandarizar los procesos y las pr\u00e1cticas circulares, los municipios y comunas que adhieran al programa, podr\u00e1n acceder a manuales de referencia acerca de la gesti\u00f3n sostenible de residuos, el compostaje domiciliario, la gesti\u00f3n de los rellenos sanitarios, la manipulaci\u00f3n de residuos especiales, entre otras tem\u00e1ticas.<\/p>\n\n\n\n<p>Adem\u00e1s, la cartera ambiental pondr\u00e1 a disposici\u00f3n de los gobiernos locales una plataforma digital para capacitar a sus equipos en materia de econom\u00eda circular.<\/p>\n\n\n\n<p>La ministra de Ambiente y Econom\u00eda Circular, Victoria Flores, valor\u00f3 el trabajo en equipo entre Provincia y Municipios que permite que se desarrolle este programa:&nbsp;<em>\u201cEl ambiente no tiene jurisdicciones, es un problema general, y si no lo abordamos con la mirada de la regionalizaci\u00f3n a trav\u00e9s de las comunidades, el impacto ambiental va a seguir siendo deficitario para todos\u00bb.<\/em><\/p>\n\n\n\n<p><em>\u201cDesde el Gobierno de la Provincia tenemos que contagiarlos para que tomen dimensi\u00f3n de que este modelo de la econom\u00eda circular genera empleos, es productivo, y hay que ocuparse de c\u00f3mo gestionamos el residuo, c\u00f3mo hacemos que quienes viven de la cadena productiva tanto de la recolecci\u00f3n como de la producci\u00f3n puedan tener insumos de calidad, generemos empleo verde, y es un desaf\u00edo que reci\u00e9n empieza\u00bb<\/em>, agreg\u00f3 Flores.<\/p>\n\n\n\n<p>El ministro de Gobierno, Manuel Calvo, destac\u00f3&nbsp;<em>\u201cla voluntad pol\u00edtica de nuestro gobernador Mart\u00edn Llaryora de seguir teniendo a la agenda del ambiente como una agenda de toda la provincia. Cuidar el ambiente es un derecho y un deber de cada uno de nosotros\u00bb, y agreg\u00f3 que \u00abeste es un trabajo federal y mancomunado entre los gobiernos locales y el Gobierno provincial para encontrar las soluciones que los vecinos necesitan en cada uno de los puntos de C\u00f3rdoba. As\u00ed pudimos llevar adelante este programa para mejorar las condiciones ambientales en todo el territorio\u00bb.<\/em><\/p>\n\n\n\n<h3 class=\"wp-block-heading\">Articulaci\u00f3n y trabajo conjunto con municipios y comunas, pieza clave de la pol\u00edtica ambiental de la Provincia<\/h3>\n\n\n\n<p>La invitaci\u00f3n al trabajo conjunto y el apoyo permanente del Gobierno de la Provincia de C\u00f3rdoba fueron dos atributos destacados por intendentes y jefes comunales que ya se sumaron al programa.<\/p>\n\n\n\n<p>Entre ellos, el intendente de Almafuerte, Rub\u00e9n Dag\u00fam, valor\u00f3 el cuidado del medio ambiente por parte de la Provincia y se\u00f1al\u00f3 que<em>&nbsp;\u00abdesde el espacio que represento, le agradezco Gobernador la pluralidad, porque estamos todos los partidos pol\u00edticos y entendemos que los partidos se dejan de lado cuando tenemos un objetivo claro para mejorar\u201d.<\/em><\/p>\n\n\n\n<p>Mientras que su par de Sampacho, Franco Su\u00e1rez, ponder\u00f3 la decisi\u00f3n pol\u00edtica del gobernador de poner en marcha este programa:&nbsp;<em>\u201cLos intendentes solos no podemos, porque este tema es de una escala muy grande. Y el acompa\u00f1amiento de la Provincia es fundamental. Queremos seguir trabajando en conjunto para resolver los problemas de nuestra gente\u201d.<\/em><\/p>\n\n\n\n<p>El acto se llev\u00f3 a cabo en el Centro C\u00edvico de la capital provincial con la presencia del diputado nacional, Ignacio Garc\u00eda Aresca; el presidente provisorio de la Legislatura, Facundo Torres Lima; el presidente del Ente Metropolitano, Rodrigo Fern\u00e1ndez; el legislador Miguel Siciliano; e intendentes, intendentas, jefas y jefes comunales de las localidades beneficiadas: Alicia, Cosqu\u00edn, Piquill\u00edn, General Cabrera, La Francia, Tr\u00e1nsito, Villa Valeria, Alpa Corral, Costa Sacate, General Levalle, La Para, R\u00edo Segundo, Ucacha, Almafuerte, Ital\u00f3, Las Tapias, Sampacho, Villa Ascasubi, Altos De Chipi\u00f3n, Estaci\u00f3n J. Celm\u00e1n, Huanchillas, Mattaldi, Santa Catalina Holmberg, Villa Del Rosario, Calmayo, Etruria, Justiniano Posse, Nono, Comuna De San Lorenzo, Villa Fontana, Capilla Del Monte, Freyre, La Cruz, Obispo Trejo, San Marcos Sierras, Villa Hiudobro, Charras, General Baldissera, Oliva Tanti y Villa Santa Cruz Del Lago.Navegaci\u00f3n de entradas<\/p>\n","protected":false},"excerpt":{"rendered":"<p>El gobernador Mart\u00edn Llaryora encabez\u00f3 la entrega de 1.500 millones de pesos a 43 municipios y 4 entes regionales para potenciar Centros Ambientales de gesti\u00f3n de residuos, avanzar en la cicatrizaci\u00f3n de basurales a cielo abierto y fortalecer la econom\u00eda circular en todo el territorio provincial. Los aportes provienen del Fondo Ambiental, que gestiona el [&hellip;]<\/p>\n","protected":false},"author":1,"featured_media":8483,"comment_status":"closed","ping_status":"closed","sticky":false,"template":"","format":"standard","meta":{"footnotes":""},"categories":[69],"tags":[345],"class_list":["post-8482","post","type-post","status-publish","format-standard","has-post-thumbnail","hentry","category-noticias","tag-destacar"],"_links":{"self":[{"href":"https:\/\/www.nextmultimedio.com\/index.php?rest_route=\/wp\/v2\/posts\/8482","targetHints":{"allow":["GET"]}}],"collection":[{"href":"https:\/\/www.nextmultimedio.com\/index.php?rest_route=\/wp\/v2\/posts"}],"about":[{"href":"https:\/\/www.nextmultimedio.com\/index.php?rest_route=\/wp\/v2\/types\/post"}],"author":[{"embeddable":true,"href":"https:\/\/www.nextmultimedio.com\/index.php?rest_route=\/wp\/v2\/users\/1"}],"replies":[{"embeddable":true,"href":"https:\/\/www.nextmultimedio.com\/index.php?rest_route=%2Fwp%2Fv2%2Fcomments&post=8482"}],"version-history":[{"count":1,"href":"https:\/\/www.nextmultimedio.com\/index.php?rest_route=\/wp\/v2\/posts\/8482\/revisions"}],"predecessor-version":[{"id":8484,"href":"https:\/\/www.nextmultimedio.com\/index.php?rest_route=\/wp\/v2\/posts\/8482\/revisions\/8484"}],"wp:featuredmedia":[{"embeddable":true,"href":"https:\/\/www.nextmultimedio.com\/index.php?rest_route=\/wp\/v2\/media\/8483"}],"wp:attachment":[{"href":"https:\/\/www.nextmultimedio.com\/index.php?rest_route=%2Fwp%2Fv2%2Fmedia&parent=8482"}],"wp:term":[{"taxonomy":"category","embeddable":true,"href":"https:\/\/www.nextmultimedio.com\/index.php?rest_route=%2Fwp%2Fv2%2Fcategories&post=8482"},{"taxonomy":"post_tag","embeddable":true,"href":"https:\/\/www.nextmultimedio.com\/index.php?rest_route=%2Fwp%2Fv2%2Ftags&post=8482"}],"curies":[{"name":"wp","href":"https:\/\/api.w.org\/{rel}","templated":true}]}}