{"id":8479,"date":"2024-10-10T20:08:10","date_gmt":"2024-10-10T23:08:10","guid":{"rendered":"https:\/\/www.nextmultimedio.com\/?p=8479"},"modified":"2024-10-10T20:08:11","modified_gmt":"2024-10-10T23:08:11","slug":"el-ingeniero-y-profesor-marcelo-garcia-recibio-la-medalla-del-centenario","status":"publish","type":"post","link":"https:\/\/www.nextmultimedio.com\/?p=8479","title":{"rendered":"EL INGENIERO Y PROFESOR MARCELO GARC\u00cdA RECIBI\u00d3 LA MEDALLA DEL CENTENARIO"},"content":{"rendered":"\n<figure class=\"wp-block-image size-large\"><img loading=\"lazy\" decoding=\"async\" width=\"1024\" height=\"682\" src=\"https:\/\/www.nextmultimedio.com\/wp-content\/uploads\/2024\/10\/462487049_1076647367799772_1714471688020561976_n-1024x682.jpg\" alt=\"\" class=\"wp-image-8480\" srcset=\"https:\/\/www.nextmultimedio.com\/wp-content\/uploads\/2024\/10\/462487049_1076647367799772_1714471688020561976_n-1024x682.jpg 1024w, https:\/\/www.nextmultimedio.com\/wp-content\/uploads\/2024\/10\/462487049_1076647367799772_1714471688020561976_n-300x200.jpg 300w, https:\/\/www.nextmultimedio.com\/wp-content\/uploads\/2024\/10\/462487049_1076647367799772_1714471688020561976_n-768x512.jpg 768w, https:\/\/www.nextmultimedio.com\/wp-content\/uploads\/2024\/10\/462487049_1076647367799772_1714471688020561976_n.jpg 1079w\" sizes=\"auto, (max-width: 1024px) 100vw, 1024px\" \/><\/figure>\n\n\n\n<p>El Intendente Esteban Avil\u00e9s, junto a su equipo de gobierno, reconoci\u00f3 al Ingeniero Marcelo Garc\u00eda con la m\u00e1xima distinci\u00f3n de la ciudad, la Medalla del Centenario.<\/p>\n\n\n\n<p>Hace algunas semanas, Marcelo Garc\u00eda fue reconocido por la Academia Nacional de Ingenier\u00eda como docente destacado, valorando sus proyectos de acercar la ciencia a la comunidad.<\/p>\n\n\n\n<p><a><\/a>Garc\u00eda es vecino de nuestra ciudad, ingeniero civil, docente e investigador reconocido en el \u00e1mbito nacional e internacional.&nbsp; El proyecto Matteo, que impulsa hace a\u00f1os, es tan solo una muestra de su labor con las escuelas.<\/p>\n\n\n\n<p>\u201cMuchas gracias por este reconocimiento, el premio de la Academia Nacional de Ingenier\u00eda tiene que ver con las actividades fuera del aula. La nueva reforma universitaria tiene que ver con salir a la comunidad y vincularse con los vecinos, con la gesti\u00f3n, estamos trabajando en eso. En ese marco esta distinci\u00f3n habla de la importancia de los v\u00ednculos con las autoridades para el trabajo en conjunto y la planificaci\u00f3n permanente\u201d, coment\u00f3 el Ingeniero Marcelo Garc\u00eda.<\/p>\n\n\n\n<p>\u201cMarcelo es una gran persona. Su vocaci\u00f3n, su personalidad, su responsabilidad con la ciudad, han hecho que logre trascendencia nacional como docente. Sabemos que la educaci\u00f3n es la herramienta m\u00e1s importante para el futuro de la ciudad y \u00e9l ha trabajado siempre fomentando la investigaci\u00f3n y asesorando siempre a la comunidad. Esta Medalla del Centenario, que nos llena de orgullo entreg\u00e1rsela a una persona como Marcelo, es una distinci\u00f3n a \u00e9l y a toda su familia, porque sabemos la dedicaci\u00f3n que significa la investigaci\u00f3n y la docencia en favor de la comunidad\u201d, afirm\u00f3 el Intendente Esteban Avil\u00e9s.<\/p>\n\n\n\n<p><a href=\"https:\/\/www.facebook.com\/photo\/?fbid=1076647361133106&amp;set=pcb.1076647411133101&amp;__cft__[0]=AZWIuEz7D9wXBZMF1R9WSg88fdcAnK-RcH8TRVVnW8YPROk5teRWl_ANu_0aEbYQbITJ9MlybFNgKYRrEoN3QjeITwK8o-60LZXHZkgw7qBp53vEihXm5knI3NHa3IVh9ZEFKLUYLUvlNsPxgtJKv1Dq3M1yexaqorR5SAtIBObtmbzcokp5qFWpSzoXEUhc5v2_wfuea5bDAzIfI6ZBZjy8&amp;__tn__=*bH-R\"><\/a><\/p>\n\n\n\n<figure class=\"wp-block-image\"><a href=\"https:\/\/www.facebook.com\/photo\/?fbid=1076647361133106&amp;set=pcb.1076647411133101&amp;__cft__[0]=AZWIuEz7D9wXBZMF1R9WSg88fdcAnK-RcH8TRVVnW8YPROk5teRWl_ANu_0aEbYQbITJ9MlybFNgKYRrEoN3QjeITwK8o-60LZXHZkgw7qBp53vEihXm5knI3NHa3IVh9ZEFKLUYLUvlNsPxgtJKv1Dq3M1yexaqorR5SAtIBObtmbzcokp5qFWpSzoXEUhc5v2_wfuea5bDAzIfI6ZBZjy8&amp;__tn__=*bH-R\"><img decoding=\"async\" src=\"https:\/\/scontent.fcor10-4.fna.fbcdn.net\/v\/t39.30808-6\/462487049_1076647367799772_1714471688020561976_n.jpg?stp=dst-jpg_p526x395&amp;_nc_cat=103&amp;ccb=1-7&amp;_nc_sid=127cfc&amp;_nc_eui2=AeE9rLqc0awaVvz1lry-c6JvCubyfimILW4K5vJ-KYgtbi0ThbmrUUvrzfP_Y3oDbNA&amp;_nc_ohc=GGIF-q7PNmMQ7kNvgEoLzcr&amp;_nc_zt=23&amp;_nc_ht=scontent.fcor10-4.fna&amp;_nc_gid=AjtTYDW6O6bV1yccHlYHrdy&amp;oh=00_AYCw8ZsFYEpoTIWqcWFO6gEZQU4ALDGKUPOPFraKq73kgQ&amp;oe=670E0A34\" alt=\"\"\/><\/a><\/figure>\n\n\n\n<p><a href=\"https:\/\/www.facebook.com\/photo\/?fbid=1076647347799774&amp;set=pcb.1076647411133101&amp;__cft__[0]=AZWIuEz7D9wXBZMF1R9WSg88fdcAnK-RcH8TRVVnW8YPROk5teRWl_ANu_0aEbYQbITJ9MlybFNgKYRrEoN3QjeITwK8o-60LZXHZkgw7qBp53vEihXm5knI3NHa3IVh9ZEFKLUYLUvlNsPxgtJKv1Dq3M1yexaqorR5SAtIBObtmbzcokp5qFWpSzoXEUhc5v2_wfuea5bDAzIfI6ZBZjy8&amp;__tn__=*bH-R\"><\/a><\/p>\n\n\n\n<figure class=\"wp-block-image\"><a href=\"https:\/\/www.facebook.com\/photo\/?fbid=1076647347799774&amp;set=pcb.1076647411133101&amp;__cft__[0]=AZWIuEz7D9wXBZMF1R9WSg88fdcAnK-RcH8TRVVnW8YPROk5teRWl_ANu_0aEbYQbITJ9MlybFNgKYRrEoN3QjeITwK8o-60LZXHZkgw7qBp53vEihXm5knI3NHa3IVh9ZEFKLUYLUvlNsPxgtJKv1Dq3M1yexaqorR5SAtIBObtmbzcokp5qFWpSzoXEUhc5v2_wfuea5bDAzIfI6ZBZjy8&amp;__tn__=*bH-R\"><img decoding=\"async\" src=\"https:\/\/scontent.fcor10-4.fna.fbcdn.net\/v\/t39.30808-6\/462615793_1076647364466439_9169146948065490672_n.jpg?stp=dst-jpg_p526x395&amp;_nc_cat=103&amp;ccb=1-7&amp;_nc_sid=127cfc&amp;_nc_eui2=AeGKVA7etCtm7zhpG9THQWWcnBJBycMcFUucEkHJwxwVS7j2eSseBCymdO6WM0Llirc&amp;_nc_ohc=WYjlth1DT_EQ7kNvgF7zemY&amp;_nc_zt=23&amp;_nc_ht=scontent.fcor10-4.fna&amp;_nc_gid=AjtTYDW6O6bV1yccHlYHrdy&amp;oh=00_AYBKsE1R_uGBxWT_DvsSKu65ug-4DTRGkMou21iXZem3Dw&amp;oe=670E3AE3\" alt=\"\"\/><\/a><\/figure>\n\n\n\n<p><a href=\"https:\/\/www.facebook.com\/photo\/?fbid=1076647354466440&amp;set=pcb.1076647411133101&amp;__cft__[0]=AZWIuEz7D9wXBZMF1R9WSg88fdcAnK-RcH8TRVVnW8YPROk5teRWl_ANu_0aEbYQbITJ9MlybFNgKYRrEoN3QjeITwK8o-60LZXHZkgw7qBp53vEihXm5knI3NHa3IVh9ZEFKLUYLUvlNsPxgtJKv1Dq3M1yexaqorR5SAtIBObtmbzcokp5qFWpSzoXEUhc5v2_wfuea5bDAzIfI6ZBZjy8&amp;__tn__=*bH-R\"><\/a><\/p>\n\n\n\n<figure class=\"wp-block-image\"><a href=\"https:\/\/www.facebook.com\/photo\/?fbid=1076647354466440&amp;set=pcb.1076647411133101&amp;__cft__[0]=AZWIuEz7D9wXBZMF1R9WSg88fdcAnK-RcH8TRVVnW8YPROk5teRWl_ANu_0aEbYQbITJ9MlybFNgKYRrEoN3QjeITwK8o-60LZXHZkgw7qBp53vEihXm5knI3NHa3IVh9ZEFKLUYLUvlNsPxgtJKv1Dq3M1yexaqorR5SAtIBObtmbzcokp5qFWpSzoXEUhc5v2_wfuea5bDAzIfI6ZBZjy8&amp;__tn__=*bH-R\"><img decoding=\"async\" src=\"https:\/\/scontent.fcor10-3.fna.fbcdn.net\/v\/t39.30808-6\/462595279_1076647371133105_4530427337635841305_n.jpg?stp=dst-jpg_p526x395&amp;_nc_cat=101&amp;ccb=1-7&amp;_nc_sid=127cfc&amp;_nc_eui2=AeFg6ufO9_yJUJUHOu04zxMFdWSssMUTevh1ZKywxRN6-FEIFm52BTCxF45cwY1pF7M&amp;_nc_ohc=l-RMKKEG6bsQ7kNvgGfv7Xw&amp;_nc_zt=23&amp;_nc_ht=scontent.fcor10-3.fna&amp;_nc_gid=AjtTYDW6O6bV1yccHlYHrdy&amp;oh=00_AYDfh16Szr_YvhGy-IjrSoA9riMdFOlhoRGDT6sTF4yyZQ&amp;oe=670E10EC\" alt=\"\"\/><\/a><\/figure>\n","protected":false},"excerpt":{"rendered":"<p>El Intendente Esteban Avil\u00e9s, junto a su equipo de gobierno, reconoci\u00f3 al Ingeniero Marcelo Garc\u00eda con la m\u00e1xima distinci\u00f3n de la ciudad, la Medalla del Centenario. Hace algunas semanas, Marcelo Garc\u00eda fue reconocido por la Academia Nacional de Ingenier\u00eda como docente destacado, valorando sus proyectos de acercar la ciencia a la comunidad. Garc\u00eda es vecino [&hellip;]<\/p>\n","protected":false},"author":1,"featured_media":8480,"comment_status":"closed","ping_status":"closed","sticky":false,"template":"","format":"standard","meta":{"footnotes":""},"categories":[69],"tags":[345],"class_list":["post-8479","post","type-post","status-publish","format-standard","has-post-thumbnail","hentry","category-noticias","tag-destacar"],"_links":{"self":[{"href":"https:\/\/www.nextmultimedio.com\/index.php?rest_route=\/wp\/v2\/posts\/8479","targetHints":{"allow":["GET"]}}],"collection":[{"href":"https:\/\/www.nextmultimedio.com\/index.php?rest_route=\/wp\/v2\/posts"}],"about":[{"href":"https:\/\/www.nextmultimedio.com\/index.php?rest_route=\/wp\/v2\/types\/post"}],"author":[{"embeddable":true,"href":"https:\/\/www.nextmultimedio.com\/index.php?rest_route=\/wp\/v2\/users\/1"}],"replies":[{"embeddable":true,"href":"https:\/\/www.nextmultimedio.com\/index.php?rest_route=%2Fwp%2Fv2%2Fcomments&post=8479"}],"version-history":[{"count":1,"href":"https:\/\/www.nextmultimedio.com\/index.php?rest_route=\/wp\/v2\/posts\/8479\/revisions"}],"predecessor-version":[{"id":8481,"href":"https:\/\/www.nextmultimedio.com\/index.php?rest_route=\/wp\/v2\/posts\/8479\/revisions\/8481"}],"wp:featuredmedia":[{"embeddable":true,"href":"https:\/\/www.nextmultimedio.com\/index.php?rest_route=\/wp\/v2\/media\/8480"}],"wp:attachment":[{"href":"https:\/\/www.nextmultimedio.com\/index.php?rest_route=%2Fwp%2Fv2%2Fmedia&parent=8479"}],"wp:term":[{"taxonomy":"category","embeddable":true,"href":"https:\/\/www.nextmultimedio.com\/index.php?rest_route=%2Fwp%2Fv2%2Fcategories&post=8479"},{"taxonomy":"post_tag","embeddable":true,"href":"https:\/\/www.nextmultimedio.com\/index.php?rest_route=%2Fwp%2Fv2%2Ftags&post=8479"}],"curies":[{"name":"wp","href":"https:\/\/api.w.org\/{rel}","templated":true}]}}