{"id":8458,"date":"2024-10-08T19:32:43","date_gmt":"2024-10-08T22:32:43","guid":{"rendered":"https:\/\/www.nextmultimedio.com\/?p=8458"},"modified":"2024-10-08T19:32:43","modified_gmt":"2024-10-08T22:32:43","slug":"ante-industriales-llaryora-reivindico-el-modelo-cordobes-sustentado-en-el-superavit-fiscal-y-en-una-alianza-estrategica-con-el-sector-privado-y-las-universidades","status":"publish","type":"post","link":"https:\/\/www.nextmultimedio.com\/?p=8458","title":{"rendered":"ANTE INDUSTRIALES, LLARYORA REIVINDIC\u00d3 EL MODELO CORDOB\u00c9S SUSTENTADO EN EL SUPER\u00c1VIT FISCAL Y EN UNA ALIANZA ESTRAT\u00c9GICA CON EL SECTOR PRIVADO Y LAS UNIVERSIDADES"},"content":{"rendered":"\n<figure class=\"wp-block-image size-full\"><img loading=\"lazy\" decoding=\"async\" width=\"1024\" height=\"683\" src=\"https:\/\/www.nextmultimedio.com\/wp-content\/uploads\/2024\/10\/2024-10-08-16\u00b0-Coloquio-IUC-Centro-de-Convenciones-Cordoba-19424-1-1024x683-1.jpg\" alt=\"\" class=\"wp-image-8459\" srcset=\"https:\/\/www.nextmultimedio.com\/wp-content\/uploads\/2024\/10\/2024-10-08-16\u00b0-Coloquio-IUC-Centro-de-Convenciones-Cordoba-19424-1-1024x683-1.jpg 1024w, https:\/\/www.nextmultimedio.com\/wp-content\/uploads\/2024\/10\/2024-10-08-16\u00b0-Coloquio-IUC-Centro-de-Convenciones-Cordoba-19424-1-1024x683-1-300x200.jpg 300w, https:\/\/www.nextmultimedio.com\/wp-content\/uploads\/2024\/10\/2024-10-08-16\u00b0-Coloquio-IUC-Centro-de-Convenciones-Cordoba-19424-1-1024x683-1-768x512.jpg 768w\" sizes=\"auto, (max-width: 1024px) 100vw, 1024px\" \/><\/figure>\n\n\n\n<p>El gobernador Mart\u00edn Llaryora junto al titular de la Uni\u00f3n Industrial de C\u00f3rdoba, Luis Macario, encabezaron la apertura del 16\u00b0 Coloquio Industrial que se lleva a cabo este martes en el Centro de Convenciones C\u00f3rdoba.<\/p>\n\n\n\n<p>Con la presencia de m\u00e1s de 700 empresarios, referentes de la industria, autoridades gubernamentales y acad\u00e9micos, la jornada es un espacio clave para el debate y el an\u00e1lisis de los desaf\u00edos actuales y futuros de la industria.<\/p>\n\n\n\n<p>Bajo el lema \u201cSomos industria: desaf\u00edos y oportunidades para la transformaci\u00f3n productiva\u201d, en diferentes charlas y exposiciones se abordan tem\u00e1ticas de coyuntura econ\u00f3mica y pol\u00edtica.<\/p>\n\n\n\n<p>El gobernador valor\u00f3 el trabajo conjunto y sostuvo que&nbsp;<em>\u201cen C\u00f3rdoba se puede pensar distinto, pero lo importante es trabajar juntos. La Uni\u00f3n Industrial ha hecho un culto de eso en todo este tiempo. Se puede hacer aportes, se puede hacer cr\u00edticas, se puede hacer sugerencias, pero trabajamos juntos\u201d<\/em>.<\/p>\n\n\n\n<p>El mandatario cordob\u00e9s agradeci\u00f3 a los industriales<em>&nbsp;\u201cporque en este momento tan dif\u00edcil est\u00e1n haciendo lo posible y lo imposible por no suspender ni despedir a nadie. S\u00e9 del esfuerzo que est\u00e1n haciendo, y en C\u00f3rdoba nunca queremos que lo hagan solos y siempre estamos acompa\u00f1ando con diversas iniciativas\u201d.<\/em><\/p>\n\n\n\n<p>En este sentido, Llaryora destac\u00f3 el trabajo articulado entre el Gobierno de C\u00f3rdoba y el sector privado, a trav\u00e9s de mesas de trabajo conjunto de la que surgen pol\u00edticas p\u00fablicas orientadas a impulsar el desarrollo y la producci\u00f3n. Adem\u00e1s, ratific\u00f3 la decisi\u00f3n de sostener las inversiones en infraestructura para el desarrollo de m\u00e1s industrias y parques industriales en todo el territorio provincial.<\/p>\n\n\n\n<p><em>\u201cEn C\u00f3rdoba tenemos super\u00e1vit fiscal, super\u00e1vit primario, y lo hemos utilizado para el desarrollo de infraestructura, que es la madre del progreso\u201d<\/em>, afirm\u00f3.<\/p>\n\n\n\n<p>A su turno, Luis Macario, sostuvo:&nbsp;<em>\u201cVenimos a proponer soluciones y ser parte de una Argentina grande. Nuestro prop\u00f3sito es el progreso\u201d<\/em>, y a\u00f1adi\u00f3 que&nbsp;<em>\u201cal Gobierno de C\u00f3rdoba le reiteramos nuestro compromiso y nuestra buena fe que la Uni\u00f3n Industrial de C\u00f3rdoba tendr\u00e1 toda la colaboraci\u00f3n para defender el acuerdo productivo\u201d.<\/em><\/p>\n\n\n\n<p>Adem\u00e1s, recomend\u00f3 a los referentes del sector productivo acercarse a trabajar con las Agencias de la Provincia \u201cporque seguramente van a encontrar proyectos que nos van a ayudar a evolucionar y a crecer\u201d.<\/p>\n\n\n\n<p>El Coloquio tambi\u00e9n contar\u00e1 con la presencia del jefe del Gabinete de Ministros de la Naci\u00f3n, Guillermo Francos; el intendente de la ciudad de C\u00f3rdoba, Daniel Passerini; el presidente de la Uni\u00f3n Industrial Argentina, Daniel Funes de Rioja; el secretario de Industria de la Naci\u00f3n, Pablo Lanzini; el ministro de Producci\u00f3n, Ciencia e Innovaci\u00f3n Tecnol\u00f3gica, Pedro Dellarossa; entre otros.<\/p>\n\n\n\n<p><\/p>\n","protected":false},"excerpt":{"rendered":"<p>El gobernador Mart\u00edn Llaryora junto al titular de la Uni\u00f3n Industrial de C\u00f3rdoba, Luis Macario, encabezaron la apertura del 16\u00b0 Coloquio Industrial que se lleva a cabo este martes en el Centro de Convenciones C\u00f3rdoba. Con la presencia de m\u00e1s de 700 empresarios, referentes de la industria, autoridades gubernamentales y acad\u00e9micos, la jornada es un [&hellip;]<\/p>\n","protected":false},"author":1,"featured_media":8459,"comment_status":"closed","ping_status":"closed","sticky":false,"template":"","format":"standard","meta":{"footnotes":""},"categories":[69],"tags":[345],"class_list":["post-8458","post","type-post","status-publish","format-standard","has-post-thumbnail","hentry","category-noticias","tag-destacar"],"_links":{"self":[{"href":"https:\/\/www.nextmultimedio.com\/index.php?rest_route=\/wp\/v2\/posts\/8458","targetHints":{"allow":["GET"]}}],"collection":[{"href":"https:\/\/www.nextmultimedio.com\/index.php?rest_route=\/wp\/v2\/posts"}],"about":[{"href":"https:\/\/www.nextmultimedio.com\/index.php?rest_route=\/wp\/v2\/types\/post"}],"author":[{"embeddable":true,"href":"https:\/\/www.nextmultimedio.com\/index.php?rest_route=\/wp\/v2\/users\/1"}],"replies":[{"embeddable":true,"href":"https:\/\/www.nextmultimedio.com\/index.php?rest_route=%2Fwp%2Fv2%2Fcomments&post=8458"}],"version-history":[{"count":1,"href":"https:\/\/www.nextmultimedio.com\/index.php?rest_route=\/wp\/v2\/posts\/8458\/revisions"}],"predecessor-version":[{"id":8460,"href":"https:\/\/www.nextmultimedio.com\/index.php?rest_route=\/wp\/v2\/posts\/8458\/revisions\/8460"}],"wp:featuredmedia":[{"embeddable":true,"href":"https:\/\/www.nextmultimedio.com\/index.php?rest_route=\/wp\/v2\/media\/8459"}],"wp:attachment":[{"href":"https:\/\/www.nextmultimedio.com\/index.php?rest_route=%2Fwp%2Fv2%2Fmedia&parent=8458"}],"wp:term":[{"taxonomy":"category","embeddable":true,"href":"https:\/\/www.nextmultimedio.com\/index.php?rest_route=%2Fwp%2Fv2%2Fcategories&post=8458"},{"taxonomy":"post_tag","embeddable":true,"href":"https:\/\/www.nextmultimedio.com\/index.php?rest_route=%2Fwp%2Fv2%2Ftags&post=8458"}],"curies":[{"name":"wp","href":"https:\/\/api.w.org\/{rel}","templated":true}]}}