{"id":8452,"date":"2024-10-08T19:23:41","date_gmt":"2024-10-08T22:23:41","guid":{"rendered":"https:\/\/www.nextmultimedio.com\/?p=8452"},"modified":"2024-10-08T19:33:39","modified_gmt":"2024-10-08T22:33:39","slug":"el-deportista-local-matias-sosa-campi-recibio-una-ayuda-economica-de-parte-del-municipio","status":"publish","type":"post","link":"https:\/\/www.nextmultimedio.com\/?p=8452","title":{"rendered":"EL DEPORTISTA LOCAL MAT\u00cdAS SOSA CAMPI RECIBI\u00d3 UNA AYUDA ECON\u00d3MICA DE PARTE DEL MUNICIPIO"},"content":{"rendered":"\n<figure class=\"wp-block-image size-large\"><img loading=\"lazy\" decoding=\"async\" width=\"1024\" height=\"768\" src=\"https:\/\/www.nextmultimedio.com\/wp-content\/uploads\/2024\/10\/462273952_1074957161302126_4619201587910115814_n-1024x768.jpg\" alt=\"\" class=\"wp-image-8453\" srcset=\"https:\/\/www.nextmultimedio.com\/wp-content\/uploads\/2024\/10\/462273952_1074957161302126_4619201587910115814_n-1024x768.jpg 1024w, https:\/\/www.nextmultimedio.com\/wp-content\/uploads\/2024\/10\/462273952_1074957161302126_4619201587910115814_n-300x225.jpg 300w, https:\/\/www.nextmultimedio.com\/wp-content\/uploads\/2024\/10\/462273952_1074957161302126_4619201587910115814_n-768x576.jpg 768w, https:\/\/www.nextmultimedio.com\/wp-content\/uploads\/2024\/10\/462273952_1074957161302126_4619201587910115814_n.jpg 1080w\" sizes=\"auto, (max-width: 1024px) 100vw, 1024px\" \/><\/figure>\n\n\n\n<p>El deportista local Mat\u00edas Sosa Campi (artes marciales mixtas) recibi\u00f3 esta ma\u00f1ana por parte del Gobierno de la Ciudad una ayuda econ\u00f3mica en concepto de est\u00edmulo deportivo.<br><br>Esta ayuda&nbsp;est\u00e1 destinada a solventar en parte los gastos relacionados con los diferentes compromisos de los calendarios deportivos que tiene por delante el deportista local.<br><br>En este sentido, Mat\u00edas Sosa Campi, expres\u00f3: \u201cEstamos muy contentos por el acompa\u00f1amiento de la Municipalidad, es importante la difusi\u00f3n de todas las actividades deportivas que se realizan en la ciudad con eventos como el que llevamos adelante hace poco tiempo en el Club Sarmiento con una gran convocatoria de deportistas de la ciudad. Vamos a estar representando a Villa Carlos Paz como integrante del cuerpo t\u00e9cnico de la Selecci\u00f3n Nacional en el Mundial de Kickboxing en Espa\u00f1a en las pr\u00f3ximas semanas\u201d.<br><br>\u201cEs una prioridad poder acompa\u00f1ar al deporte de la ciudad, desde hace muchos a\u00f1os llevamos adelante esta pol\u00edtica de estar cerca de los deportistas y las instituciones que representan con mucho orgullo a la ciudad en todos los \u00e1mbitos, ya sea de manera recreativa o competitiva como es el caso de Mat\u00edas Sosa Campi. En lo personal queremos agradecerle porque brinda un espacio de contenci\u00f3n deportiva con su gimnasio para much\u00edsimas familias de la ciudad\u201d, destac\u00f3 el Intendente Esteban Avil\u00e9s.&nbsp;<\/p>\n\n\n\n<p><\/p>\n\n\n\n\n\n<p><\/p>\n","protected":false},"excerpt":{"rendered":"<p>El deportista local Mat\u00edas Sosa Campi (artes marciales mixtas) recibi\u00f3 esta ma\u00f1ana por parte del Gobierno de la Ciudad una ayuda econ\u00f3mica en concepto de est\u00edmulo deportivo. Esta ayuda&nbsp;est\u00e1 destinada a solventar en parte los gastos relacionados con los diferentes compromisos de los calendarios deportivos que tiene por delante el deportista local. En este sentido, [&hellip;]<\/p>\n","protected":false},"author":1,"featured_media":8453,"comment_status":"closed","ping_status":"closed","sticky":false,"template":"","format":"standard","meta":{"footnotes":""},"categories":[69],"tags":[345],"class_list":["post-8452","post","type-post","status-publish","format-standard","has-post-thumbnail","hentry","category-noticias","tag-destacar"],"_links":{"self":[{"href":"https:\/\/www.nextmultimedio.com\/index.php?rest_route=\/wp\/v2\/posts\/8452","targetHints":{"allow":["GET"]}}],"collection":[{"href":"https:\/\/www.nextmultimedio.com\/index.php?rest_route=\/wp\/v2\/posts"}],"about":[{"href":"https:\/\/www.nextmultimedio.com\/index.php?rest_route=\/wp\/v2\/types\/post"}],"author":[{"embeddable":true,"href":"https:\/\/www.nextmultimedio.com\/index.php?rest_route=\/wp\/v2\/users\/1"}],"replies":[{"embeddable":true,"href":"https:\/\/www.nextmultimedio.com\/index.php?rest_route=%2Fwp%2Fv2%2Fcomments&post=8452"}],"version-history":[{"count":1,"href":"https:\/\/www.nextmultimedio.com\/index.php?rest_route=\/wp\/v2\/posts\/8452\/revisions"}],"predecessor-version":[{"id":8454,"href":"https:\/\/www.nextmultimedio.com\/index.php?rest_route=\/wp\/v2\/posts\/8452\/revisions\/8454"}],"wp:featuredmedia":[{"embeddable":true,"href":"https:\/\/www.nextmultimedio.com\/index.php?rest_route=\/wp\/v2\/media\/8453"}],"wp:attachment":[{"href":"https:\/\/www.nextmultimedio.com\/index.php?rest_route=%2Fwp%2Fv2%2Fmedia&parent=8452"}],"wp:term":[{"taxonomy":"category","embeddable":true,"href":"https:\/\/www.nextmultimedio.com\/index.php?rest_route=%2Fwp%2Fv2%2Fcategories&post=8452"},{"taxonomy":"post_tag","embeddable":true,"href":"https:\/\/www.nextmultimedio.com\/index.php?rest_route=%2Fwp%2Fv2%2Ftags&post=8452"}],"curies":[{"name":"wp","href":"https:\/\/api.w.org\/{rel}","templated":true}]}}