{"id":8446,"date":"2024-10-07T21:32:38","date_gmt":"2024-10-08T00:32:38","guid":{"rendered":"https:\/\/www.nextmultimedio.com\/?p=8446"},"modified":"2024-10-07T21:32:39","modified_gmt":"2024-10-08T00:32:39","slug":"llega-una-nueva-edicion-de-la-feria-internacional-del-libro","status":"publish","type":"post","link":"https:\/\/www.nextmultimedio.com\/?p=8446","title":{"rendered":"LLEGA UNA NUEVA EDICI\u00d3N DE LA FERIA INTERNACIONAL DEL LIBRO"},"content":{"rendered":"\n<figure class=\"wp-block-image size-large\"><img loading=\"lazy\" decoding=\"async\" width=\"1024\" height=\"682\" src=\"https:\/\/www.nextmultimedio.com\/wp-content\/uploads\/2024\/10\/462260827_1074154851382357_208261604040293802_n-1024x682.jpg\" alt=\"\" class=\"wp-image-8447\" srcset=\"https:\/\/www.nextmultimedio.com\/wp-content\/uploads\/2024\/10\/462260827_1074154851382357_208261604040293802_n-1024x682.jpg 1024w, https:\/\/www.nextmultimedio.com\/wp-content\/uploads\/2024\/10\/462260827_1074154851382357_208261604040293802_n-300x200.jpg 300w, https:\/\/www.nextmultimedio.com\/wp-content\/uploads\/2024\/10\/462260827_1074154851382357_208261604040293802_n-768x512.jpg 768w, https:\/\/www.nextmultimedio.com\/wp-content\/uploads\/2024\/10\/462260827_1074154851382357_208261604040293802_n.jpg 1079w\" sizes=\"auto, (max-width: 1024px) 100vw, 1024px\" \/><\/figure>\n\n\n\n<p>Se present\u00f3 la 1\u00b0 Edici\u00f3n Internacional de la Feria del Libro 2024 de Villa Carlos Paz Esteban Avil\u00e9s: \u201cEsta primera Feria Internacional nos llena de orgullo a todos los carlospacenses, profundizando nuestra identidad y llevando nuestra cultura al mundo\u201d<\/p>\n\n\n\n<p>Este evento de gran importancia tur\u00edstica y cultural tendr\u00e1 lugar desde el jueves 31 de octubre al lunes 4 de noviembre (D\u00eda de la Identidad Carlospacense) en el Paseo de los Artesanos de nuestra ciudad, un espacio para <a><\/a>fortalecer la Identidad Carlospacense y consolidar nuestra cultura como producto del turismo internacional, con la participaci\u00f3n de escritores, poetas y exponente del mundo.<\/p>\n\n\n\n<p>\u201cEsta primera Feria Internacional nos llena de orgullo a todos los carlospacenses, profundizando nuestra identidad y llevando nuestra cultura al mundo. Adem\u00e1s, se realizar\u00e1 un espacio clave para todos nosotros, en el Paseo de los Artesanos. Va a ser un evento muy importante con el trabajo conjunto entre Municipio, la Comisi\u00f3n de Identidad y escritores locales para transformar este evento, de caracter\u00edsticas \u00fanicas, en un producto de trascendencia mundial\u201d, aclar\u00f3 el Intendente Esteban Avil\u00e9s y agreg\u00f3 \u201cla identidad es lo que somos y este evento proyectar\u00e1 y potenciar\u00e1 nuestro turismo internacional. Es un gran desaf\u00edo\u201d.<\/p>\n\n\n\n<p>La Feria, que este a\u00f1o forma parte del calendario nacional de Ferias del Libro Itinerante, se extender\u00e1 por 4 d\u00edas en un lugar clave en la cultura local como es el Paseo de los Artesanos de la ciudad con el objetivo de generar un espacio para fortalecer la identidad carlospacense y consolidar nuestra cultura como producto del turismo internacional.<\/p>\n\n\n\n<p><a href=\"https:\/\/www.facebook.com\/photo\/?fbid=1074154848049024&amp;set=a.356501556481027&amp;__cft__[0]=AZU2MWUlgFmZ_4nwrhcMEnKmat91emXI-In0FPoT4nrfb4TN3fiLPoVEXsBAFcb2YEe1J9fdH3WDF-3PkyLfp_b0-vXwoPgauveFTAb4jvfxHsiSt1CD5tep3Zv2BVuGYBmB2aYpe8Cy-Mq6tYZEZU6JoE8WgIBjk6Kx5qomVSA5nkEyxqORGBq4XVS1zmyJ8eb8WSEFR-65WrCiIq0N5DQ2&amp;__tn__=EH-R\"><\/a><\/p>\n","protected":false},"excerpt":{"rendered":"<p>Se present\u00f3 la 1\u00b0 Edici\u00f3n Internacional de la Feria del Libro 2024 de Villa Carlos Paz Esteban Avil\u00e9s: \u201cEsta primera Feria Internacional nos llena de orgullo a todos los carlospacenses, profundizando nuestra identidad y llevando nuestra cultura al mundo\u201d Este evento de gran importancia tur\u00edstica y cultural tendr\u00e1 lugar desde el jueves 31 de octubre [&hellip;]<\/p>\n","protected":false},"author":1,"featured_media":8447,"comment_status":"closed","ping_status":"closed","sticky":false,"template":"","format":"standard","meta":{"footnotes":""},"categories":[69],"tags":[345],"class_list":["post-8446","post","type-post","status-publish","format-standard","has-post-thumbnail","hentry","category-noticias","tag-destacar"],"_links":{"self":[{"href":"https:\/\/www.nextmultimedio.com\/index.php?rest_route=\/wp\/v2\/posts\/8446","targetHints":{"allow":["GET"]}}],"collection":[{"href":"https:\/\/www.nextmultimedio.com\/index.php?rest_route=\/wp\/v2\/posts"}],"about":[{"href":"https:\/\/www.nextmultimedio.com\/index.php?rest_route=\/wp\/v2\/types\/post"}],"author":[{"embeddable":true,"href":"https:\/\/www.nextmultimedio.com\/index.php?rest_route=\/wp\/v2\/users\/1"}],"replies":[{"embeddable":true,"href":"https:\/\/www.nextmultimedio.com\/index.php?rest_route=%2Fwp%2Fv2%2Fcomments&post=8446"}],"version-history":[{"count":1,"href":"https:\/\/www.nextmultimedio.com\/index.php?rest_route=\/wp\/v2\/posts\/8446\/revisions"}],"predecessor-version":[{"id":8448,"href":"https:\/\/www.nextmultimedio.com\/index.php?rest_route=\/wp\/v2\/posts\/8446\/revisions\/8448"}],"wp:featuredmedia":[{"embeddable":true,"href":"https:\/\/www.nextmultimedio.com\/index.php?rest_route=\/wp\/v2\/media\/8447"}],"wp:attachment":[{"href":"https:\/\/www.nextmultimedio.com\/index.php?rest_route=%2Fwp%2Fv2%2Fmedia&parent=8446"}],"wp:term":[{"taxonomy":"category","embeddable":true,"href":"https:\/\/www.nextmultimedio.com\/index.php?rest_route=%2Fwp%2Fv2%2Fcategories&post=8446"},{"taxonomy":"post_tag","embeddable":true,"href":"https:\/\/www.nextmultimedio.com\/index.php?rest_route=%2Fwp%2Fv2%2Ftags&post=8446"}],"curies":[{"name":"wp","href":"https:\/\/api.w.org\/{rel}","templated":true}]}}