{"id":8349,"date":"2024-09-28T23:59:22","date_gmt":"2024-09-29T02:59:22","guid":{"rendered":"https:\/\/www.nextmultimedio.com\/?p=8349"},"modified":"2024-09-28T23:59:23","modified_gmt":"2024-09-29T02:59:23","slug":"este-domingo-llega-el-evento-primaverate-fest","status":"publish","type":"post","link":"https:\/\/www.nextmultimedio.com\/?p=8349","title":{"rendered":"ESTE DOMINGO LLEGA EL EVENTO &#8220;PRIMAVERATE FEST&#8221;"},"content":{"rendered":"<div class=\"wp-block-image\">\n<figure class=\"aligncenter size-large\"><img loading=\"lazy\" decoding=\"async\" width=\"750\" height=\"750\" src=\"https:\/\/www.nextmultimedio.com\/wp-content\/uploads\/2024\/09\/461332825_122139773450301697_4590630427719099001_n-edited.jpg\" alt=\"\" class=\"wp-image-8351\" srcset=\"https:\/\/www.nextmultimedio.com\/wp-content\/uploads\/2024\/09\/461332825_122139773450301697_4590630427719099001_n-edited.jpg 750w, https:\/\/www.nextmultimedio.com\/wp-content\/uploads\/2024\/09\/461332825_122139773450301697_4590630427719099001_n-edited-300x300.jpg 300w\" sizes=\"auto, (max-width: 750px) 100vw, 750px\" \/><\/figure>\n<\/div>\n\n\n<p>&#8220;Primaverate Fest&#8221; es el primer evento que llevar\u00e1 a cabo la productora Mevak en Villa Carlos Paz, dirigido a los ni\u00f1os y ni\u00f1as y sus familias, con un fin solidario.<\/p>\n\n\n\n<p>El objetivo que buscan lograr los organizadores, es que \u00ablos padres vuelvan a ser ni\u00f1os durante el evento, y que jueguen con sus hijos. Los padres no los dejan a los chicos en el evento, sino que se vinculan y juegan con ellos\u00bb, expres\u00f3 Yesica Britos, una de las gestoras el evento, en di\u00e1logo con Qu\u00e9 hacemos ma.<\/p>\n\n\n\n<p>El <a><\/a>mismo se realizar\u00e1 este domingo 29 de septiembre a partir de las 16 hs hasta las 19 hs en el Parque de Asistencia.<\/p>\n\n\n\n<p>La entrada es un alimento no perecedero o juguetes, que ser\u00e1n destinados a dos organizaciones: Fundaci\u00f3n del Batman Solidario Cba que promueve la solidaridad y el amor, dibujando sonrisas en los ni\u00f1os internados, y Refugio Nocturno Cura Brochero de Carlos Paz.<\/p>\n","protected":false},"excerpt":{"rendered":"<p>&#8220;Primaverate Fest&#8221; es el primer evento que llevar\u00e1 a cabo la productora Mevak en Villa Carlos Paz, dirigido a los ni\u00f1os y ni\u00f1as y sus familias, con un fin solidario. El objetivo que buscan lograr los organizadores, es que \u00ablos padres vuelvan a ser ni\u00f1os durante el evento, y que jueguen con sus hijos. Los [&hellip;]<\/p>\n","protected":false},"author":1,"featured_media":8351,"comment_status":"closed","ping_status":"closed","sticky":false,"template":"","format":"standard","meta":{"footnotes":""},"categories":[69],"tags":[345],"class_list":["post-8349","post","type-post","status-publish","format-standard","has-post-thumbnail","hentry","category-noticias","tag-destacar"],"_links":{"self":[{"href":"https:\/\/www.nextmultimedio.com\/index.php?rest_route=\/wp\/v2\/posts\/8349","targetHints":{"allow":["GET"]}}],"collection":[{"href":"https:\/\/www.nextmultimedio.com\/index.php?rest_route=\/wp\/v2\/posts"}],"about":[{"href":"https:\/\/www.nextmultimedio.com\/index.php?rest_route=\/wp\/v2\/types\/post"}],"author":[{"embeddable":true,"href":"https:\/\/www.nextmultimedio.com\/index.php?rest_route=\/wp\/v2\/users\/1"}],"replies":[{"embeddable":true,"href":"https:\/\/www.nextmultimedio.com\/index.php?rest_route=%2Fwp%2Fv2%2Fcomments&post=8349"}],"version-history":[{"count":1,"href":"https:\/\/www.nextmultimedio.com\/index.php?rest_route=\/wp\/v2\/posts\/8349\/revisions"}],"predecessor-version":[{"id":8352,"href":"https:\/\/www.nextmultimedio.com\/index.php?rest_route=\/wp\/v2\/posts\/8349\/revisions\/8352"}],"wp:featuredmedia":[{"embeddable":true,"href":"https:\/\/www.nextmultimedio.com\/index.php?rest_route=\/wp\/v2\/media\/8351"}],"wp:attachment":[{"href":"https:\/\/www.nextmultimedio.com\/index.php?rest_route=%2Fwp%2Fv2%2Fmedia&parent=8349"}],"wp:term":[{"taxonomy":"category","embeddable":true,"href":"https:\/\/www.nextmultimedio.com\/index.php?rest_route=%2Fwp%2Fv2%2Fcategories&post=8349"},{"taxonomy":"post_tag","embeddable":true,"href":"https:\/\/www.nextmultimedio.com\/index.php?rest_route=%2Fwp%2Fv2%2Ftags&post=8349"}],"curies":[{"name":"wp","href":"https:\/\/api.w.org\/{rel}","templated":true}]}}