{"id":8343,"date":"2024-09-28T23:44:48","date_gmt":"2024-09-29T02:44:48","guid":{"rendered":"https:\/\/www.nextmultimedio.com\/?p=8343"},"modified":"2024-09-28T23:44:49","modified_gmt":"2024-09-29T02:44:49","slug":"incendios-hubo-reinicios-en-punilla-y-continua-el-combate-de-las-llamas-en-quebrada-de-la-mermela","status":"publish","type":"post","link":"https:\/\/www.nextmultimedio.com\/?p=8343","title":{"rendered":"INCENDIOS: HUBO REINICIOS EN PUNILLA Y CONTIN\u00daA EL COMBATE DE LAS LLAMAS EN QUEBRADA DE LA MERMELA"},"content":{"rendered":"\n<p><strong>Bomberos trabajan en inmediaciones de San Marcos Sierras para contener las llamas.<br>Se esperan d\u00edas con condiciones clim\u00e1ticas adversas.<\/strong><\/p>\n\n\n\n<figure class=\"wp-block-image size-large\"><img loading=\"lazy\" decoding=\"async\" width=\"1024\" height=\"682\" src=\"https:\/\/www.nextmultimedio.com\/wp-content\/uploads\/2024\/09\/WhatsApp-Image-2024-09-03-at-20.54.50-1-1024x682.jpeg\" alt=\"\" class=\"wp-image-8344\" srcset=\"https:\/\/www.nextmultimedio.com\/wp-content\/uploads\/2024\/09\/WhatsApp-Image-2024-09-03-at-20.54.50-1-1024x682.jpeg 1024w, https:\/\/www.nextmultimedio.com\/wp-content\/uploads\/2024\/09\/WhatsApp-Image-2024-09-03-at-20.54.50-1-300x200.jpeg 300w, https:\/\/www.nextmultimedio.com\/wp-content\/uploads\/2024\/09\/WhatsApp-Image-2024-09-03-at-20.54.50-1-768x512.jpeg 768w, https:\/\/www.nextmultimedio.com\/wp-content\/uploads\/2024\/09\/WhatsApp-Image-2024-09-03-at-20.54.50-1.jpeg 1280w\" sizes=\"auto, (max-width: 1024px) 100vw, 1024px\" \/><\/figure>\n\n\n\n<p>La Secretar\u00eda de Riesgo Clim\u00e1tico inform\u00f3 que durante el s\u00e1bado se registr\u00f3 el reinicio de focos \u00edgneos en cercan\u00edas de San Marcos Sierras y en la ladera oeste del Cerro Uritorco.<\/p>\n\n\n\n<p>En inmediaciones de San Marcos Sierras, bomberos buscan sofocar el reinici\u00f3 de las llamas. Adem\u00e1s, se desat\u00f3 un nuevo foco en un sector conocido como La Fonda, donde el trabajo de cerca de 90 efectivos de varios cuarteles y el Etac permiti\u00f3 disminuir la intensidad del incendio; las tareas continuar\u00e1n durante la noche.<\/p>\n\n\n\n<p>En el Cerro Uritorco, el fuego fue contenido por la acci\u00f3n de los aviones hidrantes.<\/p>\n\n\n\n<p>En Traslasierra, el foco en Quebrada de la Mermela se desarrolla en dos sectores: norte y sur. En el norte, los bomberos est\u00e1n tratando de disminuir la intensidad del fuego y en la parte sur trabajaron aviones y brigadistas del Sistema Nacional del Fuego, bomberos, Etac y personal de parques nacionales.<\/p>\n\n\n\n<p>El incendio de Villa Berna sigue en guardia de cenizas debido a que persiste un per\u00edmetro muy inestable.<\/p>\n\n\n\n<p><\/p>\n\n\n\n<p>Riesgo extremo de incendios<\/p>\n\n\n\n<p>Desde el domingo y hasta el martes habr\u00e1 condiciones clim\u00e1ticas que mantendr\u00e1n el riesgo extremo de incendios. Se esperan altas temperaturas, con vientos intensos de hasta 80 kil\u00f3metros por hora.<\/p>\n\n\n\n<p>La Secretar\u00eda de Riesgo de Incendios recuerda a la poblaci\u00f3n que est\u00e1 prohibido prender fuego en toda la provincia.<\/p>\n\n\n\n<p>Informaci\u00f3n: Prensa Gobierno de C\u00f3rdoba<\/p>\n","protected":false},"excerpt":{"rendered":"<p>Bomberos trabajan en inmediaciones de San Marcos Sierras para contener las llamas.Se esperan d\u00edas con condiciones clim\u00e1ticas adversas. La Secretar\u00eda de Riesgo Clim\u00e1tico inform\u00f3 que durante el s\u00e1bado se registr\u00f3 el reinicio de focos \u00edgneos en cercan\u00edas de San Marcos Sierras y en la ladera oeste del Cerro Uritorco. En inmediaciones de San Marcos Sierras, [&hellip;]<\/p>\n","protected":false},"author":1,"featured_media":8344,"comment_status":"closed","ping_status":"closed","sticky":false,"template":"","format":"standard","meta":{"footnotes":""},"categories":[69],"tags":[345],"class_list":["post-8343","post","type-post","status-publish","format-standard","has-post-thumbnail","hentry","category-noticias","tag-destacar"],"_links":{"self":[{"href":"https:\/\/www.nextmultimedio.com\/index.php?rest_route=\/wp\/v2\/posts\/8343","targetHints":{"allow":["GET"]}}],"collection":[{"href":"https:\/\/www.nextmultimedio.com\/index.php?rest_route=\/wp\/v2\/posts"}],"about":[{"href":"https:\/\/www.nextmultimedio.com\/index.php?rest_route=\/wp\/v2\/types\/post"}],"author":[{"embeddable":true,"href":"https:\/\/www.nextmultimedio.com\/index.php?rest_route=\/wp\/v2\/users\/1"}],"replies":[{"embeddable":true,"href":"https:\/\/www.nextmultimedio.com\/index.php?rest_route=%2Fwp%2Fv2%2Fcomments&post=8343"}],"version-history":[{"count":1,"href":"https:\/\/www.nextmultimedio.com\/index.php?rest_route=\/wp\/v2\/posts\/8343\/revisions"}],"predecessor-version":[{"id":8345,"href":"https:\/\/www.nextmultimedio.com\/index.php?rest_route=\/wp\/v2\/posts\/8343\/revisions\/8345"}],"wp:featuredmedia":[{"embeddable":true,"href":"https:\/\/www.nextmultimedio.com\/index.php?rest_route=\/wp\/v2\/media\/8344"}],"wp:attachment":[{"href":"https:\/\/www.nextmultimedio.com\/index.php?rest_route=%2Fwp%2Fv2%2Fmedia&parent=8343"}],"wp:term":[{"taxonomy":"category","embeddable":true,"href":"https:\/\/www.nextmultimedio.com\/index.php?rest_route=%2Fwp%2Fv2%2Fcategories&post=8343"},{"taxonomy":"post_tag","embeddable":true,"href":"https:\/\/www.nextmultimedio.com\/index.php?rest_route=%2Fwp%2Fv2%2Ftags&post=8343"}],"curies":[{"name":"wp","href":"https:\/\/api.w.org\/{rel}","templated":true}]}}