{"id":8307,"date":"2024-09-24T19:35:10","date_gmt":"2024-09-24T22:35:10","guid":{"rendered":"https:\/\/www.nextmultimedio.com\/?p=8307"},"modified":"2024-09-24T19:35:11","modified_gmt":"2024-09-24T22:35:11","slug":"incendios-estado-de-situacion-en-la-provincia","status":"publish","type":"post","link":"https:\/\/www.nextmultimedio.com\/?p=8307","title":{"rendered":"INCENDIOS: ESTADO DE SITUACI\u00d3N EN LA PROVINCIA"},"content":{"rendered":"\n<p><strong>Contin\u00faan activos los focos en Capilla del Monte, Salsacate, Villa Berna y La Granja.<br>Combaten el fuego cerca de 800 bomberos.<\/strong><\/p>\n\n\n\n<figure class=\"wp-block-image size-full\"><img loading=\"lazy\" decoding=\"async\" width=\"993\" height=\"662\" src=\"https:\/\/www.nextmultimedio.com\/wp-content\/uploads\/2024\/09\/DSC_6732-1-1.jpg\" alt=\"\" class=\"wp-image-8308\" srcset=\"https:\/\/www.nextmultimedio.com\/wp-content\/uploads\/2024\/09\/DSC_6732-1-1.jpg 993w, https:\/\/www.nextmultimedio.com\/wp-content\/uploads\/2024\/09\/DSC_6732-1-1-300x200.jpg 300w, https:\/\/www.nextmultimedio.com\/wp-content\/uploads\/2024\/09\/DSC_6732-1-1-768x512.jpg 768w\" sizes=\"auto, (max-width: 993px) 100vw, 993px\" \/><\/figure>\n\n\n\n<p>Desde la Secretar\u00eda de Gesti\u00f3n de Riesgo Clim\u00e1tico, Cat\u00e1strofes y Protecci\u00f3n Civil informan que a esta hora hay cuatro incendios en el territorio provincial.<\/p>\n\n\n\n<p>En la lucha contra el fuego combaten casi 800 bomberos junto al personal de log\u00edstica.<\/p>\n\n\n\n<p>El foco \u00edgneo de Capilla del Monte sigue activo y est\u00e1 dividido para el oeste y para el este.<\/p>\n\n\n\n<p>En el lugar trabajan unos 150 bomberos en toda esa l\u00ednea que se ubica en la zona norte de La Granja, donde baj\u00f3 la intensidad del fuego.<\/p>\n\n\n\n<p>Asisten a los bomberos, aviones hidrantes y helic\u00f3pteros para evitar que el fuego se acerque a la zona urbana que est\u00e1 a tres kil\u00f3metros.<\/p>\n\n\n\n<p>Por otro lado, el incendio de Salsacate, en la Quebrada de la Mermela, todav\u00eda sigue con actividad. El incendio de Villa Berna, ha bajado la intensidad y est\u00e1 con los per\u00edmetros muy inestables por las condiciones clim\u00e1ticas.<audio src=\"https:\/\/prensa.cba.gov.ar\/wp-content\/uploads\/2024\/09\/Roberto-Schreiner-Vocero-de-la-Secretaria-de-Riesgo-climatico-Actualizacion.mp3\"><\/audio><\/p>\n","protected":false},"excerpt":{"rendered":"<p>Contin\u00faan activos los focos en Capilla del Monte, Salsacate, Villa Berna y La Granja.Combaten el fuego cerca de 800 bomberos. Desde la Secretar\u00eda de Gesti\u00f3n de Riesgo Clim\u00e1tico, Cat\u00e1strofes y Protecci\u00f3n Civil informan que a esta hora hay cuatro incendios en el territorio provincial. En la lucha contra el fuego combaten casi 800 bomberos junto [&hellip;]<\/p>\n","protected":false},"author":1,"featured_media":8308,"comment_status":"closed","ping_status":"closed","sticky":false,"template":"","format":"standard","meta":{"footnotes":""},"categories":[69],"tags":[345],"class_list":["post-8307","post","type-post","status-publish","format-standard","has-post-thumbnail","hentry","category-noticias","tag-destacar"],"_links":{"self":[{"href":"https:\/\/www.nextmultimedio.com\/index.php?rest_route=\/wp\/v2\/posts\/8307","targetHints":{"allow":["GET"]}}],"collection":[{"href":"https:\/\/www.nextmultimedio.com\/index.php?rest_route=\/wp\/v2\/posts"}],"about":[{"href":"https:\/\/www.nextmultimedio.com\/index.php?rest_route=\/wp\/v2\/types\/post"}],"author":[{"embeddable":true,"href":"https:\/\/www.nextmultimedio.com\/index.php?rest_route=\/wp\/v2\/users\/1"}],"replies":[{"embeddable":true,"href":"https:\/\/www.nextmultimedio.com\/index.php?rest_route=%2Fwp%2Fv2%2Fcomments&post=8307"}],"version-history":[{"count":1,"href":"https:\/\/www.nextmultimedio.com\/index.php?rest_route=\/wp\/v2\/posts\/8307\/revisions"}],"predecessor-version":[{"id":8309,"href":"https:\/\/www.nextmultimedio.com\/index.php?rest_route=\/wp\/v2\/posts\/8307\/revisions\/8309"}],"wp:featuredmedia":[{"embeddable":true,"href":"https:\/\/www.nextmultimedio.com\/index.php?rest_route=\/wp\/v2\/media\/8308"}],"wp:attachment":[{"href":"https:\/\/www.nextmultimedio.com\/index.php?rest_route=%2Fwp%2Fv2%2Fmedia&parent=8307"}],"wp:term":[{"taxonomy":"category","embeddable":true,"href":"https:\/\/www.nextmultimedio.com\/index.php?rest_route=%2Fwp%2Fv2%2Fcategories&post=8307"},{"taxonomy":"post_tag","embeddable":true,"href":"https:\/\/www.nextmultimedio.com\/index.php?rest_route=%2Fwp%2Fv2%2Ftags&post=8307"}],"curies":[{"name":"wp","href":"https:\/\/api.w.org\/{rel}","templated":true}]}}