{"id":8300,"date":"2024-09-24T19:11:04","date_gmt":"2024-09-24T22:11:04","guid":{"rendered":"https:\/\/www.nextmultimedio.com\/?p=8300"},"modified":"2024-09-24T19:11:05","modified_gmt":"2024-09-24T22:11:05","slug":"villa-carlos-paz-lanza-convocatoria-para-crear-su-bandera-oficial-3","status":"publish","type":"post","link":"https:\/\/www.nextmultimedio.com\/?p=8300","title":{"rendered":"VILLA CARLOS PAZ LANZA CONVOCATORIA PARA CREAR SU BANDERA OFICIAL"},"content":{"rendered":"\n<p><strong>Hay tiempo para inscribirse hasta el 25 de octubre.<\/strong><\/p>\n\n\n<div class=\"wp-block-image\">\n<figure class=\"aligncenter size-full\"><img loading=\"lazy\" decoding=\"async\" width=\"505\" height=\"377\" src=\"https:\/\/www.nextmultimedio.com\/wp-content\/uploads\/2024\/09\/461341666_1063042375826938_9083640283743878971_n.jpg\" alt=\"\" class=\"wp-image-8301\" srcset=\"https:\/\/www.nextmultimedio.com\/wp-content\/uploads\/2024\/09\/461341666_1063042375826938_9083640283743878971_n.jpg 505w, https:\/\/www.nextmultimedio.com\/wp-content\/uploads\/2024\/09\/461341666_1063042375826938_9083640283743878971_n-300x224.jpg 300w\" sizes=\"auto, (max-width: 505px) 100vw, 505px\" \/><\/figure>\n<\/div>\n\n\n<p>La ciudad de Villa Carlos Paz ha lanzado una convocatoria para dise\u00f1ar su bandera oficial, con el objetivo de celebrar y fortalecer la identidad local. La iniciativa estar\u00e1 coordinada por la Comisi\u00f3n Evaluadora (Jurado) integrada por un representante del Ejecutivo Municipal, un representante de la mayor\u00eda del Concejo de Representantes, un representante de la <a><\/a>minor\u00eda del Concejo de Representante, un representante de la Comisi\u00f3n de Identidad Carlospacense, un representante del asesoramiento t\u00e9cnico, un representante de la Comisi\u00f3n Amigos de la Historia, y un representante del Parlamento Juvenil.<\/p>\n\n\n\n<p>Hay tiempo hasta el 25 de octubre para inscribirse y participar accediendo mediante el siguiente link:&nbsp;&nbsp;<a href=\"https:\/\/l.facebook.com\/l.php?u=https%3A%2F%2Fbanderavcp.ciudadinteligente.gob.ar%2F%3Ffbclid%3DIwZXh0bgNhZW0CMTAAAR3_NDJO1gfUc2q6Pk30fvR5ECrqY2ej5iGRb0s4NmTI9zx4TNMIXgJ7gVQ_aem_fqkBMUwpO4SO8WNk3-oXBg&amp;h=AT08ePPHp8nLgSE_ftxEPGPra1Mt-t8jHGW8C8gG_Dc2nosJp3jrfLJEG5_N_y24zuEPCD8PHpx1cPJhNZfe6qKmnQROXjB0nXnG0x2eO32dO2fp3jhkSozp8XiwKNj_6w&amp;__tn__=-UK-R&amp;c[0]=AT1D_E66TIt3BKqDSpEqiDKSccoFp0-wT-7eri-zECKjt6sBNzQ8KXfJ7jApS8kJYoFrHOzQRlglS-xKPWxwCj2TnVtQFxdc5YUwu2_Ma-zAOeXUGgRouccnQ-tisKuzWJurvNEwDpSwtOY4ckMW_1SsWGWfWsZhA19T8979WGnyT1h_0svblYfw6ffLubFp4ukBsORXGC-nNA7u64u_BVdlW8G5\" rel=\"noreferrer noopener\" target=\"_blank\">https:\/\/banderavcp.ciudadinteligente.gob.ar\/<\/a><\/p>\n\n\n\n<p>La nueva bandera ser\u00e1 un s\u00edmbolo de orgullo para los habitantes de Villa Carlos Paz, reflejando los valores y la historia de la comunidad. La convocatoria tiene como objetivo que el dise\u00f1o de la bandera integre el pasado, presente y futuro de la ciudad. Dicha comisi\u00f3n se encargar\u00e1 de coordinar el concurso y asegurar la participaci\u00f3n comunitaria en el proceso.<\/p>\n\n\n\n<p>Una vez que se reciban las propuestas, el jurado, ser\u00e1 el encargado de seleccionar la propuesta ganadora, que se dar\u00e1 a conocer el pr\u00f3ximo 4 de noviembre, D\u00eda de la Identidad de la ciudad. Esta elecci\u00f3n garantizar\u00e1 que la bandera elegida sea una verdadera representaci\u00f3n de la identidad carlospacense.<\/p>\n\n\n\n<p>La creaci\u00f3n de la bandera busca fortalecer los lazos comunitarios y dejar un legado significativo para las generaciones futuras, aline\u00e1ndose con los valores establecidos en la Carta Org\u00e1nica Municipal.<\/p>\n\n\n\n<p>Invitamos a toda la comunidad a participar. Las bases y condiciones para la inscripci\u00f3n y participaci\u00f3n se encuentran&nbsp; disponibles en la web oficial del municipio: <a href=\"https:\/\/l.facebook.com\/l.php?u=http%3A%2F%2Fwww.villacarlospaz.gov.ar%2F%3Ffbclid%3DIwZXh0bgNhZW0CMTAAAR3LNwgNWD4hqOqer324Q5fYqfLv0Lu3mvYKoD2BK_cIWa3SfigfqE4L6yk_aem_ZXsF_MNlbE5ddr8DlOyGng&amp;h=AT3K_pT3TKdv7H9GaXAbiX-9jNKtrhSkO3PKxS2oaUPCUkTWpFtYK9woBBAxQS1WpT866tVEqoa-hqObdE5VSre5NvuZDlfBy0FDAZQKSZ2qrrUeKca9hMlz8rlBFKh1IA&amp;__tn__=-UK-R&amp;c[0]=AT1D_E66TIt3BKqDSpEqiDKSccoFp0-wT-7eri-zECKjt6sBNzQ8KXfJ7jApS8kJYoFrHOzQRlglS-xKPWxwCj2TnVtQFxdc5YUwu2_Ma-zAOeXUGgRouccnQ-tisKuzWJurvNEwDpSwtOY4ckMW_1SsWGWfWsZhA19T8979WGnyT1h_0svblYfw6ffLubFp4ukBsORXGC-nNA7u64u_BVdlW8G5\" rel=\"noreferrer noopener\" target=\"_blank\">www.villacarlospaz.gov.ar.<\/a> Por m\u00e1s detalles sobre el concurso y las actividades relacionadas, los interesados pueden ponerse en contacto con la Comisi\u00f3n de Identidad Carlospacense, oficina ubicada en la Terminal de \u00d3mnibus (horario de 08 a 14hs y 18 a 20hs de lunes a viernes).<\/p>\n\n\n\n<p><a href=\"https:\/\/www.facebook.com\/photo\/?fbid=1063030675828108&amp;set=a.356501556481027&amp;__cft__[0]=AZVld7pFXT-ked0OXacVV7A-zJ0n8rryVXRkzKz5dojh2q71eZIdbOODTIiGCO6R0f7VeMNdQ5363djO1oAjXyfuUZXbjBJlOyBqwCbSiO0MsLdIqh4Io1P--tv91TjE3NVfFK2wnPSfC8cn5goh2I5aw2vq5sJoYLPd48zoR-XV00T8aDiITOgjGzIC69YTrC1_OQbxiSUpFWBcBSy3Lt5T&amp;__tn__=EH-R\"><\/a><\/p>\n\n\n\n<figure class=\"wp-block-image\"><a href=\"https:\/\/www.facebook.com\/photo\/?fbid=1063030675828108&amp;set=a.356501556481027&amp;__cft__[0]=AZVld7pFXT-ked0OXacVV7A-zJ0n8rryVXRkzKz5dojh2q71eZIdbOODTIiGCO6R0f7VeMNdQ5363djO1oAjXyfuUZXbjBJlOyBqwCbSiO0MsLdIqh4Io1P--tv91TjE3NVfFK2wnPSfC8cn5goh2I5aw2vq5sJoYLPd48zoR-XV00T8aDiITOgjGzIC69YTrC1_OQbxiSUpFWBcBSy3Lt5T&amp;__tn__=EH-R\"><img decoding=\"async\" src=\"https:\/\/scontent.fcor10-3.fna.fbcdn.net\/v\/t39.30808-6\/461282610_1063030679161441_4927300212828884926_n.jpg?stp=dst-jpg_p526x296&amp;_nc_cat=102&amp;ccb=1-7&amp;_nc_sid=127cfc&amp;_nc_eui2=AeEEG7Jvm0FgLZXysemj00JQiVO8HovkACyJU7wei-QALABz3CmtAtxGFvNLpnoC4uw&amp;_nc_ohc=4R6AeeCaO80Q7kNvgF0-WQn&amp;_nc_ht=scontent.fcor10-3.fna&amp;_nc_gid=AXEwyBITNd0ufK0mN0rt9CQ&amp;oh=00_AYAV2ENUlfEEHhHjh6qHQzKBaqXgaKI0EALKtdvBrmgRTQ&amp;oe=66F9132C\" alt=\"Puede ser una imagen de 2 personas y c\u00e9sped\"\/><\/a><\/figure>\n","protected":false},"excerpt":{"rendered":"<p>Hay tiempo para inscribirse hasta el 25 de octubre. La ciudad de Villa Carlos Paz ha lanzado una convocatoria para dise\u00f1ar su bandera oficial, con el objetivo de celebrar y fortalecer la identidad local. La iniciativa estar\u00e1 coordinada por la Comisi\u00f3n Evaluadora (Jurado) integrada por un representante del Ejecutivo Municipal, un representante de la mayor\u00eda [&hellip;]<\/p>\n","protected":false},"author":1,"featured_media":8301,"comment_status":"closed","ping_status":"closed","sticky":false,"template":"","format":"standard","meta":{"footnotes":""},"categories":[69],"tags":[345],"class_list":["post-8300","post","type-post","status-publish","format-standard","has-post-thumbnail","hentry","category-noticias","tag-destacar"],"_links":{"self":[{"href":"https:\/\/www.nextmultimedio.com\/index.php?rest_route=\/wp\/v2\/posts\/8300","targetHints":{"allow":["GET"]}}],"collection":[{"href":"https:\/\/www.nextmultimedio.com\/index.php?rest_route=\/wp\/v2\/posts"}],"about":[{"href":"https:\/\/www.nextmultimedio.com\/index.php?rest_route=\/wp\/v2\/types\/post"}],"author":[{"embeddable":true,"href":"https:\/\/www.nextmultimedio.com\/index.php?rest_route=\/wp\/v2\/users\/1"}],"replies":[{"embeddable":true,"href":"https:\/\/www.nextmultimedio.com\/index.php?rest_route=%2Fwp%2Fv2%2Fcomments&post=8300"}],"version-history":[{"count":1,"href":"https:\/\/www.nextmultimedio.com\/index.php?rest_route=\/wp\/v2\/posts\/8300\/revisions"}],"predecessor-version":[{"id":8302,"href":"https:\/\/www.nextmultimedio.com\/index.php?rest_route=\/wp\/v2\/posts\/8300\/revisions\/8302"}],"wp:featuredmedia":[{"embeddable":true,"href":"https:\/\/www.nextmultimedio.com\/index.php?rest_route=\/wp\/v2\/media\/8301"}],"wp:attachment":[{"href":"https:\/\/www.nextmultimedio.com\/index.php?rest_route=%2Fwp%2Fv2%2Fmedia&parent=8300"}],"wp:term":[{"taxonomy":"category","embeddable":true,"href":"https:\/\/www.nextmultimedio.com\/index.php?rest_route=%2Fwp%2Fv2%2Fcategories&post=8300"},{"taxonomy":"post_tag","embeddable":true,"href":"https:\/\/www.nextmultimedio.com\/index.php?rest_route=%2Fwp%2Fv2%2Ftags&post=8300"}],"curies":[{"name":"wp","href":"https:\/\/api.w.org\/{rel}","templated":true}]}}