{"id":8297,"date":"2024-09-24T19:05:56","date_gmt":"2024-09-24T22:05:56","guid":{"rendered":"https:\/\/www.nextmultimedio.com\/?p=8297"},"modified":"2024-09-24T19:05:56","modified_gmt":"2024-09-24T22:05:56","slug":"agenda-de-actividades-y-eventos-para-los-proximos-dias","status":"publish","type":"post","link":"https:\/\/www.nextmultimedio.com\/?p=8297","title":{"rendered":"AGENDA DE ACTIVIDADES Y EVENTOS PARA LOS PR\u00d3XIMOS D\u00cdAS"},"content":{"rendered":"<div class=\"wp-block-image\">\n<figure class=\"aligncenter size-full\"><img loading=\"lazy\" decoding=\"async\" width=\"422\" height=\"422\" src=\"https:\/\/www.nextmultimedio.com\/wp-content\/uploads\/2024\/09\/458945192_1049845543813288_3569188746723145326_n-2.jpg\" alt=\"\" class=\"wp-image-8298\" srcset=\"https:\/\/www.nextmultimedio.com\/wp-content\/uploads\/2024\/09\/458945192_1049845543813288_3569188746723145326_n-2.jpg 422w, https:\/\/www.nextmultimedio.com\/wp-content\/uploads\/2024\/09\/458945192_1049845543813288_3569188746723145326_n-2-300x300.jpg 300w\" sizes=\"auto, (max-width: 422px) 100vw, 422px\" \/><\/figure>\n<\/div>\n\n\n<p>*Este mi\u00e9rcoles a las 19:30 hs. se desarrollar\u00e1 en el Sal\u00f3n Rizzuto un Concierto de guitarras denominado \u201cNotas de Primavera\u201d a cargo de Daniela Benavidez y Facundo FIgueroa.<\/p>\n\n\n\n<p>*Este viernes 27 de septiembre contin\u00faa el ciclo de cine en el Sal\u00f3n Rizzuto, en este caso con una propuesta de cine ,con entrada libre y gratuita.<\/p>\n\n\n\n<p>*La <a><\/a>Orquesta Sinf\u00f3nica de la Municipalidad de Carlos Paz y la Orquesta Escuela Municipal de Villa General Belgrano , formar\u00e1n parte del Cierre del Encuentro de Orquestas con un espect\u00e1culo que tendr\u00e1 lugar en la Sala de Convenciones, este s\u00e1bado a las 18 hs.<\/p>\n\n\n\n<p>*Este s\u00e1bado 28 de septiembre, desde las 9 hs., se desarrollar\u00e1 una nueva fecha de la Liga Municipal de F\u00fatbol, organizada por la Direcci\u00f3n de Eventos Deportivos del Gobierno de la Ciudad.<\/p>\n\n\n\n<p><a href=\"https:\/\/www.facebook.com\/photo\/?fbid=1063042372493605&amp;set=a.356501556481027&amp;__cft__[0]=AZXW65s6iQqKPgAfSmGxnp5nJurk23Kh1Od6O6bqmAcsfvsycer6xIt_wAL9TdOoe7At16IW16-p3QDdhdEiWZvRT5VVFOQczF-GUDyQqPRvv8KdeupPAiW9K-XOcW1-usCwcNiGTlns9eDmPoy-zMM_8b5ocJtsfKa-Qremh7GMmOn6Ju-aPxu1iuI2NJWMGhFXD2HiAbwtWts3hWQmAtYk&amp;__tn__=EH-R\"><\/a><\/p>\n","protected":false},"excerpt":{"rendered":"<p>*Este mi\u00e9rcoles a las 19:30 hs. se desarrollar\u00e1 en el Sal\u00f3n Rizzuto un Concierto de guitarras denominado \u201cNotas de Primavera\u201d a cargo de Daniela Benavidez y Facundo FIgueroa. *Este viernes 27 de septiembre contin\u00faa el ciclo de cine en el Sal\u00f3n Rizzuto, en este caso con una propuesta de cine ,con entrada libre y gratuita. [&hellip;]<\/p>\n","protected":false},"author":1,"featured_media":8298,"comment_status":"closed","ping_status":"closed","sticky":false,"template":"","format":"standard","meta":{"footnotes":""},"categories":[69],"tags":[345],"class_list":["post-8297","post","type-post","status-publish","format-standard","has-post-thumbnail","hentry","category-noticias","tag-destacar"],"_links":{"self":[{"href":"https:\/\/www.nextmultimedio.com\/index.php?rest_route=\/wp\/v2\/posts\/8297","targetHints":{"allow":["GET"]}}],"collection":[{"href":"https:\/\/www.nextmultimedio.com\/index.php?rest_route=\/wp\/v2\/posts"}],"about":[{"href":"https:\/\/www.nextmultimedio.com\/index.php?rest_route=\/wp\/v2\/types\/post"}],"author":[{"embeddable":true,"href":"https:\/\/www.nextmultimedio.com\/index.php?rest_route=\/wp\/v2\/users\/1"}],"replies":[{"embeddable":true,"href":"https:\/\/www.nextmultimedio.com\/index.php?rest_route=%2Fwp%2Fv2%2Fcomments&post=8297"}],"version-history":[{"count":1,"href":"https:\/\/www.nextmultimedio.com\/index.php?rest_route=\/wp\/v2\/posts\/8297\/revisions"}],"predecessor-version":[{"id":8299,"href":"https:\/\/www.nextmultimedio.com\/index.php?rest_route=\/wp\/v2\/posts\/8297\/revisions\/8299"}],"wp:featuredmedia":[{"embeddable":true,"href":"https:\/\/www.nextmultimedio.com\/index.php?rest_route=\/wp\/v2\/media\/8298"}],"wp:attachment":[{"href":"https:\/\/www.nextmultimedio.com\/index.php?rest_route=%2Fwp%2Fv2%2Fmedia&parent=8297"}],"wp:term":[{"taxonomy":"category","embeddable":true,"href":"https:\/\/www.nextmultimedio.com\/index.php?rest_route=%2Fwp%2Fv2%2Fcategories&post=8297"},{"taxonomy":"post_tag","embeddable":true,"href":"https:\/\/www.nextmultimedio.com\/index.php?rest_route=%2Fwp%2Fv2%2Ftags&post=8297"}],"curies":[{"name":"wp","href":"https:\/\/api.w.org\/{rel}","templated":true}]}}