{"id":8286,"date":"2024-09-23T21:20:25","date_gmt":"2024-09-24T00:20:25","guid":{"rendered":"https:\/\/www.nextmultimedio.com\/?p=8286"},"modified":"2024-09-23T21:22:20","modified_gmt":"2024-09-24T00:22:20","slug":"incendios-la-provincia-coordina-con-intendentes-y-jefes-comunales-las-acciones-de-remediacion-en-la-zona-de-punilla","status":"publish","type":"post","link":"https:\/\/www.nextmultimedio.com\/?p=8286","title":{"rendered":"INCENDIOS: LA PROVINCIA COORDINA CON INTENDENTES Y JEFES COMUNALES LAS ACCIONES DE REMEDIACI\u00d3N EN LA ZONA DE PUNILLA"},"content":{"rendered":"<div class=\"wp-block-image\">\n<figure class=\"aligncenter size-full\"><img loading=\"lazy\" decoding=\"async\" width=\"1280\" height=\"720\" src=\"https:\/\/www.nextmultimedio.com\/wp-content\/uploads\/2024\/09\/WhatsApp-Image-2024-09-23-at-14.24.34.jpeg\" alt=\"\" class=\"wp-image-8289\" srcset=\"https:\/\/www.nextmultimedio.com\/wp-content\/uploads\/2024\/09\/WhatsApp-Image-2024-09-23-at-14.24.34.jpeg 1280w, https:\/\/www.nextmultimedio.com\/wp-content\/uploads\/2024\/09\/WhatsApp-Image-2024-09-23-at-14.24.34-300x169.jpeg 300w, https:\/\/www.nextmultimedio.com\/wp-content\/uploads\/2024\/09\/WhatsApp-Image-2024-09-23-at-14.24.34-1024x576.jpeg 1024w, https:\/\/www.nextmultimedio.com\/wp-content\/uploads\/2024\/09\/WhatsApp-Image-2024-09-23-at-14.24.34-768x432.jpeg 768w\" sizes=\"auto, (max-width: 1280px) 100vw, 1280px\" \/><\/figure>\n<\/div>\n\n\n<p>El gobernador Mart\u00edn Llaryora se reuni\u00f3 con los intendentes de Capilla del Monte, La Cumbre, San Esteban y Los Cocos.<\/p>\n\n\n\n<p>Junto a funcionarios del gabinete, coordinan medidas para dar respuesta a los vecinos afectados y reparar el da\u00f1o producido por el fuego.<\/p>\n\n\n\n<p>El <a><\/a>gobernador, Mart\u00edn Llaryora, recorri\u00f3 este lunes las zonas afectadas por los incendios en el valle de Punilla y se reuni\u00f3, junto a ministros del gabinete provincial, con los intendentes de: La Cumbre, Pablo Alicio; Los Cocos, Celeste Furmston; Capilla del Monte Fabricio D\u00edaz y de San Sebasti\u00e1n, Juan Guevara.<\/p>\n\n\n\n<p>Del encuentro, realizado en el Centro de Operaciones de La Cumbre, participaron los ministros de Gobierno, Manuel Calvo; Desarrollo Social y Promoci\u00f3n del Empleo, Laura Jure; Seguridad, Juan Pablo Quinteros y de Ambiente y Econom\u00eda Circular, Victoria Flores.<\/p>\n\n\n\n<p>Hasta el momento, seg\u00fan la informaci\u00f3n brindada por intendentes y jefes comunales, hay 21 viviendas da\u00f1adas, en las que se realizar\u00e1 un abordaje para su remediaci\u00f3n integral, adem\u00e1s se trabaja en la reposici\u00f3n de redes el\u00e9ctricas y de agua potable, entre otras necesidades relevadas.<\/p>\n\n\n\n<p>Al mismo tiempo, tambi\u00e9n se otorgaron fondos a municipios y comunas para la compra de alimentos para animales y se avanza en la provisi\u00f3n de boyeros el\u00e9ctricos para garantizar la transitabilidad vial a ra\u00edz de la quema de alambrados.<\/p>\n\n\n\n<p>\u201cEstamos trabajando en territorio por disposici\u00f3n de nuestro gobernador Mart\u00edn Llaryora, con trabajo concreto para empezar a dar soluciones a las familias que lo est\u00e1n necesitando y avanzar en la remediaci\u00f3n y la reparaci\u00f3n que ha producido el fuego en esta regi\u00f3n de nuestra provincia\u201d, sostuvo luego del encuentro el ministro Manuel Calvo.<\/p>\n\n\n\n<p><a href=\"https:\/\/www.facebook.com\/photo\/?fbid=1062305125900663&amp;set=a.356501556481027&amp;__cft__[0]=AZUzrAqRDmcu-dRaJrBATFiuPbkAvByAsOQM-AYdqpDz7QnO-Xyh97ThvNojpTpIXscEX2cX0Myx26CkrTz9_NI3ybq0GO92sunL2EAyqpMSEsy8T_rGitrOSLobjMwlRz4ecn6fBg5jmky0QpZ1KVEvhTtcGl9seJgYMC2NTs9iFD07bUxbi1UrwlLRjvfUigTMLu9ljmfpxvqyHG9X5ns8&amp;__tn__=EH-R\"><\/a><\/p>\n","protected":false},"excerpt":{"rendered":"<p>El gobernador Mart\u00edn Llaryora se reuni\u00f3 con los intendentes de Capilla del Monte, La Cumbre, San Esteban y Los Cocos. Junto a funcionarios del gabinete, coordinan medidas para dar respuesta a los vecinos afectados y reparar el da\u00f1o producido por el fuego. El gobernador, Mart\u00edn Llaryora, recorri\u00f3 este lunes las zonas afectadas por los incendios [&hellip;]<\/p>\n","protected":false},"author":1,"featured_media":8289,"comment_status":"closed","ping_status":"closed","sticky":false,"template":"","format":"standard","meta":{"footnotes":""},"categories":[69],"tags":[345],"class_list":["post-8286","post","type-post","status-publish","format-standard","has-post-thumbnail","hentry","category-noticias","tag-destacar"],"_links":{"self":[{"href":"https:\/\/www.nextmultimedio.com\/index.php?rest_route=\/wp\/v2\/posts\/8286","targetHints":{"allow":["GET"]}}],"collection":[{"href":"https:\/\/www.nextmultimedio.com\/index.php?rest_route=\/wp\/v2\/posts"}],"about":[{"href":"https:\/\/www.nextmultimedio.com\/index.php?rest_route=\/wp\/v2\/types\/post"}],"author":[{"embeddable":true,"href":"https:\/\/www.nextmultimedio.com\/index.php?rest_route=\/wp\/v2\/users\/1"}],"replies":[{"embeddable":true,"href":"https:\/\/www.nextmultimedio.com\/index.php?rest_route=%2Fwp%2Fv2%2Fcomments&post=8286"}],"version-history":[{"count":2,"href":"https:\/\/www.nextmultimedio.com\/index.php?rest_route=\/wp\/v2\/posts\/8286\/revisions"}],"predecessor-version":[{"id":8290,"href":"https:\/\/www.nextmultimedio.com\/index.php?rest_route=\/wp\/v2\/posts\/8286\/revisions\/8290"}],"wp:featuredmedia":[{"embeddable":true,"href":"https:\/\/www.nextmultimedio.com\/index.php?rest_route=\/wp\/v2\/media\/8289"}],"wp:attachment":[{"href":"https:\/\/www.nextmultimedio.com\/index.php?rest_route=%2Fwp%2Fv2%2Fmedia&parent=8286"}],"wp:term":[{"taxonomy":"category","embeddable":true,"href":"https:\/\/www.nextmultimedio.com\/index.php?rest_route=%2Fwp%2Fv2%2Fcategories&post=8286"},{"taxonomy":"post_tag","embeddable":true,"href":"https:\/\/www.nextmultimedio.com\/index.php?rest_route=%2Fwp%2Fv2%2Ftags&post=8286"}],"curies":[{"name":"wp","href":"https:\/\/api.w.org\/{rel}","templated":true}]}}