{"id":8178,"date":"2024-09-12T20:28:32","date_gmt":"2024-09-12T23:28:32","guid":{"rendered":"https:\/\/www.nextmultimedio.com\/?p=8178"},"modified":"2024-09-12T20:28:33","modified_gmt":"2024-09-12T23:28:33","slug":"cordoba-sera-lirica","status":"publish","type":"post","link":"https:\/\/www.nextmultimedio.com\/?p=8178","title":{"rendered":"C\u00d3RDOBA SER\u00c1 L\u00cdRICA"},"content":{"rendered":"<div class=\"wp-block-image\">\n<figure class=\"aligncenter size-full\"><img loading=\"lazy\" decoding=\"async\" width=\"526\" height=\"526\" src=\"https:\/\/www.nextmultimedio.com\/wp-content\/uploads\/2024\/09\/459142421_1052272176903958_2627836037516594328_n.jpg\" alt=\"\" class=\"wp-image-8179\" srcset=\"https:\/\/www.nextmultimedio.com\/wp-content\/uploads\/2024\/09\/459142421_1052272176903958_2627836037516594328_n.jpg 526w, https:\/\/www.nextmultimedio.com\/wp-content\/uploads\/2024\/09\/459142421_1052272176903958_2627836037516594328_n-300x300.jpg 300w\" sizes=\"auto, (max-width: 526px) 100vw, 526px\" \/><\/figure>\n<\/div>\n\n\n<p>El 20, 22, 24, y 26 de septiembre vuelve la \u00f3pera al Teatro del Libertador San Mart\u00edn con \u201cLa Boh\u00e8me\u201d de Giacomo Puccini. Una de las m\u00e1s representadas en el mundo es producida en nuestro majestuoso teatro, con la actuaci\u00f3n de la orquesta, coros, solistas y actores cordobeses.<\/p>\n\n\n\n<p>La puesta en escena es de Cristina G\u00f3mez Comini y la direcci\u00f3n musical de JongWhi Vakh.<\/p>\n\n\n\n<p><a><\/a>Quedan las \u00faltimas localidades disponibles.Consegu\u00ed las tuyas por Autoentrada y en la boleter\u00eda del teatro.<\/p>\n\n\n\n<p>V\u00e9lez Sarsfield 365, de martes a s\u00e1bados de 9 a 20 h. Tel\u00e9fono 414-3412<\/p>\n\n\n\n<p>M\u00e1s informaci\u00f3n en <img loading=\"lazy\" decoding=\"async\" height=\"16\" width=\"16\" alt=\"????\" src=\"https:\/\/static.xx.fbcdn.net\/images\/emoji.php\/v9\/tb3\/1\/16\/1f517.png\"><a href=\"https:\/\/l.facebook.com\/l.php?u=http%3A%2F%2Fcultura.cba.gov.ar%2F%3Ffbclid%3DIwZXh0bgNhZW0CMTAAAR3B7rgGQB7T_LtqT-MstHnNKBQCEsiDsl_Br9JxgXjsLkZpgwvQl7cA-uE_aem_H1d50sRKfrP1xkUGqFKTQg&amp;h=AT03UNehILLGiGZlYhgUrxNDCJdm11e5Hm-VJ9SHsFe06EPGDcLW_epwehgOAHXytYv2FeU8uDLkqTSQwhSeiZVL5e3ow4iSxjXMwhwhWDrgPAJSX8png0hYlVduq7CrMw&amp;__tn__=-UK-R&amp;c[0]=AT0j7nw4sNRzK7Sw3crO9Ur_c3OcNq3s3ru6jUXbWIZAXV58KbeNNeciOCrh6HGSL9DkyxXxDcEhdQvwXQSn8dR3uJtdqLSe_0ZYHA-Vu4v6pAoR9TYjSE_oKxELQfz2hqMarmEEn1Wzc6l2RlMyfZfu1cEOiYIx0OsV8c4HUsZHn-jJGGKPTsQK283DNSPG_9W4c4JQNGWj-G0QSltMT_lEeN7iOkINB4z-Ww\" rel=\"noreferrer noopener\" target=\"_blank\">cultura.cba.gov.ar<\/a><\/p>\n\n\n\n<p><a href=\"https:\/\/l.facebook.com\/l.php?u=https%3A%2F%2Fwww.instagram.com%2F_u%2Fcordobaok%3Ffbclid%3DIwZXh0bgNhZW0CMTAAAR19v1iCPJLAwpr_psNFTkG5IkErdTIeOI9fxjIUy_rKRm4z-yQzJ8J3sh8_aem_PGcebKHbtyGr-euswOmwQg&amp;h=AT1srbnaq3K7vly279YUzRN9XyzuV7-BxrM_cMKrf34kZ98_mnQea_G_BFEiG-eIznwmR8qKmVRmTx3BAFV8rIYkSK1uC8K_zwnpzRjhifwkI4DUM89AXfauQhSHDumpgA&amp;__tn__=-UK-R&amp;c[0]=AT0j7nw4sNRzK7Sw3crO9Ur_c3OcNq3s3ru6jUXbWIZAXV58KbeNNeciOCrh6HGSL9DkyxXxDcEhdQvwXQSn8dR3uJtdqLSe_0ZYHA-Vu4v6pAoR9TYjSE_oKxELQfz2hqMarmEEn1Wzc6l2RlMyfZfu1cEOiYIx0OsV8c4HUsZHn-jJGGKPTsQK283DNSPG_9W4c4JQNGWj-G0QSltMT_lEeN7iOkINB4z-Ww\" rel=\"noreferrer noopener\" target=\"_blank\">@cordobaok<\/a><\/p>\n\n\n\n<p><a href=\"https:\/\/www.facebook.com\/photo\/?fbid=1052272173570625&amp;set=a.356501556481027&amp;__cft__[0]=AZV4oOFSrhSKoscKhG3YFUxyI0JaQrIAnEWYVHicYyRLCYoj7_bwxqSq8SHfNCnMZbZEY77N3_yivfDrmsn2l9LaudVcbEjmx7PZmWfvWnn8fBBJiv6TH4VM8aB_2Kr8XGKjt_6kNomahB-AcvRVzaCv1qf75Xa0ahrxDSsBOllccypwyAkiAn8Uangfi2bz_X_VgLMBVK51f5TrIWPh7whI&amp;__tn__=EH-R\"><\/a><\/p>\n","protected":false},"excerpt":{"rendered":"<p>El 20, 22, 24, y 26 de septiembre vuelve la \u00f3pera al Teatro del Libertador San Mart\u00edn con \u201cLa Boh\u00e8me\u201d de Giacomo Puccini. Una de las m\u00e1s representadas en el mundo es producida en nuestro majestuoso teatro, con la actuaci\u00f3n de la orquesta, coros, solistas y actores cordobeses. La puesta en escena es de Cristina [&hellip;]<\/p>\n","protected":false},"author":1,"featured_media":8179,"comment_status":"closed","ping_status":"closed","sticky":false,"template":"","format":"standard","meta":{"footnotes":""},"categories":[69],"tags":[345],"class_list":["post-8178","post","type-post","status-publish","format-standard","has-post-thumbnail","hentry","category-noticias","tag-destacar"],"_links":{"self":[{"href":"https:\/\/www.nextmultimedio.com\/index.php?rest_route=\/wp\/v2\/posts\/8178","targetHints":{"allow":["GET"]}}],"collection":[{"href":"https:\/\/www.nextmultimedio.com\/index.php?rest_route=\/wp\/v2\/posts"}],"about":[{"href":"https:\/\/www.nextmultimedio.com\/index.php?rest_route=\/wp\/v2\/types\/post"}],"author":[{"embeddable":true,"href":"https:\/\/www.nextmultimedio.com\/index.php?rest_route=\/wp\/v2\/users\/1"}],"replies":[{"embeddable":true,"href":"https:\/\/www.nextmultimedio.com\/index.php?rest_route=%2Fwp%2Fv2%2Fcomments&post=8178"}],"version-history":[{"count":1,"href":"https:\/\/www.nextmultimedio.com\/index.php?rest_route=\/wp\/v2\/posts\/8178\/revisions"}],"predecessor-version":[{"id":8180,"href":"https:\/\/www.nextmultimedio.com\/index.php?rest_route=\/wp\/v2\/posts\/8178\/revisions\/8180"}],"wp:featuredmedia":[{"embeddable":true,"href":"https:\/\/www.nextmultimedio.com\/index.php?rest_route=\/wp\/v2\/media\/8179"}],"wp:attachment":[{"href":"https:\/\/www.nextmultimedio.com\/index.php?rest_route=%2Fwp%2Fv2%2Fmedia&parent=8178"}],"wp:term":[{"taxonomy":"category","embeddable":true,"href":"https:\/\/www.nextmultimedio.com\/index.php?rest_route=%2Fwp%2Fv2%2Fcategories&post=8178"},{"taxonomy":"post_tag","embeddable":true,"href":"https:\/\/www.nextmultimedio.com\/index.php?rest_route=%2Fwp%2Fv2%2Ftags&post=8178"}],"curies":[{"name":"wp","href":"https:\/\/api.w.org\/{rel}","templated":true}]}}