{"id":8147,"date":"2024-09-10T18:16:25","date_gmt":"2024-09-10T21:16:25","guid":{"rendered":"https:\/\/www.nextmultimedio.com\/?p=8147"},"modified":"2024-09-10T18:24:39","modified_gmt":"2024-09-10T21:24:39","slug":"dia-del-maestrose-realizo-el-acto-conmemorativo-en-la-escuela-carlos-paz-con-la-presencia-del-intendente-y-su-equipo","status":"publish","type":"post","link":"https:\/\/www.nextmultimedio.com\/?p=8147","title":{"rendered":"D\u00cdA DEL MAESTRO:SE REALIZ\u00d3 EL ACTO CONMEMORATIVO EN LA ESCUELA CARLOS PAZ CON LA PRESENCIA DEL INTENDENTE Y SU EQUIPO"},"content":{"rendered":"\n<figure class=\"wp-block-image size-large\"><img loading=\"lazy\" decoding=\"async\" width=\"1024\" height=\"768\" src=\"https:\/\/www.nextmultimedio.com\/wp-content\/uploads\/2024\/09\/459317238_1051351940329315_5778522338432545268_n-1024x768.jpg\" alt=\"\" class=\"wp-image-8148\" srcset=\"https:\/\/www.nextmultimedio.com\/wp-content\/uploads\/2024\/09\/459317238_1051351940329315_5778522338432545268_n-1024x768.jpg 1024w, https:\/\/www.nextmultimedio.com\/wp-content\/uploads\/2024\/09\/459317238_1051351940329315_5778522338432545268_n-300x225.jpg 300w, https:\/\/www.nextmultimedio.com\/wp-content\/uploads\/2024\/09\/459317238_1051351940329315_5778522338432545268_n-768x576.jpg 768w, https:\/\/www.nextmultimedio.com\/wp-content\/uploads\/2024\/09\/459317238_1051351940329315_5778522338432545268_n.jpg 1080w\" sizes=\"auto, (max-width: 1024px) 100vw, 1024px\" \/><\/figure>\n\n\n\n<p>El Intendente Esteban Avil\u00e9s junto al Equipo de Gobierno participaron hoy del acto conmemorativo por el D\u00eda del Maestro realizado en la escuela Carlos N. Paz.<\/p>\n\n\n\n<p>En la ocasi\u00f3n, estudiantes y docentes realizaron n\u00fameros art\u00edsticos en homenaje a sus profesores, con diferentes estilos musicales y mucho colorido.<\/p>\n\n\n\n<p><a><\/a>Flavia Rodr\u00edguez, directora de la Escuela Carlos N. Paz, destac\u00f3: &#8220;Muy contentos de compartir este hermoso acto, hoy reconocimos a queridas maestras que se jubilan y distinguimos a las docentes que trabajan d\u00eda a d\u00eda por una escuela posible, por una ciudad y un pa\u00eds mejor. Tambi\u00e9n agradecemos a las familias por el apoyo y a las autoridades municipales por su participaci\u00f3n&#8221;.<\/p>\n\n\n\n<p>La Secretaria de Coordinaci\u00f3n de Gabinete y Promoci\u00f3n Humana, Soledad Zacar\u00edas, se\u00f1al\u00f3: &#8220;Es muy emotivo volver a nuestra infancia, a nuestras ra\u00edces, con nuestros maestros. Es un orgullo para nosotros este colegio y m\u00e1s que nada ver a los docentes como trabajan con tanto amor, tanto entusiasmo con los chicos. Nuestro agradecimiento para el colegio, para los directivos por habernos invitado a compartir este hermoso acto. Y quiero hacer menci\u00f3n especial que esta fue mi aula, yo vine a este colegio cuando era chica, as\u00ed que fue muy emotivo en lo personal&#8221;.<\/p>\n\n\n\n<p>El Intendente Esteban Avil\u00e9s, expres\u00f3: &#8220;Agradecemos la invitaci\u00f3n de los directivos del colegio, quer\u00edamos estar presentes en una fecha tan importante como el D\u00eda del Maestro. Compartimos un acto muy emotivo. Quiero aprovechar esta oportunidad para reconocer a todos los maestros y maestras en su d\u00eda, por su labor diaria, por el cari\u00f1o y la vocaci\u00f3n con que llevan adelante su tarea en las escuelas\u201d.<\/p>\n\n\n\n<p><a href=\"https:\/\/www.facebook.com\/photo\/?fbid=1051351896995986&amp;set=pcb.1051351973662645&amp;__cft__[0]=AZWaQYuTkukj9LxA_aIj46bep-zkmXixdT14kZ4wzCqvls4r7mOJzQcpUCRPDNKZMf-3zzO1q1cwEi5tloH6qOdTn2piw_bmerv89UzUJNHBtnib8gCZaJ2q8lPHaFCaIunUpyOeUztqvZByO0nXtG-rizslGRstpFVcxmSpyQ97nMMvDhJhinNefh9Qu2I65S_H2an72g_mqzPxDBTHVGKa&amp;__tn__=*bH-R\"><\/a><\/p>\n\n\n\n<figure class=\"wp-block-image\"><a href=\"https:\/\/www.facebook.com\/photo\/?fbid=1051351896995986&amp;set=pcb.1051351973662645&amp;__cft__[0]=AZWaQYuTkukj9LxA_aIj46bep-zkmXixdT14kZ4wzCqvls4r7mOJzQcpUCRPDNKZMf-3zzO1q1cwEi5tloH6qOdTn2piw_bmerv89UzUJNHBtnib8gCZaJ2q8lPHaFCaIunUpyOeUztqvZByO0nXtG-rizslGRstpFVcxmSpyQ97nMMvDhJhinNefh9Qu2I65S_H2an72g_mqzPxDBTHVGKa&amp;__tn__=*bH-R\"><img decoding=\"async\" src=\"https:\/\/scontent.fcor10-3.fna.fbcdn.net\/v\/t39.30808-6\/459317238_1051351940329315_5778522338432545268_n.jpg?stp=dst-jpg_s600x600&amp;_nc_cat=108&amp;ccb=1-7&amp;_nc_sid=127cfc&amp;_nc_eui2=AeHFfa5GDfiflIJCQZ89JNEAC68TaBm_MsYLrxNoGb8yxk0LeqkNFGh_tf06hd31kvk&amp;_nc_ohc=dVXLM9W5kBgQ7kNvgFpjdSa&amp;_nc_ht=scontent.fcor10-3.fna&amp;_nc_gid=A_nY4hXUeF3xEGj442wvjzb&amp;oh=00_AYCU0tBVdorD21MpZ5mBiUvLO7oVcpDJdBmUVTw8xsxzAg&amp;oe=66E69F23\" alt=\"\"\/><\/a><\/figure>\n\n\n\n<p><a href=\"https:\/\/www.facebook.com\/photo\/?fbid=1051351923662650&amp;set=pcb.1051351973662645&amp;__cft__[0]=AZWaQYuTkukj9LxA_aIj46bep-zkmXixdT14kZ4wzCqvls4r7mOJzQcpUCRPDNKZMf-3zzO1q1cwEi5tloH6qOdTn2piw_bmerv89UzUJNHBtnib8gCZaJ2q8lPHaFCaIunUpyOeUztqvZByO0nXtG-rizslGRstpFVcxmSpyQ97nMMvDhJhinNefh9Qu2I65S_H2an72g_mqzPxDBTHVGKa&amp;__tn__=*bH-R\"><\/a><\/p>\n\n\n\n<figure class=\"wp-block-image\"><a href=\"https:\/\/www.facebook.com\/photo\/?fbid=1051351923662650&amp;set=pcb.1051351973662645&amp;__cft__[0]=AZWaQYuTkukj9LxA_aIj46bep-zkmXixdT14kZ4wzCqvls4r7mOJzQcpUCRPDNKZMf-3zzO1q1cwEi5tloH6qOdTn2piw_bmerv89UzUJNHBtnib8gCZaJ2q8lPHaFCaIunUpyOeUztqvZByO0nXtG-rizslGRstpFVcxmSpyQ97nMMvDhJhinNefh9Qu2I65S_H2an72g_mqzPxDBTHVGKa&amp;__tn__=*bH-R\"><img decoding=\"async\" src=\"https:\/\/scontent.fcor10-4.fna.fbcdn.net\/v\/t39.30808-6\/459215788_1051351936995982_8842287312200377419_n.jpg?stp=dst-jpg_s600x600&amp;_nc_cat=111&amp;ccb=1-7&amp;_nc_sid=127cfc&amp;_nc_eui2=AeFaZmnwN0NLvkcsz2RYSMRLYnV3SjlQ_bRidXdKOVD9tHudD36ta6fs8mgIc5tqGbo&amp;_nc_ohc=icwgkvIMVJgQ7kNvgEWWpo3&amp;_nc_ht=scontent.fcor10-4.fna&amp;_nc_gid=A_nY4hXUeF3xEGj442wvjzb&amp;oh=00_AYBPIjdi3CB8RMDZQ0zWY3ncQ0cASzeUwaGIfHedGL1fSg&amp;oe=66E690E6\" alt=\"\"\/><\/a><\/figure>\n\n\n\n<p><a href=\"https:\/\/www.facebook.com\/photo\/?fbid=1051351916995984&amp;set=pcb.1051351973662645&amp;__cft__[0]=AZWaQYuTkukj9LxA_aIj46bep-zkmXixdT14kZ4wzCqvls4r7mOJzQcpUCRPDNKZMf-3zzO1q1cwEi5tloH6qOdTn2piw_bmerv89UzUJNHBtnib8gCZaJ2q8lPHaFCaIunUpyOeUztqvZByO0nXtG-rizslGRstpFVcxmSpyQ97nMMvDhJhinNefh9Qu2I65S_H2an72g_mqzPxDBTHVGKa&amp;__tn__=*bH-R\"><\/a><\/p>\n\n\n\n<figure class=\"wp-block-image\"><a href=\"https:\/\/www.facebook.com\/photo\/?fbid=1051351916995984&amp;set=pcb.1051351973662645&amp;__cft__[0]=AZWaQYuTkukj9LxA_aIj46bep-zkmXixdT14kZ4wzCqvls4r7mOJzQcpUCRPDNKZMf-3zzO1q1cwEi5tloH6qOdTn2piw_bmerv89UzUJNHBtnib8gCZaJ2q8lPHaFCaIunUpyOeUztqvZByO0nXtG-rizslGRstpFVcxmSpyQ97nMMvDhJhinNefh9Qu2I65S_H2an72g_mqzPxDBTHVGKa&amp;__tn__=*bH-R\"><img decoding=\"async\" src=\"https:\/\/scontent.fcor10-3.fna.fbcdn.net\/v\/t39.30808-6\/459246051_1051351933662649_7085424637076131909_n.jpg?stp=dst-jpg_s600x600&amp;_nc_cat=108&amp;ccb=1-7&amp;_nc_sid=127cfc&amp;_nc_eui2=AeH_35sg_YHIDyCNHVoDq8EZfp1bljb4oe9-nVuWNvih770Nu2o_I2GqlSENt5rQ3H8&amp;_nc_ohc=J32i4blhjHAQ7kNvgEUrOcq&amp;_nc_ht=scontent.fcor10-3.fna&amp;_nc_gid=A_nY4hXUeF3xEGj442wvjzb&amp;oh=00_AYAOfHHKjgtL-IJzouoGWPQkL-2PpDnBv0i2wWtwvZ4F0g&amp;oe=66E69E6B\" alt=\"\"\/><\/a><\/figure>\n\n\n\n<p><a href=\"https:\/\/www.facebook.com\/photo\/?fbid=1051351910329318&amp;set=pcb.1051351973662645&amp;__cft__[0]=AZWaQYuTkukj9LxA_aIj46bep-zkmXixdT14kZ4wzCqvls4r7mOJzQcpUCRPDNKZMf-3zzO1q1cwEi5tloH6qOdTn2piw_bmerv89UzUJNHBtnib8gCZaJ2q8lPHaFCaIunUpyOeUztqvZByO0nXtG-rizslGRstpFVcxmSpyQ97nMMvDhJhinNefh9Qu2I65S_H2an72g_mqzPxDBTHVGKa&amp;__tn__=*bH-R\"><\/a><\/p>\n\n\n\n<figure class=\"wp-block-image\"><a href=\"https:\/\/www.facebook.com\/photo\/?fbid=1051351910329318&amp;set=pcb.1051351973662645&amp;__cft__[0]=AZWaQYuTkukj9LxA_aIj46bep-zkmXixdT14kZ4wzCqvls4r7mOJzQcpUCRPDNKZMf-3zzO1q1cwEi5tloH6qOdTn2piw_bmerv89UzUJNHBtnib8gCZaJ2q8lPHaFCaIunUpyOeUztqvZByO0nXtG-rizslGRstpFVcxmSpyQ97nMMvDhJhinNefh9Qu2I65S_H2an72g_mqzPxDBTHVGKa&amp;__tn__=*bH-R\"><img decoding=\"async\" src=\"https:\/\/scontent.fcor10-4.fna.fbcdn.net\/v\/t39.30808-6\/459113700_1051351930329316_1464751804294007310_n.jpg?stp=dst-jpg_s600x600&amp;_nc_cat=110&amp;ccb=1-7&amp;_nc_sid=127cfc&amp;_nc_eui2=AeEUKuk9W2AeD-8tY6iZFiTuyyS70WExJzTLJLvRYTEnNNUXJHffxpugsp1kcornSS0&amp;_nc_ohc=ds2_uUk3-UgQ7kNvgGPX3XW&amp;_nc_ht=scontent.fcor10-4.fna&amp;_nc_gid=A_nY4hXUeF3xEGj442wvjzb&amp;oh=00_AYDy-hwetwYbWC6rJ6i0g1Mkf6ErJKXB8vsJl0j8R48bfA&amp;oe=66E68250\" alt=\"\"\/><\/a><\/figure>\n\n\n\n<p><a href=\"https:\/\/www.facebook.com\/photo\/?fbid=1051351903662652&amp;set=pcb.1051351973662645&amp;__cft__[0]=AZWaQYuTkukj9LxA_aIj46bep-zkmXixdT14kZ4wzCqvls4r7mOJzQcpUCRPDNKZMf-3zzO1q1cwEi5tloH6qOdTn2piw_bmerv89UzUJNHBtnib8gCZaJ2q8lPHaFCaIunUpyOeUztqvZByO0nXtG-rizslGRstpFVcxmSpyQ97nMMvDhJhinNefh9Qu2I65S_H2an72g_mqzPxDBTHVGKa&amp;__tn__=*bH-R\"><\/a><\/p>\n\n\n\n<figure class=\"wp-block-image\"><a href=\"https:\/\/www.facebook.com\/photo\/?fbid=1051351903662652&amp;set=pcb.1051351973662645&amp;__cft__[0]=AZWaQYuTkukj9LxA_aIj46bep-zkmXixdT14kZ4wzCqvls4r7mOJzQcpUCRPDNKZMf-3zzO1q1cwEi5tloH6qOdTn2piw_bmerv89UzUJNHBtnib8gCZaJ2q8lPHaFCaIunUpyOeUztqvZByO0nXtG-rizslGRstpFVcxmSpyQ97nMMvDhJhinNefh9Qu2I65S_H2an72g_mqzPxDBTHVGKa&amp;__tn__=*bH-R\"><img decoding=\"async\" src=\"https:\/\/scontent.fcor10-3.fna.fbcdn.net\/v\/t39.30808-6\/459195219_1051351943662648_8904955338261724500_n.jpg?stp=dst-jpg_s600x600&amp;_nc_cat=105&amp;ccb=1-7&amp;_nc_sid=127cfc&amp;_nc_eui2=AeF5AEE1qsOBwxfDSRb260jf3_rIc3Ql5jDf-shzdCXmMP8dSMfvZOt1EERR2dD5snw&amp;_nc_ohc=OcByjSUz1oEQ7kNvgEOTTOl&amp;_nc_ht=scontent.fcor10-3.fna&amp;_nc_gid=A_nY4hXUeF3xEGj442wvjzb&amp;oh=00_AYBp1W0yWiWm5JPOKjoFuu5UTO9yHKtcvP3HOMxjDRYEdA&amp;oe=66E68583\" alt=\"\"\/><\/a><\/figure>\n","protected":false},"excerpt":{"rendered":"<p>El Intendente Esteban Avil\u00e9s junto al Equipo de Gobierno participaron hoy del acto conmemorativo por el D\u00eda del Maestro realizado en la escuela Carlos N. Paz. En la ocasi\u00f3n, estudiantes y docentes realizaron n\u00fameros art\u00edsticos en homenaje a sus profesores, con diferentes estilos musicales y mucho colorido. Flavia Rodr\u00edguez, directora de la Escuela Carlos N. [&hellip;]<\/p>\n","protected":false},"author":1,"featured_media":8148,"comment_status":"closed","ping_status":"closed","sticky":false,"template":"","format":"standard","meta":{"footnotes":""},"categories":[69],"tags":[345],"class_list":["post-8147","post","type-post","status-publish","format-standard","has-post-thumbnail","hentry","category-noticias","tag-destacar"],"_links":{"self":[{"href":"https:\/\/www.nextmultimedio.com\/index.php?rest_route=\/wp\/v2\/posts\/8147","targetHints":{"allow":["GET"]}}],"collection":[{"href":"https:\/\/www.nextmultimedio.com\/index.php?rest_route=\/wp\/v2\/posts"}],"about":[{"href":"https:\/\/www.nextmultimedio.com\/index.php?rest_route=\/wp\/v2\/types\/post"}],"author":[{"embeddable":true,"href":"https:\/\/www.nextmultimedio.com\/index.php?rest_route=\/wp\/v2\/users\/1"}],"replies":[{"embeddable":true,"href":"https:\/\/www.nextmultimedio.com\/index.php?rest_route=%2Fwp%2Fv2%2Fcomments&post=8147"}],"version-history":[{"count":1,"href":"https:\/\/www.nextmultimedio.com\/index.php?rest_route=\/wp\/v2\/posts\/8147\/revisions"}],"predecessor-version":[{"id":8149,"href":"https:\/\/www.nextmultimedio.com\/index.php?rest_route=\/wp\/v2\/posts\/8147\/revisions\/8149"}],"wp:featuredmedia":[{"embeddable":true,"href":"https:\/\/www.nextmultimedio.com\/index.php?rest_route=\/wp\/v2\/media\/8148"}],"wp:attachment":[{"href":"https:\/\/www.nextmultimedio.com\/index.php?rest_route=%2Fwp%2Fv2%2Fmedia&parent=8147"}],"wp:term":[{"taxonomy":"category","embeddable":true,"href":"https:\/\/www.nextmultimedio.com\/index.php?rest_route=%2Fwp%2Fv2%2Fcategories&post=8147"},{"taxonomy":"post_tag","embeddable":true,"href":"https:\/\/www.nextmultimedio.com\/index.php?rest_route=%2Fwp%2Fv2%2Ftags&post=8147"}],"curies":[{"name":"wp","href":"https:\/\/api.w.org\/{rel}","templated":true}]}}