{"id":8122,"date":"2024-09-08T20:28:29","date_gmt":"2024-09-08T23:28:29","guid":{"rendered":"https:\/\/www.nextmultimedio.com\/?p=8122"},"modified":"2024-09-08T20:28:29","modified_gmt":"2024-09-08T23:28:29","slug":"las-leyendas-del-rally-pasaron-por-carlos-paz","status":"publish","type":"post","link":"https:\/\/www.nextmultimedio.com\/?p=8122","title":{"rendered":"LAS LEYENDAS DEL RALLY PASARON POR CARLOS PAZ"},"content":{"rendered":"<div class=\"wp-block-image\">\n<figure class=\"aligncenter size-full\"><img loading=\"lazy\" decoding=\"async\" width=\"593\" height=\"593\" src=\"https:\/\/www.nextmultimedio.com\/wp-content\/uploads\/2024\/09\/459125138_1049844753813367_6061343739575116874_n.jpg\" alt=\"\" class=\"wp-image-8123\" srcset=\"https:\/\/www.nextmultimedio.com\/wp-content\/uploads\/2024\/09\/459125138_1049844753813367_6061343739575116874_n.jpg 593w, https:\/\/www.nextmultimedio.com\/wp-content\/uploads\/2024\/09\/459125138_1049844753813367_6061343739575116874_n-300x300.jpg 300w\" sizes=\"auto, (max-width: 593px) 100vw, 593px\" \/><\/figure>\n<\/div>\n\n\n<p>M\u00e1s de 30 autos hist\u00f3ricos recorrieron la ciudad y sus alrededores durante este s\u00e1bado 7 y domingo 8 de septiembre, en el marco del evento denominado \u201cLeyendas del Rally\u201d en su 10\u00ba edici\u00f3n, con la participaci\u00f3n de numerosas tripulaciones de autos de rally hist\u00f3ricos de carrera, r\u00e9plicas, recreaci\u00f3n homenaje de versiones de homologaci\u00f3n y modelos de inter\u00e9s especial relacionados con el rally.&nbsp;<\/p>\n\n\n\n<p>En este marco, los veh\u00edculos y sus <a><\/a>pilotos realizaron una exhibici\u00f3n est\u00e1tica el domingo en pleno centro de la ciudad ante numerosos vecinos y turistas que se acercaron a vivir la posibilidad \u00fanica para ver de cerca a los m\u00edticos autos de rally que forjaron la historia y dejaron el recuerdo imborrable en la memoria colectiva.&nbsp;<\/p>\n\n\n\n<p>Informaci\u00f3n e im\u00e1genes:<a href=\"https:\/\/l.facebook.com\/l.php?u=https%3A%2F%2Fwww.instagram.com%2F_u%2Fmunicarlospaz%3Ffbclid%3DIwZXh0bgNhZW0CMTAAAR3xtFlww6Rcw06XObZM_qLv4Y5MTYXZKpg-xXgwxsas8zagyiYjJdQdb2s_aem_Dxoy4wUyNMd3kxPLNX51uA&amp;h=AT2m2n56G8Twphw4Y2jZ-XAsynQLAwGQME8xSJM6jtIicrmv8-0u58bHz8PRPc4PFHdRRZhn66Q1vAf6wCrls2f2SX5oixlXvL2XsPf138Wfz58K5Td70oiXLBUwZVKmcg&amp;__tn__=-UK-R&amp;c[0]=AT1Sj7befciYd6siToHk_8tYXq9LAJTYJdc83apQW_1aR9FNAvMoV3R90bMr2KoZiyl5yhHswGkYVnzOxZa2-nJqPFPy-n3N1q81D2RSijOgc6YmRojeliF3GiBTjX5EK6uto4MDM3dUBdJ26snr7WWPEk6WxRLXWS9097BYBv4qbBdY3lMny8g02f3SN0ivvYQ7euvRhU0RG5of3pamOot0cXCQ3ZtiUVAkGw\" rel=\"noreferrer noopener\" target=\"_blank\">@municarlospaz<\/a><\/p>\n\n\n\n<p><a href=\"https:\/\/www.facebook.com\/photo\/?fbid=1049844750480034&amp;set=pcb.1049844763813366&amp;__cft__[0]=AZXE7kPsZpuReiK16oo18yWL07JZmjHoelxlPuDFYmo9Rk6lGmMRVSmPWGUNNgrh9Qpe_p3wedwdygY51uyIOy8odlcY6jNNHfd01kjagOct4GpNFUtnQmlszrgCBM-KJ3rX-HqKTmetrZnlkSG06zg83yM1ggHgFSK7k_kpqysnkkyyj6NrBZLutBn7tvL0TazoQPBlC6V-OY5QgfPxmllx&amp;__tn__=*bH-R\"><\/a><\/p>\n\n\n\n<p><a href=\"https:\/\/www.facebook.com\/photo\/?fbid=1049844727146703&amp;set=pcb.1049844763813366&amp;__cft__[0]=AZXE7kPsZpuReiK16oo18yWL07JZmjHoelxlPuDFYmo9Rk6lGmMRVSmPWGUNNgrh9Qpe_p3wedwdygY51uyIOy8odlcY6jNNHfd01kjagOct4GpNFUtnQmlszrgCBM-KJ3rX-HqKTmetrZnlkSG06zg83yM1ggHgFSK7k_kpqysnkkyyj6NrBZLutBn7tvL0TazoQPBlC6V-OY5QgfPxmllx&amp;__tn__=*bH-R\"><\/a><\/p>\n\n\n\n<p><a href=\"https:\/\/www.facebook.com\/photo\/?fbid=1049844727146703&amp;set=pcb.1049844763813366&amp;__cft__[0]=AZXE7kPsZpuReiK16oo18yWL07JZmjHoelxlPuDFYmo9Rk6lGmMRVSmPWGUNNgrh9Qpe_p3wedwdygY51uyIOy8odlcY6jNNHfd01kjagOct4GpNFUtnQmlszrgCBM-KJ3rX-HqKTmetrZnlkSG06zg83yM1ggHgFSK7k_kpqysnkkyyj6NrBZLutBn7tvL0TazoQPBlC6V-OY5QgfPxmllx&amp;__tn__=*bH-R\"><\/a><\/p>\n","protected":false},"excerpt":{"rendered":"<p>M\u00e1s de 30 autos hist\u00f3ricos recorrieron la ciudad y sus alrededores durante este s\u00e1bado 7 y domingo 8 de septiembre, en el marco del evento denominado \u201cLeyendas del Rally\u201d en su 10\u00ba edici\u00f3n, con la participaci\u00f3n de numerosas tripulaciones de autos de rally hist\u00f3ricos de carrera, r\u00e9plicas, recreaci\u00f3n homenaje de versiones de homologaci\u00f3n y modelos [&hellip;]<\/p>\n","protected":false},"author":1,"featured_media":8123,"comment_status":"closed","ping_status":"closed","sticky":false,"template":"","format":"standard","meta":{"footnotes":""},"categories":[69],"tags":[345],"class_list":["post-8122","post","type-post","status-publish","format-standard","has-post-thumbnail","hentry","category-noticias","tag-destacar"],"_links":{"self":[{"href":"https:\/\/www.nextmultimedio.com\/index.php?rest_route=\/wp\/v2\/posts\/8122","targetHints":{"allow":["GET"]}}],"collection":[{"href":"https:\/\/www.nextmultimedio.com\/index.php?rest_route=\/wp\/v2\/posts"}],"about":[{"href":"https:\/\/www.nextmultimedio.com\/index.php?rest_route=\/wp\/v2\/types\/post"}],"author":[{"embeddable":true,"href":"https:\/\/www.nextmultimedio.com\/index.php?rest_route=\/wp\/v2\/users\/1"}],"replies":[{"embeddable":true,"href":"https:\/\/www.nextmultimedio.com\/index.php?rest_route=%2Fwp%2Fv2%2Fcomments&post=8122"}],"version-history":[{"count":1,"href":"https:\/\/www.nextmultimedio.com\/index.php?rest_route=\/wp\/v2\/posts\/8122\/revisions"}],"predecessor-version":[{"id":8124,"href":"https:\/\/www.nextmultimedio.com\/index.php?rest_route=\/wp\/v2\/posts\/8122\/revisions\/8124"}],"wp:featuredmedia":[{"embeddable":true,"href":"https:\/\/www.nextmultimedio.com\/index.php?rest_route=\/wp\/v2\/media\/8123"}],"wp:attachment":[{"href":"https:\/\/www.nextmultimedio.com\/index.php?rest_route=%2Fwp%2Fv2%2Fmedia&parent=8122"}],"wp:term":[{"taxonomy":"category","embeddable":true,"href":"https:\/\/www.nextmultimedio.com\/index.php?rest_route=%2Fwp%2Fv2%2Fcategories&post=8122"},{"taxonomy":"post_tag","embeddable":true,"href":"https:\/\/www.nextmultimedio.com\/index.php?rest_route=%2Fwp%2Fv2%2Ftags&post=8122"}],"curies":[{"name":"wp","href":"https:\/\/api.w.org\/{rel}","templated":true}]}}