{"id":8105,"date":"2024-09-05T21:06:01","date_gmt":"2024-09-06T00:06:01","guid":{"rendered":"https:\/\/www.nextmultimedio.com\/?p=8105"},"modified":"2024-09-05T21:06:01","modified_gmt":"2024-09-06T00:06:01","slug":"cuatro-bomberos-heridos-en-los-incendios-forestales","status":"publish","type":"post","link":"https:\/\/www.nextmultimedio.com\/?p=8105","title":{"rendered":"CUATRO BOMBEROS HERIDOS EN LOS INCENDIOS FORESTALES"},"content":{"rendered":"\n<figure class=\"wp-block-image size-full\"><img loading=\"lazy\" decoding=\"async\" width=\"1024\" height=\"770\" src=\"https:\/\/www.nextmultimedio.com\/wp-content\/uploads\/2024\/09\/WhatsApp-Image-2024-09-05-at-17.49.05-1024x770-1.jpeg\" alt=\"\" class=\"wp-image-8106\" srcset=\"https:\/\/www.nextmultimedio.com\/wp-content\/uploads\/2024\/09\/WhatsApp-Image-2024-09-05-at-17.49.05-1024x770-1.jpeg 1024w, https:\/\/www.nextmultimedio.com\/wp-content\/uploads\/2024\/09\/WhatsApp-Image-2024-09-05-at-17.49.05-1024x770-1-300x226.jpeg 300w, https:\/\/www.nextmultimedio.com\/wp-content\/uploads\/2024\/09\/WhatsApp-Image-2024-09-05-at-17.49.05-1024x770-1-768x578.jpeg 768w\" sizes=\"auto, (max-width: 1024px) 100vw, 1024px\" \/><\/figure>\n\n\n\n<p>Cuatro Bomberos Voluntarios de las localidades de Saldan y Mendiolaza fueron trasladados hasta el Instituto del Quemados con quemaduras en distintas parte del cuerpo, producto de los incendios forestales gestados en La Mesquita (Autopista C\u00f3rdoba &#8211; Carlos Paz).<\/p>\n\n\n\n<p>Cabe destacar que, dos de ellos quedaron internados en el mencionado nosocomio.<\/p>\n\n\n\n<p><a><\/a>Informaci\u00f3n:Policiales C\u00f3rdoba<\/p>\n\n\n\n<p><a href=\"https:\/\/www.facebook.com\/photo\/?fbid=1047588677372308&amp;set=a.356501556481027&amp;__cft__[0]=AZXxmWESYj_JV2DK8WogdUrG6xkqEiRyEk5HvkaLKU8P-o4t5dB1Bw6t-oUtxaORZ3VvjmvfaOpPJlobQzkqpBDPVb_xniJt-JLsq8ps24ctktHbXGQ78g-Gi7cTOUNl3bkKdB8bIYykDhF7QzXQlCV3XDpY8btUnJi15V0xxATmNegEIjGgt7r0FWdll5ier6NkvandxLBJy40-nU0jfbrb&amp;__tn__=EH-R\"><\/a><\/p>\n\n\n\n<figure class=\"wp-block-image\"><a href=\"https:\/\/www.facebook.com\/photo\/?fbid=1047588677372308&amp;set=a.356501556481027&amp;__cft__[0]=AZXxmWESYj_JV2DK8WogdUrG6xkqEiRyEk5HvkaLKU8P-o4t5dB1Bw6t-oUtxaORZ3VvjmvfaOpPJlobQzkqpBDPVb_xniJt-JLsq8ps24ctktHbXGQ78g-Gi7cTOUNl3bkKdB8bIYykDhF7QzXQlCV3XDpY8btUnJi15V0xxATmNegEIjGgt7r0FWdll5ier6NkvandxLBJy40-nU0jfbrb&amp;__tn__=EH-R\"><img decoding=\"async\" src=\"https:\/\/scontent.fcor2-2.fna.fbcdn.net\/v\/t39.30808-6\/458729517_1047588680705641_4256697990339955882_n.jpg?_nc_cat=106&amp;ccb=1-7&amp;_nc_sid=127cfc&amp;_nc_eui2=AeEXhEcl4G9NPiI0fnoHTdQNvN7QH2d02uS83tAfZ3Ta5JDCwXouJPFRMR_YD2FBAPI&amp;_nc_ohc=OGHBu15RMNsQ7kNvgF4Cs-F&amp;_nc_ht=scontent.fcor2-2.fna&amp;_nc_gid=A-xPMT2VIK6_eFGEgFJ3bya&amp;oh=00_AYACgPwXx4TcJXWT3DGD_GxayObzE5f1MU8kq7o5yqUqfg&amp;oe=66E00B53\" alt=\"Puede ser una imagen de 1 persona, fuego y texto\"\/><\/a><\/figure>\n","protected":false},"excerpt":{"rendered":"<p>Cuatro Bomberos Voluntarios de las localidades de Saldan y Mendiolaza fueron trasladados hasta el Instituto del Quemados con quemaduras en distintas parte del cuerpo, producto de los incendios forestales gestados en La Mesquita (Autopista C\u00f3rdoba &#8211; Carlos Paz). Cabe destacar que, dos de ellos quedaron internados en el mencionado nosocomio. Informaci\u00f3n:Policiales C\u00f3rdoba<\/p>\n","protected":false},"author":1,"featured_media":8106,"comment_status":"closed","ping_status":"closed","sticky":false,"template":"","format":"standard","meta":{"footnotes":""},"categories":[69],"tags":[345],"class_list":["post-8105","post","type-post","status-publish","format-standard","has-post-thumbnail","hentry","category-noticias","tag-destacar"],"_links":{"self":[{"href":"https:\/\/www.nextmultimedio.com\/index.php?rest_route=\/wp\/v2\/posts\/8105","targetHints":{"allow":["GET"]}}],"collection":[{"href":"https:\/\/www.nextmultimedio.com\/index.php?rest_route=\/wp\/v2\/posts"}],"about":[{"href":"https:\/\/www.nextmultimedio.com\/index.php?rest_route=\/wp\/v2\/types\/post"}],"author":[{"embeddable":true,"href":"https:\/\/www.nextmultimedio.com\/index.php?rest_route=\/wp\/v2\/users\/1"}],"replies":[{"embeddable":true,"href":"https:\/\/www.nextmultimedio.com\/index.php?rest_route=%2Fwp%2Fv2%2Fcomments&post=8105"}],"version-history":[{"count":1,"href":"https:\/\/www.nextmultimedio.com\/index.php?rest_route=\/wp\/v2\/posts\/8105\/revisions"}],"predecessor-version":[{"id":8107,"href":"https:\/\/www.nextmultimedio.com\/index.php?rest_route=\/wp\/v2\/posts\/8105\/revisions\/8107"}],"wp:featuredmedia":[{"embeddable":true,"href":"https:\/\/www.nextmultimedio.com\/index.php?rest_route=\/wp\/v2\/media\/8106"}],"wp:attachment":[{"href":"https:\/\/www.nextmultimedio.com\/index.php?rest_route=%2Fwp%2Fv2%2Fmedia&parent=8105"}],"wp:term":[{"taxonomy":"category","embeddable":true,"href":"https:\/\/www.nextmultimedio.com\/index.php?rest_route=%2Fwp%2Fv2%2Fcategories&post=8105"},{"taxonomy":"post_tag","embeddable":true,"href":"https:\/\/www.nextmultimedio.com\/index.php?rest_route=%2Fwp%2Fv2%2Ftags&post=8105"}],"curies":[{"name":"wp","href":"https:\/\/api.w.org\/{rel}","templated":true}]}}