{"id":8099,"date":"2024-09-05T20:51:31","date_gmt":"2024-09-05T23:51:31","guid":{"rendered":"https:\/\/www.nextmultimedio.com\/?p=8099"},"modified":"2024-09-05T20:51:31","modified_gmt":"2024-09-05T23:51:31","slug":"incendio-en-zona-de-la-mezquita-se-mantiene-el-corte-total-en-la-autopista-cordoba-carlos-paz","status":"publish","type":"post","link":"https:\/\/www.nextmultimedio.com\/?p=8099","title":{"rendered":"INCENDIO EN ZONA DE LA MEZQUITA: SE MANTIENE EL CORTE TOTAL EN LA AUTOPISTA C\u00d3RDOBA -CARLOS PAZ"},"content":{"rendered":"\n<p><strong>El fuego no da tregua en ese sector del predio rural del Tercer Cuerpo de Ej\u00e9rcito, localizado en el ingreso suroeste de la ciudad de C\u00f3rdoba.Los bomberos trabajar\u00e1n durante toda la noche.Se esperan condiciones clim\u00e1ticas adversas, con fuertes vientos, altas temperaturas y baja humedad.<\/strong><\/p>\n\n\n\n<figure class=\"wp-block-image size-full\"><img loading=\"lazy\" decoding=\"async\" width=\"990\" height=\"677\" src=\"https:\/\/www.nextmultimedio.com\/wp-content\/uploads\/2024\/09\/WhatsApp-Image-2024-09-05-at-17.49.04.jpg\" alt=\"\" class=\"wp-image-8100\" srcset=\"https:\/\/www.nextmultimedio.com\/wp-content\/uploads\/2024\/09\/WhatsApp-Image-2024-09-05-at-17.49.04.jpg 990w, https:\/\/www.nextmultimedio.com\/wp-content\/uploads\/2024\/09\/WhatsApp-Image-2024-09-05-at-17.49.04-300x205.jpg 300w, https:\/\/www.nextmultimedio.com\/wp-content\/uploads\/2024\/09\/WhatsApp-Image-2024-09-05-at-17.49.04-768x525.jpg 768w\" sizes=\"auto, (max-width: 990px) 100vw, 990px\" \/><\/figure>\n\n\n\n<p>Unos 60 bomberos y personal del Plan de Fuego con la asistencia de dos aviones hidrantes combaten el incendio que se desat\u00f3 en la zona de La Mezquita y oblig\u00f3 a interrumpir la circulaci\u00f3n por la autopista C\u00f3rdoba-Villa Carlos Paz, a la altura del kil\u00f3metro 15.<\/p>\n\n\n\n<p>El vocero de la Secretar\u00eda de Gesti\u00f3n de Riesgo Clim\u00e1tico, Cat\u00e1strofes y Protecci\u00f3n Civil, Roberto Schreiner dijo que se han movilizado varios cuarteles de bomberos, incluyendo los de La Calera, Malague\u00f1o, Sald\u00e1n, Villa Allende, Carlos Paz, Bialet Mass\u00e9, Santa Mar\u00eda de Punilla y Mendiolaza.<\/p>\n\n\n\n<p>Tambi\u00e9n trabajan dos aviones hidrantes provenientes de Alta Gracia.<\/p>\n\n\n\n<p>Las llamas comenzaron en una zona de pastizales y arbustos al costado de la autopista C\u00f3rdoba-Carlos Paz, en predios del Tercer Cuerpo de Ej\u00e9rcito y m\u00e1s espec\u00edficamente en la zona conocida como La Mezquita.<\/p>\n\n\n\n<p>Roberto Schreiner advirti\u00f3 que el incendio no est\u00e1 controlado ni contenido y que presenta actividad, con casi 500 metros de largo. El fuerte viento del norte que ha soplado durante todo el d\u00eda complic\u00f3 a\u00fan m\u00e1s el panorama ayudando a extender el frente de fuego.<\/p>\n\n\n\n<p><\/p>\n","protected":false},"excerpt":{"rendered":"<p>El fuego no da tregua en ese sector del predio rural del Tercer Cuerpo de Ej\u00e9rcito, localizado en el ingreso suroeste de la ciudad de C\u00f3rdoba.Los bomberos trabajar\u00e1n durante toda la noche.Se esperan condiciones clim\u00e1ticas adversas, con fuertes vientos, altas temperaturas y baja humedad. Unos 60 bomberos y personal del Plan de Fuego con la [&hellip;]<\/p>\n","protected":false},"author":1,"featured_media":8100,"comment_status":"closed","ping_status":"closed","sticky":false,"template":"","format":"standard","meta":{"footnotes":""},"categories":[69],"tags":[345],"class_list":["post-8099","post","type-post","status-publish","format-standard","has-post-thumbnail","hentry","category-noticias","tag-destacar"],"_links":{"self":[{"href":"https:\/\/www.nextmultimedio.com\/index.php?rest_route=\/wp\/v2\/posts\/8099","targetHints":{"allow":["GET"]}}],"collection":[{"href":"https:\/\/www.nextmultimedio.com\/index.php?rest_route=\/wp\/v2\/posts"}],"about":[{"href":"https:\/\/www.nextmultimedio.com\/index.php?rest_route=\/wp\/v2\/types\/post"}],"author":[{"embeddable":true,"href":"https:\/\/www.nextmultimedio.com\/index.php?rest_route=\/wp\/v2\/users\/1"}],"replies":[{"embeddable":true,"href":"https:\/\/www.nextmultimedio.com\/index.php?rest_route=%2Fwp%2Fv2%2Fcomments&post=8099"}],"version-history":[{"count":1,"href":"https:\/\/www.nextmultimedio.com\/index.php?rest_route=\/wp\/v2\/posts\/8099\/revisions"}],"predecessor-version":[{"id":8101,"href":"https:\/\/www.nextmultimedio.com\/index.php?rest_route=\/wp\/v2\/posts\/8099\/revisions\/8101"}],"wp:featuredmedia":[{"embeddable":true,"href":"https:\/\/www.nextmultimedio.com\/index.php?rest_route=\/wp\/v2\/media\/8100"}],"wp:attachment":[{"href":"https:\/\/www.nextmultimedio.com\/index.php?rest_route=%2Fwp%2Fv2%2Fmedia&parent=8099"}],"wp:term":[{"taxonomy":"category","embeddable":true,"href":"https:\/\/www.nextmultimedio.com\/index.php?rest_route=%2Fwp%2Fv2%2Fcategories&post=8099"},{"taxonomy":"post_tag","embeddable":true,"href":"https:\/\/www.nextmultimedio.com\/index.php?rest_route=%2Fwp%2Fv2%2Ftags&post=8099"}],"curies":[{"name":"wp","href":"https:\/\/api.w.org\/{rel}","templated":true}]}}