{"id":8096,"date":"2024-09-04T18:57:11","date_gmt":"2024-09-04T21:57:11","guid":{"rendered":"https:\/\/www.nextmultimedio.com\/?p=8096"},"modified":"2024-09-04T18:57:12","modified_gmt":"2024-09-04T21:57:12","slug":"villa-carlos-paz-lanza-convocatoria-para-crear-su-bandera-oficial-2","status":"publish","type":"post","link":"https:\/\/www.nextmultimedio.com\/?p=8096","title":{"rendered":"VILLA CARLOS PAZ LANZA CONVOCATORIA PARA CREAR SU BANDERA OFICIAL"},"content":{"rendered":"\n<figure class=\"wp-block-image size-large\"><img loading=\"lazy\" decoding=\"async\" width=\"1024\" height=\"1024\" src=\"https:\/\/www.nextmultimedio.com\/wp-content\/uploads\/2024\/09\/14a6f3c2-dd7b-4b4d-a673-132fe00fa92f-1-1024x1024.jpg\" alt=\"\" class=\"wp-image-8097\" srcset=\"https:\/\/www.nextmultimedio.com\/wp-content\/uploads\/2024\/09\/14a6f3c2-dd7b-4b4d-a673-132fe00fa92f-1-1024x1024.jpg 1024w, https:\/\/www.nextmultimedio.com\/wp-content\/uploads\/2024\/09\/14a6f3c2-dd7b-4b4d-a673-132fe00fa92f-1-300x300.jpg 300w, https:\/\/www.nextmultimedio.com\/wp-content\/uploads\/2024\/09\/14a6f3c2-dd7b-4b4d-a673-132fe00fa92f-1-768x768.jpg 768w, https:\/\/www.nextmultimedio.com\/wp-content\/uploads\/2024\/09\/14a6f3c2-dd7b-4b4d-a673-132fe00fa92f-1.jpg 1080w\" sizes=\"auto, (max-width: 1024px) 100vw, 1024px\" \/><\/figure>\n\n\n\n<p>La ciudad de Villa Carlos Paz ha lanzado una convocatoria para dise\u00f1ar su bandera oficial, con el objetivo de celebrar y fortalecer la identidad local. La iniciativa estar\u00e1 coordinada por la Comisi\u00f3n Evaluadora (Jurado) integrada por un representante del Ejecutivo Municipal, un representante de la mayor\u00eda del Concejo de Representantes, un representante de la minor\u00eda del Concejo de Representante, un representante de la Comisi\u00f3n de Identidad Carlospacense, un representante del asesoramiento t\u00e9cnico, un representante de la Comisi\u00f3n Amigos de la Historia, y un representante del Parlamento Juvenil.<\/p>\n\n\n\n<p>La nueva bandera ser\u00e1 un s\u00edmbolo de orgullo para los habitantes de Villa Carlos Paz, reflejando los valores y la historia de la comunidad. La convocatoria tiene como objetivo que el dise\u00f1o de la bandera integre el pasado, presente y futuro de la ciudad. Dicha comisi\u00f3n se encargar\u00e1 de coordinar el concurso y asegurar la participaci\u00f3n comunitaria en el proceso.<\/p>\n\n\n\n<p>Una vez que se reciban las propuestas, el jurado, ser\u00e1 el encargado de seleccionar la propuesta ganadora, que se dar\u00e1 a conocer el pr\u00f3ximo 4 de noviembre, D\u00eda de la Identidad de la ciudad. Esta elecci\u00f3n garantizar\u00e1 que la bandera elegida sea una verdadera representaci\u00f3n de la identidad carlospacense.<\/p>\n\n\n\n<p>La creaci\u00f3n de la bandera busca fortalecer los lazos comunitarios y dejar un legado significativo para las generaciones futuras, aline\u00e1ndose con los valores establecidos en la Carta Org\u00e1nica Municipal.<\/p>\n\n\n\n<p>Invitamos a toda la comunidad a participar. Las bases y condiciones para la inscripci\u00f3n y participaci\u00f3n se encontrar\u00e1n&nbsp; disponibles en la web oficial del municipio: www.villacarlospaz.gov.ar, a partir del pr\u00f3ximo viernes 6 de septiembre. Por m\u00e1s detalles sobre el concurso y las actividades relacionadas, los interesados pueden ponerse en contacto con la Comisi\u00f3n de Identidad Carlospacense, oficina ubicada en la Terminal de \u00d3mnibus (horario de 08 a 14hs).<\/p>\n\n\n\n<p>\u201cAcabamos de firmar una convocatoria, amplia, participativa y transparente para elegir nuestro emblema, una bandera que nos represente; con una identidad viva. Nos llena de orgullo y emoci\u00f3n la creaci\u00f3n de esta Bandera, que ser\u00e1 un s\u00edmbolo de nuestra identidad viva, de la historia, el presente y el futuro. Nuestra ideolog\u00eda es nuestra identidad, muy importante para mantener nuestros valores hist\u00f3ricos, presentes y futuros\u201d, afirm\u00f3 el Intendente Esteban Avil\u00e9s. Y agreg\u00f3: \u201cEs un desaf\u00edo que vamos a llevar adelante con mucho orgullo, tener nuestra bandera propia nos sensibiliza. Convocamos a todos los vecinos para participar de esta elecci\u00f3n. Solo deber\u00e1n tener dos a\u00f1os de residencia en la ciudad como \u00fanico requisito. Tenemos un equipo t\u00e9cnico detr\u00e1s de todo el proceso. Invitamos a la comunidad a sumarse a esta propuesta\u201d.<\/p>\n","protected":false},"excerpt":{"rendered":"<p>La ciudad de Villa Carlos Paz ha lanzado una convocatoria para dise\u00f1ar su bandera oficial, con el objetivo de celebrar y fortalecer la identidad local. La iniciativa estar\u00e1 coordinada por la Comisi\u00f3n Evaluadora (Jurado) integrada por un representante del Ejecutivo Municipal, un representante de la mayor\u00eda del Concejo de Representantes, un representante de la minor\u00eda [&hellip;]<\/p>\n","protected":false},"author":1,"featured_media":8097,"comment_status":"closed","ping_status":"closed","sticky":false,"template":"","format":"standard","meta":{"footnotes":""},"categories":[69],"tags":[345],"class_list":["post-8096","post","type-post","status-publish","format-standard","has-post-thumbnail","hentry","category-noticias","tag-destacar"],"_links":{"self":[{"href":"https:\/\/www.nextmultimedio.com\/index.php?rest_route=\/wp\/v2\/posts\/8096","targetHints":{"allow":["GET"]}}],"collection":[{"href":"https:\/\/www.nextmultimedio.com\/index.php?rest_route=\/wp\/v2\/posts"}],"about":[{"href":"https:\/\/www.nextmultimedio.com\/index.php?rest_route=\/wp\/v2\/types\/post"}],"author":[{"embeddable":true,"href":"https:\/\/www.nextmultimedio.com\/index.php?rest_route=\/wp\/v2\/users\/1"}],"replies":[{"embeddable":true,"href":"https:\/\/www.nextmultimedio.com\/index.php?rest_route=%2Fwp%2Fv2%2Fcomments&post=8096"}],"version-history":[{"count":1,"href":"https:\/\/www.nextmultimedio.com\/index.php?rest_route=\/wp\/v2\/posts\/8096\/revisions"}],"predecessor-version":[{"id":8098,"href":"https:\/\/www.nextmultimedio.com\/index.php?rest_route=\/wp\/v2\/posts\/8096\/revisions\/8098"}],"wp:featuredmedia":[{"embeddable":true,"href":"https:\/\/www.nextmultimedio.com\/index.php?rest_route=\/wp\/v2\/media\/8097"}],"wp:attachment":[{"href":"https:\/\/www.nextmultimedio.com\/index.php?rest_route=%2Fwp%2Fv2%2Fmedia&parent=8096"}],"wp:term":[{"taxonomy":"category","embeddable":true,"href":"https:\/\/www.nextmultimedio.com\/index.php?rest_route=%2Fwp%2Fv2%2Fcategories&post=8096"},{"taxonomy":"post_tag","embeddable":true,"href":"https:\/\/www.nextmultimedio.com\/index.php?rest_route=%2Fwp%2Fv2%2Ftags&post=8096"}],"curies":[{"name":"wp","href":"https:\/\/api.w.org\/{rel}","templated":true}]}}