{"id":8087,"date":"2024-09-03T20:19:08","date_gmt":"2024-09-03T23:19:08","guid":{"rendered":"https:\/\/www.nextmultimedio.com\/?p=8087"},"modified":"2024-09-03T20:19:09","modified_gmt":"2024-09-03T23:19:09","slug":"llaryora-entrego-mas-de-1-000-netbooks-a-88-escuelas","status":"publish","type":"post","link":"https:\/\/www.nextmultimedio.com\/?p=8087","title":{"rendered":"LLARYORA ENTREG\u00d3 M\u00c1S DE 1.000 NETBOOKS A 88 ESCUELAS"},"content":{"rendered":"\n<p><strong>Fueron beneficiados establecimientos educativos secundarios con orientaci\u00f3n en inform\u00e1tica y de la modalidad j\u00f3venes y adultos.<br>Con esta acci\u00f3n se busca potenciar el acceso a nuevas tecnolog\u00edas de los estudiantes.<\/strong><\/p>\n\n\n\n<figure class=\"wp-block-image size-large\"><img loading=\"lazy\" decoding=\"async\" width=\"1024\" height=\"716\" src=\"https:\/\/www.nextmultimedio.com\/wp-content\/uploads\/2024\/09\/gober-5-1-1024x716.jpg\" alt=\"\" class=\"wp-image-8088\" srcset=\"https:\/\/www.nextmultimedio.com\/wp-content\/uploads\/2024\/09\/gober-5-1-1024x716.jpg 1024w, https:\/\/www.nextmultimedio.com\/wp-content\/uploads\/2024\/09\/gober-5-1-300x210.jpg 300w, https:\/\/www.nextmultimedio.com\/wp-content\/uploads\/2024\/09\/gober-5-1-768x537.jpg 768w, https:\/\/www.nextmultimedio.com\/wp-content\/uploads\/2024\/09\/gober-5-1-1536x1074.jpg 1536w, https:\/\/www.nextmultimedio.com\/wp-content\/uploads\/2024\/09\/gober-5-1.jpg 1600w\" sizes=\"auto, (max-width: 1024px) 100vw, 1024px\" \/><\/figure>\n\n\n\n<p>El gobernador Mart\u00edn Llaryora entreg\u00f3 este martes 1.048 computadoras a 88 establecimientos secundarios con orientaci\u00f3n en inform\u00e1tica y de la modalidad j\u00f3venes y adultos de la provincia.<\/p>\n\n\n\n<p>La iniciativa es parte de las inversiones que el Gobierno de la Provincia de C\u00f3rdoba lleva adelante para ampliar la infraestructura tecnol\u00f3gica en los establecimientos educativos de todo el territorio provincial.<\/p>\n\n\n\n<p>En particular, esta entrega se realiz\u00f3 en el marco del programa \u201cTecnoPresente, tecnolog\u00edas en educaci\u00f3n\u201d, que busca dotar de equipamiento tecnol\u00f3gico-did\u00e1ctico y formaci\u00f3n educativa para potenciar aprendizajes mediante la tecnolog\u00eda en todos los campos y espacios curriculares del sistema educativo.<\/p>\n\n\n\n<p><em>\u201cLos pa\u00edses que crecen son aquellos que generan talento. Y uno de ellos es el conocimiento digital\u201d<\/em>, defini\u00f3 el gobernador, quien sostuvo:<em>&nbsp;\u201cMi compromiso es con todas las escuelas, y eso incluye especialmente a las tecnol\u00f3gicas. Nosotros nos vamos a encargar que los recursos est\u00e9n para que los j\u00f3venes tengan m\u00e1s talento, m\u00e1s futuro, y que puedan mejorar la posibilidad productiva y econ\u00f3mica de cada uno de sus pueblos y ciudades\u201d.<\/em><\/p>\n\n\n\n<p>Con estos nuevos dispositivos tecnol\u00f3gicos, los estudiantes de colegios con orientaci\u00f3n en inform\u00e1tica de toda la provincia de C\u00f3rdoba, y tambi\u00e9n de la modalidad j\u00f3venes y adultos, podr\u00e1n hacer uso de las computadoras port\u00e1tiles dentro del aula.<\/p>\n\n\n\n<p><em>\u201cLos padres saben que las escuelas con estas orientaciones les garantizan a sus hijos un mejor futuro. Lo que tenemos que hacer nosotros es estar a la vanguardia de la Argentina. Y lo podemos hacer, porque la calidad educativa y docente que C\u00f3rdoba tiene es valorada no solo por la Argentina, sino por Latinoam\u00e9rica\u201d<\/em>, sostuvo Mart\u00edn Llaryora.<\/p>\n\n\n\n<p>Por su parte, el ministro de Educaci\u00f3n, Horacio Ferreyra, se\u00f1al\u00f3 que<em>&nbsp;\u00abTecnoPresente implica acercar la tecnolog\u00eda para innovar pedag\u00f3gicamente en las instituciones. Este equipamiento va a potenciar y fortalecer, tanto en sectores urbanos como rurales de toda la provincia, a escuelas importantes en el desarrollo productivo de C\u00f3rdoba.\u00bb<\/em><\/p>\n\n\n\n<h3 class=\"wp-block-heading\">Sobre TecnoPresente<\/h3>\n\n\n\n<p>Se trata de una pol\u00edtica de Estado que materializa y acompa\u00f1a la innovaci\u00f3n y la inclusi\u00f3n de las tecnolog\u00edas en la educaci\u00f3n cordobesa, mediante proyectos y programas espec\u00edficos que garantizan y promueven acciones efectivas y situadas en tanto respuesta a las distintas demandas y necesidades del Sistema.<\/p>\n\n\n\n<p>Mediante el programa provincial que atiende a las nuevas tecnolog\u00edas mancomunadas a los procesos educativos, el Gobierno de C\u00f3rdoba avanza en achicar las brechas de acceso y uso de estos dispositivos por parte de los docentes y estudiantes de la provincia.<\/p>\n\n\n\n<p>A trav\u00e9s de la entrega de equipamiento tecnol\u00f3gico, el programa TecnoPresente profundiza la formaci\u00f3n docente en relaci\u00f3n a la Tecnolog\u00eda Educativa y Alfabetizaci\u00f3n Digital.<\/p>\n\n\n\n<p>Ana Bel\u00e9n Reinares, profesora del IPET 247 Ingeniero Carlos Cassaffousth, sostuvo que&nbsp;<em>\u201cnuestra instituci\u00f3n abri\u00f3 la especialidad de programaci\u00f3n. Es invaluable este aporte que colabora a las nuevas tecnolog\u00edas y el aprendizaje\u201d<\/em>.<\/p>\n\n\n\n<p>Por su parte, Adri\u00e1n Amisolo, director del CENMA 111, destac\u00f3 que<em>&nbsp;\u201ces una gran iniciativa que hace a\u00f1os est\u00e1bamos esperando porque les permite a los estudiantes formarse en nuevas tecnolog\u00edas\u201d<\/em><\/p>\n\n\n\n<p>Mientras que, Alejandro Oliva, del IPET 376 Nelson Mandela, agreg\u00f3 que&nbsp;<em>\u201ctodo lo que signifique un avance tecnol\u00f3gico para la comunidad educativa es muy importante\u201d<\/em>.https:\/\/www.youtube.com\/embed\/hh5fCO8qyFQ?si=y_80VXrx_le7i7VUNavegaci\u00f3n de entradas<\/p>\n","protected":false},"excerpt":{"rendered":"<p>Fueron beneficiados establecimientos educativos secundarios con orientaci\u00f3n en inform\u00e1tica y de la modalidad j\u00f3venes y adultos.Con esta acci\u00f3n se busca potenciar el acceso a nuevas tecnolog\u00edas de los estudiantes. El gobernador Mart\u00edn Llaryora entreg\u00f3 este martes 1.048 computadoras a 88 establecimientos secundarios con orientaci\u00f3n en inform\u00e1tica y de la modalidad j\u00f3venes y adultos de la [&hellip;]<\/p>\n","protected":false},"author":1,"featured_media":8088,"comment_status":"closed","ping_status":"closed","sticky":false,"template":"","format":"standard","meta":{"footnotes":""},"categories":[69],"tags":[345],"class_list":["post-8087","post","type-post","status-publish","format-standard","has-post-thumbnail","hentry","category-noticias","tag-destacar"],"_links":{"self":[{"href":"https:\/\/www.nextmultimedio.com\/index.php?rest_route=\/wp\/v2\/posts\/8087","targetHints":{"allow":["GET"]}}],"collection":[{"href":"https:\/\/www.nextmultimedio.com\/index.php?rest_route=\/wp\/v2\/posts"}],"about":[{"href":"https:\/\/www.nextmultimedio.com\/index.php?rest_route=\/wp\/v2\/types\/post"}],"author":[{"embeddable":true,"href":"https:\/\/www.nextmultimedio.com\/index.php?rest_route=\/wp\/v2\/users\/1"}],"replies":[{"embeddable":true,"href":"https:\/\/www.nextmultimedio.com\/index.php?rest_route=%2Fwp%2Fv2%2Fcomments&post=8087"}],"version-history":[{"count":1,"href":"https:\/\/www.nextmultimedio.com\/index.php?rest_route=\/wp\/v2\/posts\/8087\/revisions"}],"predecessor-version":[{"id":8089,"href":"https:\/\/www.nextmultimedio.com\/index.php?rest_route=\/wp\/v2\/posts\/8087\/revisions\/8089"}],"wp:featuredmedia":[{"embeddable":true,"href":"https:\/\/www.nextmultimedio.com\/index.php?rest_route=\/wp\/v2\/media\/8088"}],"wp:attachment":[{"href":"https:\/\/www.nextmultimedio.com\/index.php?rest_route=%2Fwp%2Fv2%2Fmedia&parent=8087"}],"wp:term":[{"taxonomy":"category","embeddable":true,"href":"https:\/\/www.nextmultimedio.com\/index.php?rest_route=%2Fwp%2Fv2%2Fcategories&post=8087"},{"taxonomy":"post_tag","embeddable":true,"href":"https:\/\/www.nextmultimedio.com\/index.php?rest_route=%2Fwp%2Fv2%2Ftags&post=8087"}],"curies":[{"name":"wp","href":"https:\/\/api.w.org\/{rel}","templated":true}]}}