{"id":8077,"date":"2024-09-03T19:47:34","date_gmt":"2024-09-03T22:47:34","guid":{"rendered":"https:\/\/www.nextmultimedio.com\/?p=8077"},"modified":"2024-09-03T19:47:35","modified_gmt":"2024-09-03T22:47:35","slug":"villa-carlos-paz-lanza-convocatoria-para-crear-su-bandera-oficial","status":"publish","type":"post","link":"https:\/\/www.nextmultimedio.com\/?p=8077","title":{"rendered":"VILLA CARLOS PAZ LANZA CONVOCATORIA PARA CREAR SU BANDERA OFICIAL"},"content":{"rendered":"\n<figure class=\"wp-block-image size-large\"><img loading=\"lazy\" decoding=\"async\" width=\"1024\" height=\"683\" src=\"https:\/\/www.nextmultimedio.com\/wp-content\/uploads\/2024\/09\/457666558_1045879907543185_753442174498482564_n-1024x683.jpg\" alt=\"\" class=\"wp-image-8078\" srcset=\"https:\/\/www.nextmultimedio.com\/wp-content\/uploads\/2024\/09\/457666558_1045879907543185_753442174498482564_n-1024x683.jpg 1024w, https:\/\/www.nextmultimedio.com\/wp-content\/uploads\/2024\/09\/457666558_1045879907543185_753442174498482564_n-300x200.jpg 300w, https:\/\/www.nextmultimedio.com\/wp-content\/uploads\/2024\/09\/457666558_1045879907543185_753442174498482564_n-768x512.jpg 768w, https:\/\/www.nextmultimedio.com\/wp-content\/uploads\/2024\/09\/457666558_1045879907543185_753442174498482564_n.jpg 1080w\" sizes=\"auto, (max-width: 1024px) 100vw, 1024px\" \/><\/figure>\n\n\n\n<p>La ciudad de Villa Carlos Paz ha lanzado una convocatoria para dise\u00f1ar su bandera oficial, con el objetivo de celebrar y fortalecer la identidad local.<\/p>\n\n\n\n<p>La iniciativa estar\u00e1 coordinada por la Comisi\u00f3n Evaluadora (Jurado) integrada por un representante del Ejecutivo Municipal, un representante de la mayor\u00eda del Concejo de Representantes, un representante de la minor\u00eda del Concejo de Representante, un representante <a><\/a>de la Comisi\u00f3n de Identidad Carlospacense, un representante del asesoramiento t\u00e9cnico, un representante de la Comisi\u00f3n Amigos de la Historia, y un representante del Parlamento Juvenil.<\/p>\n\n\n\n<p>Una vez que se reciban las propuestas, el jurado, ser\u00e1 el encargado de seleccionar la propuesta ganadora, que se dar\u00e1 a conocer el pr\u00f3ximo 4 de noviembre, D\u00eda de la Identidad de la ciudad. Esta elecci\u00f3n garantizar\u00e1 que la bandera elegida sea una verdadera representaci\u00f3n de la identidad carlospacense.<\/p>\n\n\n\n<p>Las bases y condiciones para la inscripci\u00f3n y participaci\u00f3n se encontrar\u00e1n&nbsp; disponibles en la web oficial del municipio: <a href=\"http:\/\/www.villacarlospaz.gov.ar\/?fbclid=IwZXh0bgNhZW0CMTAAAR3KIoQsyzBEIV89w7YnTepVrSmFfc0TEaFVktSZrHARqgMJVOiEGsaL9YY_aem_BTesSrW24oeOjM-vj6O2tg\" rel=\"noreferrer noopener\" target=\"_blank\">www.villacarlospaz.gov.ar<\/a>, a partir del pr\u00f3ximo viernes 6 de septiembre. Por m\u00e1s detalles sobre el concurso y las actividades relacionadas, los interesados pueden ponerse en contacto con la Comisi\u00f3n de Identidad Carlospacense, oficina ubicada en la Terminal de \u00d3mnibus (horario de 08 a 14hs).<\/p>\n\n\n\n<p><a href=\"https:\/\/www.facebook.com\/photo\/?fbid=1045879880876521&amp;set=pcb.1045879947543181&amp;__cft__[0]=AZX0HXHGrg3S-uhsI1L5N2K9JQE1K399M7_v-S_N8Akrr52mcTctW03XcxzJ8z7Xo60qdDoyocHO6_5SO_ud2yLd3_oLf1ueneKlP3CijPzuSMVKmLBUuvJwDneI_PjTzLUqEN5DLrXTS5vpG8r5GuatI7Hrqn8-LdLklSvhgg1JPIwo5rUyLi2SItnKFHewVE7fKF-6_7CPQHNSI2sRipjm&amp;__tn__=*bH-R\"><\/a><\/p>\n\n\n\n<figure class=\"wp-block-image\"><a href=\"https:\/\/www.facebook.com\/photo\/?fbid=1045879880876521&amp;set=pcb.1045879947543181&amp;__cft__[0]=AZX0HXHGrg3S-uhsI1L5N2K9JQE1K399M7_v-S_N8Akrr52mcTctW03XcxzJ8z7Xo60qdDoyocHO6_5SO_ud2yLd3_oLf1ueneKlP3CijPzuSMVKmLBUuvJwDneI_PjTzLUqEN5DLrXTS5vpG8r5GuatI7Hrqn8-LdLklSvhgg1JPIwo5rUyLi2SItnKFHewVE7fKF-6_7CPQHNSI2sRipjm&amp;__tn__=*bH-R\"><img decoding=\"async\" src=\"https:\/\/scontent.fcor2-1.fna.fbcdn.net\/v\/t39.30808-6\/457666558_1045879907543185_753442174498482564_n.jpg?stp=dst-jpg_p526x395&amp;_nc_cat=111&amp;ccb=1-7&amp;_nc_sid=127cfc&amp;_nc_eui2=AeGTO7WTR6ZtsozCM8kMuhsmBWr8r0Jje5EFavyvQmN7ke56DBWzaTkonzAm1JDzfC8&amp;_nc_ohc=Nt5lnyORP20Q7kNvgFnwQ0g&amp;_nc_ht=scontent.fcor2-1.fna&amp;oh=00_AYAanoZ3AeuNVWR06mAKDXOyivZ44qcyrrmWp3Tx7YtIPQ&amp;oe=66DD6C36\" alt=\"\"\/><\/a><\/figure>\n\n\n\n<p><a href=\"https:\/\/www.facebook.com\/photo\/?fbid=1045879874209855&amp;set=pcb.1045879947543181&amp;__cft__[0]=AZX0HXHGrg3S-uhsI1L5N2K9JQE1K399M7_v-S_N8Akrr52mcTctW03XcxzJ8z7Xo60qdDoyocHO6_5SO_ud2yLd3_oLf1ueneKlP3CijPzuSMVKmLBUuvJwDneI_PjTzLUqEN5DLrXTS5vpG8r5GuatI7Hrqn8-LdLklSvhgg1JPIwo5rUyLi2SItnKFHewVE7fKF-6_7CPQHNSI2sRipjm&amp;__tn__=*bH-R\"><\/a><\/p>\n\n\n\n<figure class=\"wp-block-image\"><a href=\"https:\/\/www.facebook.com\/photo\/?fbid=1045879874209855&amp;set=pcb.1045879947543181&amp;__cft__[0]=AZX0HXHGrg3S-uhsI1L5N2K9JQE1K399M7_v-S_N8Akrr52mcTctW03XcxzJ8z7Xo60qdDoyocHO6_5SO_ud2yLd3_oLf1ueneKlP3CijPzuSMVKmLBUuvJwDneI_PjTzLUqEN5DLrXTS5vpG8r5GuatI7Hrqn8-LdLklSvhgg1JPIwo5rUyLi2SItnKFHewVE7fKF-6_7CPQHNSI2sRipjm&amp;__tn__=*bH-R\"><img decoding=\"async\" src=\"https:\/\/scontent.fcor2-2.fna.fbcdn.net\/v\/t39.30808-6\/458293189_1045879910876518_2275353933352763528_n.jpg?stp=dst-jpg_p526x395&amp;_nc_cat=109&amp;ccb=1-7&amp;_nc_sid=127cfc&amp;_nc_eui2=AeHb0aZ13CV68MxOhMICBb3I2tFnS3aaPwna0WdLdpo_CVhrn2lM8-j2HnEyBM8u0uk&amp;_nc_ohc=cApd1ebclmQQ7kNvgGnxltV&amp;_nc_ht=scontent.fcor2-2.fna&amp;oh=00_AYB0GoF1A7Y_GHOhSh98EVeocjLbN5jyJqafU8y4bcKiTg&amp;oe=66DD7AC5\" alt=\"\"\/><\/a><\/figure>\n\n\n\n<p><a href=\"https:\/\/www.facebook.com\/photo\/?fbid=1045879894209853&amp;set=pcb.1045879947543181&amp;__cft__[0]=AZX0HXHGrg3S-uhsI1L5N2K9JQE1K399M7_v-S_N8Akrr52mcTctW03XcxzJ8z7Xo60qdDoyocHO6_5SO_ud2yLd3_oLf1ueneKlP3CijPzuSMVKmLBUuvJwDneI_PjTzLUqEN5DLrXTS5vpG8r5GuatI7Hrqn8-LdLklSvhgg1JPIwo5rUyLi2SItnKFHewVE7fKF-6_7CPQHNSI2sRipjm&amp;__tn__=*bH-R\"><\/a><\/p>\n\n\n\n<figure class=\"wp-block-image\"><a href=\"https:\/\/www.facebook.com\/photo\/?fbid=1045879894209853&amp;set=pcb.1045879947543181&amp;__cft__[0]=AZX0HXHGrg3S-uhsI1L5N2K9JQE1K399M7_v-S_N8Akrr52mcTctW03XcxzJ8z7Xo60qdDoyocHO6_5SO_ud2yLd3_oLf1ueneKlP3CijPzuSMVKmLBUuvJwDneI_PjTzLUqEN5DLrXTS5vpG8r5GuatI7Hrqn8-LdLklSvhgg1JPIwo5rUyLi2SItnKFHewVE7fKF-6_7CPQHNSI2sRipjm&amp;__tn__=*bH-R\"><img decoding=\"async\" src=\"https:\/\/scontent.fcor2-2.fna.fbcdn.net\/v\/t39.30808-6\/458132561_1045879904209852_4273160537843731745_n.jpg?stp=dst-jpg_p526x395&amp;_nc_cat=105&amp;ccb=1-7&amp;_nc_sid=127cfc&amp;_nc_eui2=AeGuPeHqOybQisRd8d681ZSpZTwy9bFzI41lPDL1sXMjjbGHYW_9tklmfdZ6wzEzHX0&amp;_nc_ohc=9O0UMziFSGQQ7kNvgEdSMUD&amp;_nc_ht=scontent.fcor2-2.fna&amp;oh=00_AYBrY3A9Gy5KbRVQnips-86dULYPceGRwaa7mZXIqHg5ew&amp;oe=66DD7A06\" alt=\"\"\/><\/a><\/figure>\n\n\n\n<p><a href=\"https:\/\/www.facebook.com\/photo\/?fbid=1045879887543187&amp;set=pcb.1045879947543181&amp;__cft__[0]=AZX0HXHGrg3S-uhsI1L5N2K9JQE1K399M7_v-S_N8Akrr52mcTctW03XcxzJ8z7Xo60qdDoyocHO6_5SO_ud2yLd3_oLf1ueneKlP3CijPzuSMVKmLBUuvJwDneI_PjTzLUqEN5DLrXTS5vpG8r5GuatI7Hrqn8-LdLklSvhgg1JPIwo5rUyLi2SItnKFHewVE7fKF-6_7CPQHNSI2sRipjm&amp;__tn__=*bH-R\"><\/a><\/p>\n\n\n\n<figure class=\"wp-block-image\"><a href=\"https:\/\/www.facebook.com\/photo\/?fbid=1045879887543187&amp;set=pcb.1045879947543181&amp;__cft__[0]=AZX0HXHGrg3S-uhsI1L5N2K9JQE1K399M7_v-S_N8Akrr52mcTctW03XcxzJ8z7Xo60qdDoyocHO6_5SO_ud2yLd3_oLf1ueneKlP3CijPzuSMVKmLBUuvJwDneI_PjTzLUqEN5DLrXTS5vpG8r5GuatI7Hrqn8-LdLklSvhgg1JPIwo5rUyLi2SItnKFHewVE7fKF-6_7CPQHNSI2sRipjm&amp;__tn__=*bH-R\"><img decoding=\"async\" src=\"https:\/\/scontent.fcor2-1.fna.fbcdn.net\/v\/t39.30808-6\/457590738_1045879900876519_7351121225940020860_n.jpg?stp=dst-jpg_p526x395&amp;_nc_cat=107&amp;ccb=1-7&amp;_nc_sid=127cfc&amp;_nc_eui2=AeEX6n99TfpPgrabMrQw-J0xcRtoU2oDbtRxG2hTagNu1IgKOL9Zd2lOzJQP14D_IYw&amp;_nc_ohc=oLjcYd8VyqMQ7kNvgE6wPRt&amp;_nc_ht=scontent.fcor2-1.fna&amp;oh=00_AYBdk4inSmEDYJA0CXzhNoDk4ubzSxTZ7bCa2VRKpu6N5w&amp;oe=66DD4E46\" alt=\"\"\/><\/a><\/figure>\n","protected":false},"excerpt":{"rendered":"<p>La ciudad de Villa Carlos Paz ha lanzado una convocatoria para dise\u00f1ar su bandera oficial, con el objetivo de celebrar y fortalecer la identidad local. La iniciativa estar\u00e1 coordinada por la Comisi\u00f3n Evaluadora (Jurado) integrada por un representante del Ejecutivo Municipal, un representante de la mayor\u00eda del Concejo de Representantes, un representante de la minor\u00eda [&hellip;]<\/p>\n","protected":false},"author":1,"featured_media":8078,"comment_status":"closed","ping_status":"closed","sticky":false,"template":"","format":"standard","meta":{"footnotes":""},"categories":[69],"tags":[345],"class_list":["post-8077","post","type-post","status-publish","format-standard","has-post-thumbnail","hentry","category-noticias","tag-destacar"],"_links":{"self":[{"href":"https:\/\/www.nextmultimedio.com\/index.php?rest_route=\/wp\/v2\/posts\/8077","targetHints":{"allow":["GET"]}}],"collection":[{"href":"https:\/\/www.nextmultimedio.com\/index.php?rest_route=\/wp\/v2\/posts"}],"about":[{"href":"https:\/\/www.nextmultimedio.com\/index.php?rest_route=\/wp\/v2\/types\/post"}],"author":[{"embeddable":true,"href":"https:\/\/www.nextmultimedio.com\/index.php?rest_route=\/wp\/v2\/users\/1"}],"replies":[{"embeddable":true,"href":"https:\/\/www.nextmultimedio.com\/index.php?rest_route=%2Fwp%2Fv2%2Fcomments&post=8077"}],"version-history":[{"count":1,"href":"https:\/\/www.nextmultimedio.com\/index.php?rest_route=\/wp\/v2\/posts\/8077\/revisions"}],"predecessor-version":[{"id":8079,"href":"https:\/\/www.nextmultimedio.com\/index.php?rest_route=\/wp\/v2\/posts\/8077\/revisions\/8079"}],"wp:featuredmedia":[{"embeddable":true,"href":"https:\/\/www.nextmultimedio.com\/index.php?rest_route=\/wp\/v2\/media\/8078"}],"wp:attachment":[{"href":"https:\/\/www.nextmultimedio.com\/index.php?rest_route=%2Fwp%2Fv2%2Fmedia&parent=8077"}],"wp:term":[{"taxonomy":"category","embeddable":true,"href":"https:\/\/www.nextmultimedio.com\/index.php?rest_route=%2Fwp%2Fv2%2Fcategories&post=8077"},{"taxonomy":"post_tag","embeddable":true,"href":"https:\/\/www.nextmultimedio.com\/index.php?rest_route=%2Fwp%2Fv2%2Ftags&post=8077"}],"curies":[{"name":"wp","href":"https:\/\/api.w.org\/{rel}","templated":true}]}}