{"id":8063,"date":"2024-09-02T16:58:55","date_gmt":"2024-09-02T19:58:55","guid":{"rendered":"https:\/\/www.nextmultimedio.com\/?p=8063"},"modified":"2024-09-02T16:58:55","modified_gmt":"2024-09-02T19:58:55","slug":"continua-el-combate-del-fuego-en-distintos-sectores-de-la-provincia","status":"publish","type":"post","link":"https:\/\/www.nextmultimedio.com\/?p=8063","title":{"rendered":"CONTIN\u00daA EL COMBATE DEL FUEGO EN DISTINTOS SECTORES DE LA PROVINCIA"},"content":{"rendered":"\n<ul class=\"wp-block-list\">\n<li><strong>Se registran focos \u00edgneos entre las localidades de El Durzano y Villa Yacanto, en Variante Ju\u00e1rez Celman, en Autopista C\u00f3rdoba Carlos Paz, en cercan\u00edas de Falda del Carmen y en Cosqu\u00edn.<\/strong><\/li>\n\n\n\n<li><strong>Actualizaci\u00f3n de la informaci\u00f3n a las 15.30.<\/strong><\/li>\n<\/ul>\n\n\n\n<figure class=\"wp-block-image size-full\"><img loading=\"lazy\" decoding=\"async\" width=\"990\" height=\"660\" src=\"https:\/\/www.nextmultimedio.com\/wp-content\/uploads\/2024\/09\/incendios-5-2.jpg\" alt=\"\" class=\"wp-image-8065\" srcset=\"https:\/\/www.nextmultimedio.com\/wp-content\/uploads\/2024\/09\/incendios-5-2.jpg 990w, https:\/\/www.nextmultimedio.com\/wp-content\/uploads\/2024\/09\/incendios-5-2-300x200.jpg 300w, https:\/\/www.nextmultimedio.com\/wp-content\/uploads\/2024\/09\/incendios-5-2-768x512.jpg 768w\" sizes=\"auto, (max-width: 990px) 100vw, 990px\" \/><\/figure>\n\n\n\n<p>Con condiciones adversas por las fuertes r\u00e1fagas de viento y altas temperaturas, se registran varios incendios importantes en distintos puntos de la provincia de C\u00f3rdoba.<\/p>\n\n\n\n<p>Seg\u00fan lo informado por el vocero de la Secretar\u00eda de Gesti\u00f3n de Riesgo Clim\u00e1tico, Cat\u00e1strofes y Protecci\u00f3n Civil, Roberto Schreiner, el foco m\u00e1s complicado se desarrolla entre las localidades El Durzano y Villa Yacanto de Calamuchita.<\/p>\n\n\n\n<p>El frente tiene unos cinco kil\u00f3metros de largo y se est\u00e1 desplazando a bastante velocidad impulsado por las r\u00e1fagas de viento. Schreiner dijo que el fuego pas\u00f3 por arriba de algunas viviendas y hay gente evacuada por prevenci\u00f3n, pero no se contabilizan heridos.<\/p>\n\n\n\n<p>En zona del departamento Calamuchita, el viento est\u00e1 rotando hacia el sur, lo que se estima complicar\u00e1 a\u00fan m\u00e1s las tareas de los bomberos.<\/p>\n\n\n\n<p>Schreiner se\u00f1al\u00f3 que tambi\u00e9n hay otros cuatro focos activos: en Variante Ju\u00e1rez Celman, en Autopista C\u00f3rdoba Carlos Paz, en cercan\u00edas de Falda del Carmen y en Cosqu\u00edn. Las llamas se desplazan r\u00e1pidamente por el viento.<\/p>\n\n\n\n<p>Est\u00e1n desplegados en el terreno varios cuarteles de bomberos, personal del Etac y del Plan Provincial de Manejo del Fuego.<\/p>\n\n\n\n<p>Foto: archivo<\/p>\n","protected":false},"excerpt":{"rendered":"<p>Con condiciones adversas por las fuertes r\u00e1fagas de viento y altas temperaturas, se registran varios incendios importantes en distintos puntos de la provincia de C\u00f3rdoba. Seg\u00fan lo informado por el vocero de la Secretar\u00eda de Gesti\u00f3n de Riesgo Clim\u00e1tico, Cat\u00e1strofes y Protecci\u00f3n Civil, Roberto Schreiner, el foco m\u00e1s complicado se desarrolla entre las localidades El [&hellip;]<\/p>\n","protected":false},"author":1,"featured_media":8065,"comment_status":"closed","ping_status":"closed","sticky":false,"template":"","format":"standard","meta":{"footnotes":""},"categories":[69],"tags":[345],"class_list":["post-8063","post","type-post","status-publish","format-standard","has-post-thumbnail","hentry","category-noticias","tag-destacar"],"_links":{"self":[{"href":"https:\/\/www.nextmultimedio.com\/index.php?rest_route=\/wp\/v2\/posts\/8063","targetHints":{"allow":["GET"]}}],"collection":[{"href":"https:\/\/www.nextmultimedio.com\/index.php?rest_route=\/wp\/v2\/posts"}],"about":[{"href":"https:\/\/www.nextmultimedio.com\/index.php?rest_route=\/wp\/v2\/types\/post"}],"author":[{"embeddable":true,"href":"https:\/\/www.nextmultimedio.com\/index.php?rest_route=\/wp\/v2\/users\/1"}],"replies":[{"embeddable":true,"href":"https:\/\/www.nextmultimedio.com\/index.php?rest_route=%2Fwp%2Fv2%2Fcomments&post=8063"}],"version-history":[{"count":1,"href":"https:\/\/www.nextmultimedio.com\/index.php?rest_route=\/wp\/v2\/posts\/8063\/revisions"}],"predecessor-version":[{"id":8066,"href":"https:\/\/www.nextmultimedio.com\/index.php?rest_route=\/wp\/v2\/posts\/8063\/revisions\/8066"}],"wp:featuredmedia":[{"embeddable":true,"href":"https:\/\/www.nextmultimedio.com\/index.php?rest_route=\/wp\/v2\/media\/8065"}],"wp:attachment":[{"href":"https:\/\/www.nextmultimedio.com\/index.php?rest_route=%2Fwp%2Fv2%2Fmedia&parent=8063"}],"wp:term":[{"taxonomy":"category","embeddable":true,"href":"https:\/\/www.nextmultimedio.com\/index.php?rest_route=%2Fwp%2Fv2%2Fcategories&post=8063"},{"taxonomy":"post_tag","embeddable":true,"href":"https:\/\/www.nextmultimedio.com\/index.php?rest_route=%2Fwp%2Fv2%2Ftags&post=8063"}],"curies":[{"name":"wp","href":"https:\/\/api.w.org\/{rel}","templated":true}]}}