{"id":8051,"date":"2024-09-01T21:07:25","date_gmt":"2024-09-02T00:07:25","guid":{"rendered":"https:\/\/www.nextmultimedio.com\/?p=8051"},"modified":"2024-09-01T21:07:25","modified_gmt":"2024-09-02T00:07:25","slug":"perdio-el-control-de-su-moto-y-termino-chocando-contra-una-palmera","status":"publish","type":"post","link":"https:\/\/www.nextmultimedio.com\/?p=8051","title":{"rendered":"PERDI\u00d3 EL CONTROL DE SU MOTO Y TERMIN\u00d3 CHOCANDO CONTRA UNA PALMERA"},"content":{"rendered":"<div class=\"wp-block-image\">\n<figure class=\"aligncenter size-full\"><img loading=\"lazy\" decoding=\"async\" width=\"526\" height=\"526\" src=\"https:\/\/www.nextmultimedio.com\/wp-content\/uploads\/2024\/09\/458097796_1044295901034919_1655173365535888065_n.jpg\" alt=\"\" class=\"wp-image-8052\" srcset=\"https:\/\/www.nextmultimedio.com\/wp-content\/uploads\/2024\/09\/458097796_1044295901034919_1655173365535888065_n.jpg 526w, https:\/\/www.nextmultimedio.com\/wp-content\/uploads\/2024\/09\/458097796_1044295901034919_1655173365535888065_n-300x300.jpg 300w\" sizes=\"auto, (max-width: 526px) 100vw, 526px\" \/><\/figure>\n<\/div>\n\n\n<p>Av. C\u00e1rcano 2880<\/p>\n\n\n\n<p>Siendo las 10:20 hs, Personal Policial se constituye al lugar en menci\u00f3n, d\u00f3nde entrevista a un hombre de 23 a\u00f1os de edad, quien manifiesta que por motivos a establecer perdi\u00f3 el control de su motocicleta Gilera Smash 110cc, colisionando contra una palmera ubicada en el cantero central de la Avenida .<\/p>\n\n\n\n<p>Se <a><\/a>hizo presente el servicio de emergencias, quienes trasladan al Hospital Sayago al masculino para una mejor atenci\u00f3n.<\/p>\n\n\n\n<p><a href=\"https:\/\/www.facebook.com\/photo\/?fbid=1044295897701586&amp;set=a.356501556481027&amp;__cft__[0]=AZXpVRE9wvULav6F6TTQ8cKpuHehzfNza5lVH5KSRL96AYXyYNGVZk9XBR9r4ax__5oZNs3X_n-qisYSCVSdrEbp6LzMDXpX4XMrL9imQp2_Rzh6uAaKx9IpKZPhGPzRJ28g6jXeffV97o9GR-qnOxtUoUo79idm-VCykGwYV4gCunMt5Sx0Vq2jwPFxbGibeFBgtdfP_97oDlPf-YItz9Ds&amp;__tn__=EH-R\"><\/a><\/p>\n","protected":false},"excerpt":{"rendered":"<p>Av. C\u00e1rcano 2880 Siendo las 10:20 hs, Personal Policial se constituye al lugar en menci\u00f3n, d\u00f3nde entrevista a un hombre de 23 a\u00f1os de edad, quien manifiesta que por motivos a establecer perdi\u00f3 el control de su motocicleta Gilera Smash 110cc, colisionando contra una palmera ubicada en el cantero central de la Avenida . Se [&hellip;]<\/p>\n","protected":false},"author":1,"featured_media":8052,"comment_status":"closed","ping_status":"closed","sticky":false,"template":"","format":"standard","meta":{"footnotes":""},"categories":[69],"tags":[345],"class_list":["post-8051","post","type-post","status-publish","format-standard","has-post-thumbnail","hentry","category-noticias","tag-destacar"],"_links":{"self":[{"href":"https:\/\/www.nextmultimedio.com\/index.php?rest_route=\/wp\/v2\/posts\/8051","targetHints":{"allow":["GET"]}}],"collection":[{"href":"https:\/\/www.nextmultimedio.com\/index.php?rest_route=\/wp\/v2\/posts"}],"about":[{"href":"https:\/\/www.nextmultimedio.com\/index.php?rest_route=\/wp\/v2\/types\/post"}],"author":[{"embeddable":true,"href":"https:\/\/www.nextmultimedio.com\/index.php?rest_route=\/wp\/v2\/users\/1"}],"replies":[{"embeddable":true,"href":"https:\/\/www.nextmultimedio.com\/index.php?rest_route=%2Fwp%2Fv2%2Fcomments&post=8051"}],"version-history":[{"count":1,"href":"https:\/\/www.nextmultimedio.com\/index.php?rest_route=\/wp\/v2\/posts\/8051\/revisions"}],"predecessor-version":[{"id":8053,"href":"https:\/\/www.nextmultimedio.com\/index.php?rest_route=\/wp\/v2\/posts\/8051\/revisions\/8053"}],"wp:featuredmedia":[{"embeddable":true,"href":"https:\/\/www.nextmultimedio.com\/index.php?rest_route=\/wp\/v2\/media\/8052"}],"wp:attachment":[{"href":"https:\/\/www.nextmultimedio.com\/index.php?rest_route=%2Fwp%2Fv2%2Fmedia&parent=8051"}],"wp:term":[{"taxonomy":"category","embeddable":true,"href":"https:\/\/www.nextmultimedio.com\/index.php?rest_route=%2Fwp%2Fv2%2Fcategories&post=8051"},{"taxonomy":"post_tag","embeddable":true,"href":"https:\/\/www.nextmultimedio.com\/index.php?rest_route=%2Fwp%2Fv2%2Ftags&post=8051"}],"curies":[{"name":"wp","href":"https:\/\/api.w.org\/{rel}","templated":true}]}}