{"id":7903,"date":"2024-08-14T17:51:00","date_gmt":"2024-08-14T20:51:00","guid":{"rendered":"https:\/\/www.nextmultimedio.com\/?p=7903"},"modified":"2024-08-14T17:51:00","modified_gmt":"2024-08-14T20:51:00","slug":"dia-del-nino-en-carlos-paz-campeones-del-mundo","status":"publish","type":"post","link":"https:\/\/www.nextmultimedio.com\/?p=7903","title":{"rendered":"D\u00cdA DEL NI\u00d1O EN CARLOS PAZ: CAMPEONES DEL MUNDO"},"content":{"rendered":"\n<figure class=\"wp-block-image size-large\"><img loading=\"lazy\" decoding=\"async\" width=\"1024\" height=\"1024\" src=\"https:\/\/www.nextmultimedio.com\/wp-content\/uploads\/2024\/08\/455030462_1030621049069071_2688062444933114601_n-1024x1024.jpg\" alt=\"\" class=\"wp-image-7904\" srcset=\"https:\/\/www.nextmultimedio.com\/wp-content\/uploads\/2024\/08\/455030462_1030621049069071_2688062444933114601_n-1024x1024.jpg 1024w, https:\/\/www.nextmultimedio.com\/wp-content\/uploads\/2024\/08\/455030462_1030621049069071_2688062444933114601_n-300x300.jpg 300w, https:\/\/www.nextmultimedio.com\/wp-content\/uploads\/2024\/08\/455030462_1030621049069071_2688062444933114601_n-768x768.jpg 768w, https:\/\/www.nextmultimedio.com\/wp-content\/uploads\/2024\/08\/455030462_1030621049069071_2688062444933114601_n.jpg 1080w\" sizes=\"auto, (max-width: 1024px) 100vw, 1024px\" \/><\/figure>\n\n\n\n<p>Villa Carlos Paz se prepara para vivir una nueva fiesta del D\u00eda del Ni\u00f1o el pr\u00f3ximo domingo 18 de agosto, de 14 a 18 hs., en el Parque de Asistencia del Rally, con entrada libre y gratuita para toda la familia .<\/p>\n\n\n\n<p>Desfile Internacional de los Caporales de Bolivia<\/p>\n\n\n\n<p>En <a><\/a>el marco del gran festejo en el sector de la costanera cercano al Parque de Asistencia se llevar\u00e1 a cabo un desfile y recorrido tradicional con espect\u00e1culo de danza y m\u00fasica a cargo de los Caporales de Sucre (Bolivia).<\/p>\n\n\n\n<p><a href=\"https:\/\/www.facebook.com\/photo\/?fbid=1030621045735738&amp;set=pcb.1030621085735734&amp;__cft__[0]=AZU4P0xI-PgB_SHcFSGzsUhRPPwDk76d79N72TFXzX_Q-xfRArCzBUEJ7X2Yzz2EZFanuo0z9U9VW7TFuDxL4N7pVGYTtTAbWLpgq7EGQUeLhcxgK_uTnMoRoTOqrvBV9BhJXsq3zVg75WBUHcuWqtDLxTdE_3FklWYnt3bVKdEYrUJ5rE6e59BvNyY-KTABhC4e_1z-IWZ00tQJvevBNHQu&amp;__tn__=*bH-R\"><\/a><\/p>\n\n\n\n<figure class=\"wp-block-image\"><a href=\"https:\/\/www.facebook.com\/photo\/?fbid=1030621045735738&amp;set=pcb.1030621085735734&amp;__cft__[0]=AZU4P0xI-PgB_SHcFSGzsUhRPPwDk76d79N72TFXzX_Q-xfRArCzBUEJ7X2Yzz2EZFanuo0z9U9VW7TFuDxL4N7pVGYTtTAbWLpgq7EGQUeLhcxgK_uTnMoRoTOqrvBV9BhJXsq3zVg75WBUHcuWqtDLxTdE_3FklWYnt3bVKdEYrUJ5rE6e59BvNyY-KTABhC4e_1z-IWZ00tQJvevBNHQu&amp;__tn__=*bH-R\"><img decoding=\"async\" src=\"https:\/\/scontent.fcor2-2.fna.fbcdn.net\/v\/t39.30808-6\/455030462_1030621049069071_2688062444933114601_n.jpg?stp=dst-jpg_p600x600&amp;_nc_cat=104&amp;ccb=1-7&amp;_nc_sid=127cfc&amp;_nc_eui2=AeF_0VPpNpm_dcXMvv4xU36nu6eSKd28gIG7p5Ip3byAgYg8q3aa04oEXqlijB9BO-s&amp;_nc_ohc=Or7tBC28vK0Q7kNvgH5AWI4&amp;_nc_ht=scontent.fcor2-2.fna&amp;oh=00_AYBLSXFkdYvG34ptMW9w04yHNS_tLSH-AzLQfzOgNFYCFg&amp;oe=66C2F527\" alt=\"\"\/><\/a><\/figure>\n\n\n\n<p><a href=\"https:\/\/www.facebook.com\/photo\/?fbid=1030621039069072&amp;set=pcb.1030621085735734&amp;__cft__[0]=AZU4P0xI-PgB_SHcFSGzsUhRPPwDk76d79N72TFXzX_Q-xfRArCzBUEJ7X2Yzz2EZFanuo0z9U9VW7TFuDxL4N7pVGYTtTAbWLpgq7EGQUeLhcxgK_uTnMoRoTOqrvBV9BhJXsq3zVg75WBUHcuWqtDLxTdE_3FklWYnt3bVKdEYrUJ5rE6e59BvNyY-KTABhC4e_1z-IWZ00tQJvevBNHQu&amp;__tn__=*bH-R\"><\/a><\/p>\n\n\n\n<figure class=\"wp-block-image\"><a href=\"https:\/\/www.facebook.com\/photo\/?fbid=1030621039069072&amp;set=pcb.1030621085735734&amp;__cft__[0]=AZU4P0xI-PgB_SHcFSGzsUhRPPwDk76d79N72TFXzX_Q-xfRArCzBUEJ7X2Yzz2EZFanuo0z9U9VW7TFuDxL4N7pVGYTtTAbWLpgq7EGQUeLhcxgK_uTnMoRoTOqrvBV9BhJXsq3zVg75WBUHcuWqtDLxTdE_3FklWYnt3bVKdEYrUJ5rE6e59BvNyY-KTABhC4e_1z-IWZ00tQJvevBNHQu&amp;__tn__=*bH-R\"><img decoding=\"async\" src=\"https:\/\/scontent.fcor2-1.fna.fbcdn.net\/v\/t39.30808-6\/455016589_1030621052402404_1850384341559687557_n.jpg?stp=dst-jpg_p600x600&amp;_nc_cat=111&amp;ccb=1-7&amp;_nc_sid=127cfc&amp;_nc_eui2=AeGlj5mr6fvdSkrDDNRaE-ojtSSPjdIWuZ21JI-N0ha5ndUUzalM7FCtcbix4RhTsiw&amp;_nc_ohc=jPhsbWyS2dcQ7kNvgFJ59h2&amp;_nc_ht=scontent.fcor2-1.fna&amp;oh=00_AYDS2gEkxfcFf4hzqohj1FhH-7GX6ksLQWzNwGmUhm6lsg&amp;oe=66C2F69F\" alt=\"\"\/><\/a><\/figure>\n","protected":false},"excerpt":{"rendered":"<p>Villa Carlos Paz se prepara para vivir una nueva fiesta del D\u00eda del Ni\u00f1o el pr\u00f3ximo domingo 18 de agosto, de 14 a 18 hs., en el Parque de Asistencia del Rally, con entrada libre y gratuita para toda la familia . Desfile Internacional de los Caporales de Bolivia En el marco del gran festejo [&hellip;]<\/p>\n","protected":false},"author":1,"featured_media":7904,"comment_status":"closed","ping_status":"closed","sticky":false,"template":"","format":"standard","meta":{"footnotes":""},"categories":[69],"tags":[345],"class_list":["post-7903","post","type-post","status-publish","format-standard","has-post-thumbnail","hentry","category-noticias","tag-destacar"],"_links":{"self":[{"href":"https:\/\/www.nextmultimedio.com\/index.php?rest_route=\/wp\/v2\/posts\/7903","targetHints":{"allow":["GET"]}}],"collection":[{"href":"https:\/\/www.nextmultimedio.com\/index.php?rest_route=\/wp\/v2\/posts"}],"about":[{"href":"https:\/\/www.nextmultimedio.com\/index.php?rest_route=\/wp\/v2\/types\/post"}],"author":[{"embeddable":true,"href":"https:\/\/www.nextmultimedio.com\/index.php?rest_route=\/wp\/v2\/users\/1"}],"replies":[{"embeddable":true,"href":"https:\/\/www.nextmultimedio.com\/index.php?rest_route=%2Fwp%2Fv2%2Fcomments&post=7903"}],"version-history":[{"count":1,"href":"https:\/\/www.nextmultimedio.com\/index.php?rest_route=\/wp\/v2\/posts\/7903\/revisions"}],"predecessor-version":[{"id":7905,"href":"https:\/\/www.nextmultimedio.com\/index.php?rest_route=\/wp\/v2\/posts\/7903\/revisions\/7905"}],"wp:featuredmedia":[{"embeddable":true,"href":"https:\/\/www.nextmultimedio.com\/index.php?rest_route=\/wp\/v2\/media\/7904"}],"wp:attachment":[{"href":"https:\/\/www.nextmultimedio.com\/index.php?rest_route=%2Fwp%2Fv2%2Fmedia&parent=7903"}],"wp:term":[{"taxonomy":"category","embeddable":true,"href":"https:\/\/www.nextmultimedio.com\/index.php?rest_route=%2Fwp%2Fv2%2Fcategories&post=7903"},{"taxonomy":"post_tag","embeddable":true,"href":"https:\/\/www.nextmultimedio.com\/index.php?rest_route=%2Fwp%2Fv2%2Ftags&post=7903"}],"curies":[{"name":"wp","href":"https:\/\/api.w.org\/{rel}","templated":true}]}}