{"id":7824,"date":"2024-08-05T19:54:06","date_gmt":"2024-08-05T22:54:06","guid":{"rendered":"https:\/\/www.nextmultimedio.com\/?p=7824"},"modified":"2024-08-05T19:54:07","modified_gmt":"2024-08-05T22:54:07","slug":"llaryora-adquirio-150-mil-vacunas-contra-el-dengue","status":"publish","type":"post","link":"https:\/\/www.nextmultimedio.com\/?p=7824","title":{"rendered":"LLARYORA ADQUIRI\u00d3 150 MIL VACUNAS CONTRA EL DENGUE"},"content":{"rendered":"\n<ul class=\"wp-block-list\">\n<li><strong>Se trata de uno de los pilares del Plan Estrat\u00e9gico de Abordaje Integral y Vacunaci\u00f3n para la Prevenci\u00f3n y el Control del Dengue, Chikungunya y Zika.<\/strong><\/li>\n\n\n\n<li><strong>Al mismo tiempo, se profundizar\u00e1n las medidas sanitarias en centros de salud y la implementaci\u00f3n de telemedicina.<\/strong><\/li>\n\n\n\n<li><strong>La inversi\u00f3n provincial alcanza los 7.500 millones de pesos.<\/strong><\/li>\n<\/ul>\n\n\n<div class=\"wp-block-image\">\n<figure class=\"aligncenter size-full\"><img loading=\"lazy\" decoding=\"async\" width=\"720\" height=\"720\" src=\"https:\/\/www.nextmultimedio.com\/wp-content\/uploads\/2024\/08\/450187410_1003275151803661_7902130382736962093_n.jpg\" alt=\"\" class=\"wp-image-7825\" srcset=\"https:\/\/www.nextmultimedio.com\/wp-content\/uploads\/2024\/08\/450187410_1003275151803661_7902130382736962093_n.jpg 720w, https:\/\/www.nextmultimedio.com\/wp-content\/uploads\/2024\/08\/450187410_1003275151803661_7902130382736962093_n-300x300.jpg 300w\" sizes=\"auto, (max-width: 720px) 100vw, 720px\" \/><\/figure>\n<\/div>\n\n\n<p>El gobernador Mart\u00edn Llaryora, junto al ministro de Salud, Ricardo Pieckenstainer anunciaron hoy la compra de 150 mil vacunas contra el dengue.<\/p>\n\n\n\n<p>Las dosis estar\u00e1n destinadas a la protecci\u00f3n del personal sanitario del \u00e1mbito p\u00fablico y privado, as\u00ed como a quienes hayan cursado la enfermedad con un cuadro grave, requiriendo internaci\u00f3n de m\u00e1s de 24 horas y cuya edad est\u00e9 entre los 15 y 59 a\u00f1os.<\/p>\n\n\n\n<p>El anuncio es uno de los pilares del Plan Estrat\u00e9gico de Abordaje Integral y Vacunaci\u00f3n para la Prevenci\u00f3n y el Control del Dengue, Chikungunya y Zika que se present\u00f3 hoy.<\/p>\n\n\n\n<p>La iniciativa tiene como objetivo principal establecer lineamientos estrat\u00e9gicos generales y proporcionar herramientas t\u00e9cnicas para prevenir, controlar y mitigar futuros brotes de estas enfermedades en la provincia durante la temporada 2024-2025.<\/p>\n\n\n\n<p>Este plan contar\u00e1 con una inversi\u00f3n de 7.500 millones de pesos, y se destaca el inicio de la campa\u00f1a de vacunaci\u00f3n, tras la adquisici\u00f3n de las vacunas por parte de la Provincia.<\/p>\n\n\n\n<p>\u201cC\u00f3rdoba vuelve a mostrarse previsora. No vamos a dejar solos a nuestra gente, aunque estemos en uno de los momentos econ\u00f3micos m\u00e1s dif\u00edciles. Vamos a cuidar a los que nos cuidan, vamos a cuidar a nuestros vecinos, vamos a cuidar al sistema p\u00fablico y privado, porque para nosotros el sistema de salud es uno\u201d, asegur\u00f3 el gobernador.<\/p>\n\n\n\n<p>Gobernador Martin Llaryora.<br>El mandatario agreg\u00f3 luego que \u201ces ahora donde tenemos que generar las l\u00edneas de acci\u00f3n. Por eso nosotros vamos a poner cada peso en cuidar la vida de los cordobeses. No podemos esperar m\u00e1s. Vamos a empezar a prevenir y actuar antes\u201d.<\/p>\n\n\n\n<p>A su turno, el ministro de Salud agradeci\u00f3 y valor\u00f3 el trabajo del equipo de salud, y destac\u00f3 que \u201ctodas estas medidas apuntan a que estemos preparados y listos para una contingencia que puede ser de la magnitud que tuvimos en 2023 si no tomamos cartas en el asunto en este momento. El objetivo principal que tenemos como Ministerio es demorar la mayor cantidad de tiempo posible la aparici\u00f3n del primer caso y disminuir el brote la mayor cantidad de tiempo posible\u201d.<\/p>\n\n\n\n<p>Ministro de Salud, Ricardo Pieckenstainer.<br>Estuvieron presentes, adem\u00e1s, el intendente de la Ciudad de C\u00f3rdoba, Daniel Passerini; el ministro de Gobierno, Manuel Calvo; el secretario de Salud, Carlos Giordana; el presidente de IIPLAS (Instituto de Investigaci\u00f3n y Planificaci\u00f3n Sanitaria), Gustavo Klein; el presidente Apross, Pablo Venturuzzi; el Decano de la Facultad de Ciencias M\u00e9dicas (UNC), Rogelio Pizzi; el secretario general del Sindicato de Empleados P\u00fablicos, Sergio Castro; el secretario general de ATSA, Ricardo L\u00f3pez; y el m\u00e9dico infect\u00f3logo Hugo Pizzi.<\/p>\n\n\n\n<p>Plan de Vacunaci\u00f3n<br>El gobernador detall\u00f3 que la provincia vacunar\u00e1 \u00aba todos los equipos de salud de C\u00f3rdoba del sistema p\u00fablico y del sistema privado. Vamos a cuidar a los que nos cuidan. Y tambi\u00e9n tenemos registrados m\u00e1s de 5.000 personas que han tenido dengue grave. Vamos a ser solidarios con nuestros vecinos que estuvieron internados\u201d.<\/p>\n\n\n\n<p>El plan de vacunaci\u00f3n se implementar\u00e1 de manera escalonada, priorizando la disponibilidad gradual de las vacunas y el nivel de riesgo de los siguientes grupos objetivos:<\/p>\n\n\n\n<p>Poblaci\u00f3n general entre 15 y 59 a\u00f1os que haya cursado dengue con criterio de internaci\u00f3n por m\u00e1s de 24 horas.<br>Equipo de salud que haya cursado la enfermedad, hasta 59 a\u00f1os, en sitios priorizados.<br>Resto del equipo de salud hasta 59 a\u00f1os. El objetivo principal de esta estrategia es disminuir la carga de la enfermedad sintom\u00e1tica y el impacto en pacientes de alto riesgo debido al virus del dengue.<br>Esta poblaci\u00f3n ser\u00e1 notificada a trav\u00e9s del Ciudadano Digital (CiDi). Esta comunicaci\u00f3n incluir\u00e1 informaci\u00f3n sobre la disponibilidad de la vacuna, el vacunatorio m\u00e1s cercano y el per\u00edodo durante el cual podr\u00e1n recibir la dosis, seg\u00fan el domicilio declarado en su DNI.<\/p>\n\n\n\n<p>Vale mencionar que aquellas personas que cumplan con los requisitos y no hayan recibido la notificaci\u00f3n antes del 30 de agosto, deber\u00e1n acercarse al centro de salud donde fueron internados y solicitar que su caso sea notificado al Sistema Nacional de Vigilancia de Salud (SNVS). Una vez realizada esta notificaci\u00f3n, recibir\u00e1n la informaci\u00f3n correspondiente a trav\u00e9s de CIDI.<\/p>\n\n\n\n<p>En cuanto al personal de salud hasta los 59 a\u00f1os, tambi\u00e9n ser\u00e1 vacunado de manera escalonada, comenzando con aquellos que hayan cursado dengue sintom\u00e1tico.<\/p>\n\n\n\n<p>La informaci\u00f3n sobre el procedimiento se enviar\u00e1 a trav\u00e9s de CIDI y se coordinar\u00e1 con los vacunatorios de los hospitales provinciales m\u00e1s cercanos a su domicilio.<\/p>\n\n\n\n<p>Comunicaci\u00f3n, Ordenamiento Ambiental y Vigilancia<br>El plan, alineado con las recomendaciones de la Organizaci\u00f3n Mundial de la Salud, tiene como ejes principales llevar adelante campa\u00f1as de comunicaci\u00f3n para sensibilizar y prevenir contagios en la comunidad, mediante la promoci\u00f3n de conductas saludables y principalmente la eliminaci\u00f3n de potenciales criaderos de mosquitos.<\/p>\n\n\n\n<p>\u201cNecesitamos que cada intendente, que cada \u00e1rea de salud, que cada comuna, ponga el Dengue como un tema estrat\u00e9gico y principal\u201d, asever\u00f3 el gobernador.<\/p>\n\n\n\n<p>Adem\u00e1s, se llevar\u00e1n a cabo acciones de ordenamiento ambiental en domicilios, espacios privados, p\u00fablicos e industriales; adem\u00e1s de la vigilancia epidemiol\u00f3gica mediante diferentes herramientas como sensores de oviposici\u00f3n que determinan la presencia y actividad de la hembra; y el monitoreo larvario, que determina el nivel de riesgo de ocurrencia de un brote.<\/p>\n\n\n\n<p>Asimismo, se prev\u00e9n medidas sanitarias que contemplan informaci\u00f3n y difusi\u00f3n en centros de atenci\u00f3n primaria de salud y la implementaci\u00f3n del triaje en todas las guardias de los hospitales.<\/p>\n\n\n\n<p>Cabe mencionar que, en todos los centros de salud, se llevar\u00e1 adelante la adecuaci\u00f3n de la capacidad operativa mediante la ampliaci\u00f3n de los consultorios externos para las consultas de seguimiento; y el aumento de las camas de atenci\u00f3n en guardia.<\/p>\n\n\n\n<p>Adem\u00e1s, se implementar\u00e1 un sistema de teleconsultas para dinamizar y eficientizar el abordaje de esta enfermedad.<\/p>\n\n\n\n<p>Por \u00faltimo, vale mencionar que la inversi\u00f3n prevista contempla la compra de vacunas, repelentes, permetrina, kits para bloqueos de foco, test r\u00e1pidos, materiales descartables y medicamentos necesarios, junto a los equipos necesarios para implementar la telemedicina.<\/p>\n\n\n\n<p><\/p>\n","protected":false},"excerpt":{"rendered":"<p>El gobernador Mart\u00edn Llaryora, junto al ministro de Salud, Ricardo Pieckenstainer anunciaron hoy la compra de 150 mil vacunas contra el dengue. Las dosis estar\u00e1n destinadas a la protecci\u00f3n del personal sanitario del \u00e1mbito p\u00fablico y privado, as\u00ed como a quienes hayan cursado la enfermedad con un cuadro grave, requiriendo internaci\u00f3n de m\u00e1s de 24 [&hellip;]<\/p>\n","protected":false},"author":1,"featured_media":7825,"comment_status":"closed","ping_status":"closed","sticky":false,"template":"","format":"standard","meta":{"footnotes":""},"categories":[69],"tags":[345],"class_list":["post-7824","post","type-post","status-publish","format-standard","has-post-thumbnail","hentry","category-noticias","tag-destacar"],"_links":{"self":[{"href":"https:\/\/www.nextmultimedio.com\/index.php?rest_route=\/wp\/v2\/posts\/7824","targetHints":{"allow":["GET"]}}],"collection":[{"href":"https:\/\/www.nextmultimedio.com\/index.php?rest_route=\/wp\/v2\/posts"}],"about":[{"href":"https:\/\/www.nextmultimedio.com\/index.php?rest_route=\/wp\/v2\/types\/post"}],"author":[{"embeddable":true,"href":"https:\/\/www.nextmultimedio.com\/index.php?rest_route=\/wp\/v2\/users\/1"}],"replies":[{"embeddable":true,"href":"https:\/\/www.nextmultimedio.com\/index.php?rest_route=%2Fwp%2Fv2%2Fcomments&post=7824"}],"version-history":[{"count":1,"href":"https:\/\/www.nextmultimedio.com\/index.php?rest_route=\/wp\/v2\/posts\/7824\/revisions"}],"predecessor-version":[{"id":7826,"href":"https:\/\/www.nextmultimedio.com\/index.php?rest_route=\/wp\/v2\/posts\/7824\/revisions\/7826"}],"wp:featuredmedia":[{"embeddable":true,"href":"https:\/\/www.nextmultimedio.com\/index.php?rest_route=\/wp\/v2\/media\/7825"}],"wp:attachment":[{"href":"https:\/\/www.nextmultimedio.com\/index.php?rest_route=%2Fwp%2Fv2%2Fmedia&parent=7824"}],"wp:term":[{"taxonomy":"category","embeddable":true,"href":"https:\/\/www.nextmultimedio.com\/index.php?rest_route=%2Fwp%2Fv2%2Fcategories&post=7824"},{"taxonomy":"post_tag","embeddable":true,"href":"https:\/\/www.nextmultimedio.com\/index.php?rest_route=%2Fwp%2Fv2%2Ftags&post=7824"}],"curies":[{"name":"wp","href":"https:\/\/api.w.org\/{rel}","templated":true}]}}