{"id":7801,"date":"2024-08-04T22:52:58","date_gmt":"2024-08-05T01:52:58","guid":{"rendered":"https:\/\/www.nextmultimedio.com\/?p=7801"},"modified":"2024-08-05T19:46:29","modified_gmt":"2024-08-05T22:46:29","slug":"solicitan-dar-con-el-paradero-de-lucas-nahuel-ratell","status":"publish","type":"post","link":"https:\/\/www.nextmultimedio.com\/?p=7801","title":{"rendered":"ENCONTRARON MUERTO AL JOVEN BUSCADO EN NUESTRA CIUDAD"},"content":{"rendered":"<div class=\"wp-block-image\">\n<figure class=\"aligncenter size-full\"><img loading=\"lazy\" decoding=\"async\" width=\"437\" height=\"546\" src=\"https:\/\/www.nextmultimedio.com\/wp-content\/uploads\/2024\/08\/454233907_1023288526468990_1797974377123535100_n.jpg\" alt=\"\" class=\"wp-image-7802\" srcset=\"https:\/\/www.nextmultimedio.com\/wp-content\/uploads\/2024\/08\/454233907_1023288526468990_1797974377123535100_n.jpg 437w, https:\/\/www.nextmultimedio.com\/wp-content\/uploads\/2024\/08\/454233907_1023288526468990_1797974377123535100_n-240x300.jpg 240w\" sizes=\"auto, (max-width: 437px) 100vw, 437px\" \/><\/figure>\n<\/div>\n\n\n<p>Lucas Ratell ten\u00eda 26 a\u00f1os de edad y fue hallado esta madrugada luego de dos d\u00edas de b\u00fasqueda.<\/p>\n\n\n\n<p>El hecho se ha caratulado como muerte de etiolog\u00eda dudosa.<\/p>\n\n\n\n<p>D\u00edas <a><\/a>atr\u00e1s, su familia hab\u00eda denunciado su desaparici\u00f3n y se lo busc\u00f3 intensamente por toda la regi\u00f3n.<\/p>\n\n\n\n<p>Seg\u00fan pudo conocerse, su cuerpo fue hallado por familiares al fondo de la vivienda que habitaba, en un lugar donde hab\u00eda un gallinero.<\/p>\n\n\n\n<p>Informaci\u00f3n@GrupoAlvaraz<\/p>\n\n\n\n<p><a href=\"https:\/\/www.facebook.com\/photo\/?fbid=1023887216409121&amp;set=a.356501556481027&amp;__cft__[0]=AZVnV5xwftZe-KpFWmCTDuL21y7Goilznn3TEz6HLjM3JUXLoD9mapFeEyBaOcxdV5N9me9o1oXDRDaPCye0G-LFl1DN-BU2HmZYHYoSAmMvi1ay_rAFVE5HStq2XiGH_-ommZr_BannSql18ggLvWW9yEsacygzqFo2XoisD7ZoXldnwUVsa4a2h8_dmFbl7nD3Gu9JEy2-GH23Hr9dskHu&amp;__tn__=EH-R\"><\/a><\/p>\n\n\n\n<p><a href=\"https:\/\/www.facebook.com\/photo\/?fbid=1023288523135657&amp;set=a.356501556481027&amp;__cft__[0]=AZWkhY4leD6qjtU7tMvLe9E5RW3QZzRKipeX0ql96fTPxF7_eWZpKPxeuzlCYObq5G2iSqKmiWQ08ZPsF3wAD2wMMxEKClYclConX2MijWX0X130H7wyIX0VM9aJlxXURBZ2bx91ZgyfpK7Jw9pcxU44vQX94suKSAgC_QVBfb8cpjf8L5XgdE2rtY_ltle-gil6AFRgOYM9K7P7pL7B6lfB&amp;__tn__=EH-R\"><\/a><\/p>\n","protected":false},"excerpt":{"rendered":"<p>Lucas Ratell ten\u00eda 26 a\u00f1os de edad y fue hallado esta madrugada luego de dos d\u00edas de b\u00fasqueda. El hecho se ha caratulado como muerte de etiolog\u00eda dudosa. D\u00edas atr\u00e1s, su familia hab\u00eda denunciado su desaparici\u00f3n y se lo busc\u00f3 intensamente por toda la regi\u00f3n. Seg\u00fan pudo conocerse, su cuerpo fue hallado por familiares al [&hellip;]<\/p>\n","protected":false},"author":1,"featured_media":7802,"comment_status":"closed","ping_status":"closed","sticky":false,"template":"","format":"standard","meta":{"footnotes":""},"categories":[69],"tags":[345],"class_list":["post-7801","post","type-post","status-publish","format-standard","has-post-thumbnail","hentry","category-noticias","tag-destacar"],"_links":{"self":[{"href":"https:\/\/www.nextmultimedio.com\/index.php?rest_route=\/wp\/v2\/posts\/7801","targetHints":{"allow":["GET"]}}],"collection":[{"href":"https:\/\/www.nextmultimedio.com\/index.php?rest_route=\/wp\/v2\/posts"}],"about":[{"href":"https:\/\/www.nextmultimedio.com\/index.php?rest_route=\/wp\/v2\/types\/post"}],"author":[{"embeddable":true,"href":"https:\/\/www.nextmultimedio.com\/index.php?rest_route=\/wp\/v2\/users\/1"}],"replies":[{"embeddable":true,"href":"https:\/\/www.nextmultimedio.com\/index.php?rest_route=%2Fwp%2Fv2%2Fcomments&post=7801"}],"version-history":[{"count":2,"href":"https:\/\/www.nextmultimedio.com\/index.php?rest_route=\/wp\/v2\/posts\/7801\/revisions"}],"predecessor-version":[{"id":7823,"href":"https:\/\/www.nextmultimedio.com\/index.php?rest_route=\/wp\/v2\/posts\/7801\/revisions\/7823"}],"wp:featuredmedia":[{"embeddable":true,"href":"https:\/\/www.nextmultimedio.com\/index.php?rest_route=\/wp\/v2\/media\/7802"}],"wp:attachment":[{"href":"https:\/\/www.nextmultimedio.com\/index.php?rest_route=%2Fwp%2Fv2%2Fmedia&parent=7801"}],"wp:term":[{"taxonomy":"category","embeddable":true,"href":"https:\/\/www.nextmultimedio.com\/index.php?rest_route=%2Fwp%2Fv2%2Fcategories&post=7801"},{"taxonomy":"post_tag","embeddable":true,"href":"https:\/\/www.nextmultimedio.com\/index.php?rest_route=%2Fwp%2Fv2%2Ftags&post=7801"}],"curies":[{"name":"wp","href":"https:\/\/api.w.org\/{rel}","templated":true}]}}