{"id":7795,"date":"2024-08-04T22:46:54","date_gmt":"2024-08-05T01:46:54","guid":{"rendered":"https:\/\/www.nextmultimedio.com\/?p=7795"},"modified":"2024-08-04T22:46:55","modified_gmt":"2024-08-05T01:46:55","slug":"la-provincia-contruira-30-polideportivos-sociales-en-cordoba-capital","status":"publish","type":"post","link":"https:\/\/www.nextmultimedio.com\/?p=7795","title":{"rendered":"LA PROVINCIA CONTRUIR\u00c1 30 POLIDEPORTIVOS SOCIALES EN C\u00d3RDOBA CAPITAL"},"content":{"rendered":"\n<ul class=\"wp-block-list\">\n<li><strong>El gobernador Mart\u00edn Llaryora realiz\u00f3 el anuncio. La inversi\u00f3n ser\u00e1 de 10.800 millones de pesos.&nbsp;<\/strong><\/li>\n\n\n\n<li><strong>Adem\u00e1s, el mandatario provincial firm\u00f3 con el intendente Passerini el convenio para el traspaso de estos espacios a la Municipalidad de C\u00f3rdoba.<\/strong><\/li>\n<\/ul>\n\n\n\n<figure class=\"wp-block-image size-full\"><img loading=\"lazy\" decoding=\"async\" width=\"1024\" height=\"635\" src=\"https:\/\/www.nextmultimedio.com\/wp-content\/uploads\/2024\/08\/polideportivos-capital-3-1024x635-1.jpeg\" alt=\"\" class=\"wp-image-7796\" srcset=\"https:\/\/www.nextmultimedio.com\/wp-content\/uploads\/2024\/08\/polideportivos-capital-3-1024x635-1.jpeg 1024w, https:\/\/www.nextmultimedio.com\/wp-content\/uploads\/2024\/08\/polideportivos-capital-3-1024x635-1-300x186.jpeg 300w, https:\/\/www.nextmultimedio.com\/wp-content\/uploads\/2024\/08\/polideportivos-capital-3-1024x635-1-768x476.jpeg 768w, https:\/\/www.nextmultimedio.com\/wp-content\/uploads\/2024\/08\/polideportivos-capital-3-1024x635-1-95x60.jpeg 95w\" sizes=\"auto, (max-width: 1024px) 100vw, 1024px\" \/><\/figure>\n\n\n\n<p>El gobernador Mart\u00edn Llaryora anunci\u00f3 la construcci\u00f3n de 30 nuevos Polideportivos Sociales para diferentes barrios de C\u00f3rdoba Capital. A su vez, junto al intendente Passerini, firm\u00f3 el convenio de traspaso de la administraci\u00f3n de estos espacios de la Provincia a la Municipalidad.<\/p>\n\n\n\n<p>El acto se desarroll\u00f3 en el auditorio del Centro C\u00edvico del Bicentenario, con la presencia de referentes de centros vecinales de la ciudad, funcionarios provinciales y municipales.<\/p>\n\n\n\n<p>La construcci\u00f3n de una treintena de nuevos espacios deportivos demandar\u00e1 una inversi\u00f3n estimada en los 10.800 millones de pesos por parte de la Provincia.<\/p>\n\n\n\n<p>Su creaci\u00f3n surge como resultado de la b\u00fasqueda para mejorar la infraestructura urbana. En este sentido, C\u00f3rdoba contin\u00faa con la construcci\u00f3n de una red de espacios deportivos para convocar a las familias a espacios de recreaci\u00f3n vecinal y contener a las infancias.<\/p>\n\n\n\n<p>Gobernador Mart\u00edn Llaryora.<br>Llaryora destac\u00f3 que los polideportivos son s\u00edmbolos de esperanza porque llevan vida al barrio; y sostuvo que este programa logra que los ni\u00f1os se mantengan en el deporte, \u201clo que transmite valores, reglas, conocimientos y compa\u00f1erismo, que son esenciales para la vida\u201d.<\/p>\n\n\n\n<p>En esa misma l\u00ednea, el mandatario provincial expres\u00f3 que \u201csembrar deporte y educaci\u00f3n es progresar para que estos polideportivos, el d\u00eda de ma\u00f1ana, sean los grandes clubes que forjaron en cada una de las ciudades. Estamos sembrando clubes y futuros deportistas\u201d.<\/p>\n\n\n\n<p>Por \u00faltimo, resalt\u00f3 que en este contexto de crisis, C\u00f3rdoba sigue avanzado en obras que promueven el trabajo que ayuda a progresar a los ciudadanos. \u201cEsa es la misi\u00f3n, eso es lo que nos ense\u00f1aron a nosotros\u201d.<\/p>\n\n\n\n<p>Intendente Daniel Passerini.<br>Durante el acto, Passerini remarc\u00f3: \u00abCon el gobernador, hoy estamos cumpliendo un compromiso que naci\u00f3 de la comunidad, de una necesidad profunda que ahora se traduce en una acci\u00f3n que transforma a los barrios\u00ab.<\/p>\n\n\n\n<p>Adem\u00e1s, el intendente agradeci\u00f3 al mandatario provincial y expres\u00f3: \u00abEsta decisi\u00f3n de poder complementar las acciones con la municipalidad nos va a permitir multiplicar un mont\u00f3n de cosas. La inversi\u00f3n para estos 30 polideportivos nuevos nos entusiasma, nos motiva y nos permite seguir construyendo una sociedad m\u00e1s justa\u00ab.<\/p>\n\n\n\n<p>A su turno, la Vicegobernadora Miryan Prunotto destac\u00f3 el car\u00e1cter federal de este proyecto social que tiene m\u00e1s de 106 playones deportivos en toda la provincia. \u201cEsto es C\u00f3rdoba, tener esta mirada de trabajar en equipo de manera federal y poder llegar a distintas soluciones\u00ab.<\/p>\n\n\n\n<p>Barrio por barrio, d\u00f3nde estar\u00e1n los nuevos polideportivos sociales<br>Ante referentes de centros vecinales de la ciudad de C\u00f3rdoba, el gobernador Mart\u00edn Llaryora anticip\u00f3 que los polideportivos sociales se construir\u00e1n en barrios Patricios Oeste, Juan Pablo II, Liceo III Anexo, Liceo II, La Dorotea, Los Gigantes, Procrear Liceo, M\u00fcller, Bajada San Jos\u00e9 \u2013 Villa Parque, Yofre Sur, Arenales, La Floresta Sur, Floresta Norte, Alto General Paz, El Trencito, Los 40 Guasos, Ituzaing\u00f3, Altamira, Benjam\u00edn Cabral, Dean Funes, Ampliaci\u00f3n Empalme, Quintas de Arg\u00fcello, Villa Mart\u00ednez \u2013 Los Filtros, Parque Rep\u00fablica, El Sauce, El Dorado \u2013 Nuevo Progreso, 12 de julio, La Lonja, Los Boulevares, 16 de noviembre y Mariano Fragueiro.<\/p>\n\n\n\n<p>A su vez, la Ministra de Desarrollo Social y Promoci\u00f3n del Empleo, Laura Jure, indic\u00f3 que en estos espacios barriales se llevan adelante programas provinciales, talleres culturales y deportivos, entre otras actividades que ayudan a las familias del sector.<\/p>\n\n\n\n<p>\u00abHay que tener presente que en estos momentos tan dif\u00edciles tenemos al frente de nuestro gobierno a personas como Mart\u00edn Llaryora y Daniel Passerini, que no se olvidan de la gente y saben que tenemos que darnos la mano y estar todos juntos\u00ab, subray\u00f3.<\/p>\n\n\n\n<p>Los polideportivos ponen en valor espacios de la ciudad y brindan contenci\u00f3n en entornos seguros a trav\u00e9s del deporte, la recreaci\u00f3n y la cultura. Garantizan el desarrollo integral de las familias, el bienestar social y fortalecen la alianza estrat\u00e9gica del Estado con la sociedad civil.<\/p>\n\n\n\n<p>Traspaso de administraci\u00f3n<br>En esta oportunidad, tambi\u00e9n se realiz\u00f3 la firma de convenio para el traspaso de la administraci\u00f3n de estos espacios de la Provincia al Municipio.<\/p>\n\n\n\n<p>Esto significa que el Gobierno Provincial cede el uso, administraci\u00f3n, gesti\u00f3n y mantenimiento de todos los polideportivos de la ciudad a la Municipalidad de C\u00f3rdoba.<\/p>\n\n\n\n<p>C\u00f3rdoba Capital cuenta con 56 polideportivos ubicados en distintos barrios que fueron inaugurados durante 2022 y 2023.<\/p>\n\n\n\n<p>De esta manera, el Municipio asume el mantenimiento de los polideportivos y de sus zonas contiguas, tanto los que fueron construidos en terrenos provinciales como los que son de titularidad municipal.<\/p>\n\n\n\n<p>Acompa\u00f1aron al gobernador el ministro de Gobierno, Manuel Calvo; el presidente de la Agencia C\u00f3rdoba Deportes, Agust\u00edn Calleri; el secretario de Gobierno, Fiscalizaci\u00f3n y Control de la Municipalidad de C\u00f3rdoba, Rodrigo Fern\u00e1ndez; y el secretario de Fortalecimiento Vecinal y Deportes de la Municipalidad, Hector Campana.<\/p>\n","protected":false},"excerpt":{"rendered":"<p>El gobernador Mart\u00edn Llaryora anunci\u00f3 la construcci\u00f3n de 30 nuevos Polideportivos Sociales para diferentes barrios de C\u00f3rdoba Capital. A su vez, junto al intendente Passerini, firm\u00f3 el convenio de traspaso de la administraci\u00f3n de estos espacios de la Provincia a la Municipalidad. El acto se desarroll\u00f3 en el auditorio del Centro C\u00edvico del Bicentenario, con [&hellip;]<\/p>\n","protected":false},"author":1,"featured_media":7796,"comment_status":"closed","ping_status":"closed","sticky":false,"template":"","format":"standard","meta":{"footnotes":""},"categories":[69],"tags":[345],"class_list":["post-7795","post","type-post","status-publish","format-standard","has-post-thumbnail","hentry","category-noticias","tag-destacar"],"_links":{"self":[{"href":"https:\/\/www.nextmultimedio.com\/index.php?rest_route=\/wp\/v2\/posts\/7795","targetHints":{"allow":["GET"]}}],"collection":[{"href":"https:\/\/www.nextmultimedio.com\/index.php?rest_route=\/wp\/v2\/posts"}],"about":[{"href":"https:\/\/www.nextmultimedio.com\/index.php?rest_route=\/wp\/v2\/types\/post"}],"author":[{"embeddable":true,"href":"https:\/\/www.nextmultimedio.com\/index.php?rest_route=\/wp\/v2\/users\/1"}],"replies":[{"embeddable":true,"href":"https:\/\/www.nextmultimedio.com\/index.php?rest_route=%2Fwp%2Fv2%2Fcomments&post=7795"}],"version-history":[{"count":1,"href":"https:\/\/www.nextmultimedio.com\/index.php?rest_route=\/wp\/v2\/posts\/7795\/revisions"}],"predecessor-version":[{"id":7797,"href":"https:\/\/www.nextmultimedio.com\/index.php?rest_route=\/wp\/v2\/posts\/7795\/revisions\/7797"}],"wp:featuredmedia":[{"embeddable":true,"href":"https:\/\/www.nextmultimedio.com\/index.php?rest_route=\/wp\/v2\/media\/7796"}],"wp:attachment":[{"href":"https:\/\/www.nextmultimedio.com\/index.php?rest_route=%2Fwp%2Fv2%2Fmedia&parent=7795"}],"wp:term":[{"taxonomy":"category","embeddable":true,"href":"https:\/\/www.nextmultimedio.com\/index.php?rest_route=%2Fwp%2Fv2%2Fcategories&post=7795"},{"taxonomy":"post_tag","embeddable":true,"href":"https:\/\/www.nextmultimedio.com\/index.php?rest_route=%2Fwp%2Fv2%2Ftags&post=7795"}],"curies":[{"name":"wp","href":"https:\/\/api.w.org\/{rel}","templated":true}]}}