{"id":7789,"date":"2024-08-04T22:38:57","date_gmt":"2024-08-05T01:38:57","guid":{"rendered":"https:\/\/www.nextmultimedio.com\/?p=7789"},"modified":"2024-08-04T22:38:57","modified_gmt":"2024-08-05T01:38:57","slug":"noche-accidentada-en-carlos-paz","status":"publish","type":"post","link":"https:\/\/www.nextmultimedio.com\/?p=7789","title":{"rendered":"NOCHE ACCIDENTADA EN CARLOS PAZ"},"content":{"rendered":"\n<p><strong>Chocaron dos autos en La Quinta.<\/strong><\/p>\n\n\n<div class=\"wp-block-image\">\n<figure class=\"aligncenter size-full\"><img loading=\"lazy\" decoding=\"async\" width=\"717\" height=\"540\" src=\"https:\/\/www.nextmultimedio.com\/wp-content\/uploads\/2024\/08\/453868782_1023292176468625_6626022490018286455_n.jpg\" alt=\"\" class=\"wp-image-7790\" srcset=\"https:\/\/www.nextmultimedio.com\/wp-content\/uploads\/2024\/08\/453868782_1023292176468625_6626022490018286455_n.jpg 717w, https:\/\/www.nextmultimedio.com\/wp-content\/uploads\/2024\/08\/453868782_1023292176468625_6626022490018286455_n-300x226.jpg 300w\" sizes=\"auto, (max-width: 717px) 100vw, 717px\" \/><\/figure>\n<\/div>\n\n\n<p>En <a><\/a>la vispera personal Policial se hace presente en el lugar por un accidente de tr\u00e1nsito,entrevistando a un joven de 22 a\u00f1os de edad, conductor de un autom\u00f3vil marca Fiat Palio y a un hombre de 58 a\u00f1os de edad, conductor de una motocicleta Honda Biz.<\/p>\n\n\n\n<p>Que por causas a establecer, habr\u00edan colisionado.<\/p>\n\n\n\n<p>Se hace presente el servicio de emergencia Vital, diagn\u00f3sticando al conductor del rodado menor politraumatismos en hombro. Siendo trasladado al Hospital Municipal.<\/p>\n\n\n\n<p><a href=\"https:\/\/www.facebook.com\/photo\/?fbid=1023292169801959&amp;set=a.356501556481027&amp;__cft__[0]=AZVyIu-wT8LvqONFrQKQT2UUrKvhOTlq1SQjPKZcsfdY8IO6YK42_T6elb5aK-4m6zNQwdFBbM9Q5ecjVEeG2wm88xk49kOzlnZcpfMY3PxpjUp7WYcxgI8g2fQu5F5dxzoEcTAVHrf2FvEOaYBuwbRMxx16SsOwMpe9EBMsMMHaWU0K5s5l_CG_ISvUhZsO2UGXuXK0rlEwRYd1wTNkfc-Y&amp;__tn__=EH-R\"><\/a><\/p>\n","protected":false},"excerpt":{"rendered":"<p>Chocaron dos autos en La Quinta. En la vispera personal Policial se hace presente en el lugar por un accidente de tr\u00e1nsito,entrevistando a un joven de 22 a\u00f1os de edad, conductor de un autom\u00f3vil marca Fiat Palio y a un hombre de 58 a\u00f1os de edad, conductor de una motocicleta Honda Biz. Que por causas [&hellip;]<\/p>\n","protected":false},"author":1,"featured_media":7790,"comment_status":"closed","ping_status":"closed","sticky":false,"template":"","format":"standard","meta":{"footnotes":""},"categories":[69],"tags":[345],"class_list":["post-7789","post","type-post","status-publish","format-standard","has-post-thumbnail","hentry","category-noticias","tag-destacar"],"_links":{"self":[{"href":"https:\/\/www.nextmultimedio.com\/index.php?rest_route=\/wp\/v2\/posts\/7789","targetHints":{"allow":["GET"]}}],"collection":[{"href":"https:\/\/www.nextmultimedio.com\/index.php?rest_route=\/wp\/v2\/posts"}],"about":[{"href":"https:\/\/www.nextmultimedio.com\/index.php?rest_route=\/wp\/v2\/types\/post"}],"author":[{"embeddable":true,"href":"https:\/\/www.nextmultimedio.com\/index.php?rest_route=\/wp\/v2\/users\/1"}],"replies":[{"embeddable":true,"href":"https:\/\/www.nextmultimedio.com\/index.php?rest_route=%2Fwp%2Fv2%2Fcomments&post=7789"}],"version-history":[{"count":1,"href":"https:\/\/www.nextmultimedio.com\/index.php?rest_route=\/wp\/v2\/posts\/7789\/revisions"}],"predecessor-version":[{"id":7791,"href":"https:\/\/www.nextmultimedio.com\/index.php?rest_route=\/wp\/v2\/posts\/7789\/revisions\/7791"}],"wp:featuredmedia":[{"embeddable":true,"href":"https:\/\/www.nextmultimedio.com\/index.php?rest_route=\/wp\/v2\/media\/7790"}],"wp:attachment":[{"href":"https:\/\/www.nextmultimedio.com\/index.php?rest_route=%2Fwp%2Fv2%2Fmedia&parent=7789"}],"wp:term":[{"taxonomy":"category","embeddable":true,"href":"https:\/\/www.nextmultimedio.com\/index.php?rest_route=%2Fwp%2Fv2%2Fcategories&post=7789"},{"taxonomy":"post_tag","embeddable":true,"href":"https:\/\/www.nextmultimedio.com\/index.php?rest_route=%2Fwp%2Fv2%2Ftags&post=7789"}],"curies":[{"name":"wp","href":"https:\/\/api.w.org\/{rel}","templated":true}]}}