{"id":7779,"date":"2024-08-01T20:25:11","date_gmt":"2024-08-01T23:25:11","guid":{"rendered":"https:\/\/www.nextmultimedio.com\/?p=7779"},"modified":"2024-08-01T20:25:11","modified_gmt":"2024-08-01T23:25:11","slug":"el-ministerio-de-seguridad-dispuso-el-narcotest-en-la-policia","status":"publish","type":"post","link":"https:\/\/www.nextmultimedio.com\/?p=7779","title":{"rendered":"EL MINISTERIO DE SEGURIDAD DISPUSO EL NARCOTEST EN LA POLIC\u00cdA"},"content":{"rendered":"\n<p><strong>Mediante resoluci\u00f3n ministerial, se estableci\u00f3 la implementaci\u00f3n de un \u00abProtocolo de Control de Drogas para el Personal de la Polic\u00eda de la Provincia de C\u00f3rdoba\u00bb, con el fin de garantizar la seguridad p\u00fablica y mantener la integridad y profesionalismo de la fuerza policial.<\/strong><\/p>\n\n\n\n<figure class=\"wp-block-image size-full is-resized\"><img loading=\"lazy\" decoding=\"async\" width=\"1024\" height=\"649\" src=\"https:\/\/www.nextmultimedio.com\/wp-content\/uploads\/2024\/08\/WhatsApp-Image-2024-08-01-at-11.03.17-1-1024x649-1.jpeg\" alt=\"\" class=\"wp-image-7780\" style=\"width:840px;height:auto\" srcset=\"https:\/\/www.nextmultimedio.com\/wp-content\/uploads\/2024\/08\/WhatsApp-Image-2024-08-01-at-11.03.17-1-1024x649-1.jpeg 1024w, https:\/\/www.nextmultimedio.com\/wp-content\/uploads\/2024\/08\/WhatsApp-Image-2024-08-01-at-11.03.17-1-1024x649-1-300x190.jpeg 300w, https:\/\/www.nextmultimedio.com\/wp-content\/uploads\/2024\/08\/WhatsApp-Image-2024-08-01-at-11.03.17-1-1024x649-1-768x487.jpeg 768w, https:\/\/www.nextmultimedio.com\/wp-content\/uploads\/2024\/08\/WhatsApp-Image-2024-08-01-at-11.03.17-1-1024x649-1-95x60.jpeg 95w\" sizes=\"auto, (max-width: 1024px) 100vw, 1024px\" \/><\/figure>\n\n\n\n<p>Este Jueves 1 de agosto, en la Jefatura de Polic\u00eda, el ministro de Seguridad, Juan Pablo Quinteros, junto al jefe de la Polic\u00eda de C\u00f3rdoba, Crio. Gral. Lic. Leonardo Guiterrez, presentaron el nuevo \u201cProtocolo de Control de Drogas para el Personal de la Polic\u00eda de la Provincia de C\u00f3rdoba\u201d.<\/p>\n\n\n\n<p>En concreto, se trata de testeos toxicol\u00f3gicos que se realizar\u00e1n de manera aleatoria como elemento disuasivo para detectar personal que pueda verse afectado en su desempe\u00f1o laboral.<\/p>\n\n\n\n<p>Tambi\u00e9n se realizar\u00e1n pruebas por sospecha razonable cuando existan indicios suficientes para sospechar que un personal policial est\u00e1 bajo la influencia de drogas, pruebas post-incidentes o accidentes para determinar si alguien estaba bajo la influencia de sustancias en el momento del evento, y pruebas de ingreso, donde se evaluar\u00e1 a los candidatos durante el proceso de selecci\u00f3n antes de ser admitidos en la fuerza.<\/p>\n\n\n\n<p>El decreto se\u00f1ala en su texto \u00abque el presente protocolo busca asegurar el correcto funcionamiento de las fuerzas de seguridad, preservando la confianza p\u00fablica y garantizando el cumplimiento de las normas legales y \u00e9ticas vigentes.\u00bb<\/p>\n\n\n\n<p>En su art\u00edculo segundo, el decreto dispone la obligatoriedad de realizar el examen complementario de presencia de metabolitos de drogas psicotr\u00f3picas ilegales, para todo el personal superior y subalterno de los distintos cuerpos y grados de la Polic\u00eda de la Provincia de C\u00f3rdoba que est\u00e9 en condiciones de promocionar a la jerarqu\u00eda inmediata superior, conforme a lo previsto en el art\u00edculo N\u00b0 66 de la Ley N\u00b0 10.954.<\/p>\n\n\n\n<p>En la ocasi\u00f3n, el ministro Quinteros se\u00f1al\u00f3 que la medida tiene que ver con \u00abel compromiso del Gobierno Provincial con la seguridad p\u00fablica y con la necesidad de garantizar el adecuado desempe\u00f1o del personal policial, asegurando de esta manera idoneidad y capacidad para ejercer sus funciones, tanto en jefes como en subalternos\u00bb.<\/p>\n\n\n\n<p>\u00abNuestra Polic\u00eda es parte de la sociedad y el flagelo del consumo problem\u00e1tico de sustancias debemos combatirse en todos los \u00e1mbitos. Es un abordaje en principio sanitario, cl\u00ednico, lo que no quita la posibilidad que tom\u00e9 cartas en el asunto el \u00f3rgano disciplinario. Esta es una decisi\u00f3n que adec\u00faa a la Polic\u00eda de C\u00f3rdoba a lo dispuesto por la ley 10.954 en relaci\u00f3n a la realizaci\u00f3n del narco test. El objetivo es prevenir y combatir el consumo problem\u00e1tico, y profesionalizar a\u00fan mas el trabajo de la fuerza de seguridad\u00bb, cerr\u00f3 el ministro.<\/p>\n\n\n\n<p>Por su parte, el jefe de la Polic\u00eda Guti\u00e9rrez mencion\u00f3 que \u00ablos controles ya se vienen realizando de manera preventiva, y ahora se reforzar\u00e1n a\u00fan mas, para cuidar a nuestro personal y para contar con la certeza que nuestros hombres y mujeres est\u00e9n en optimas condiciones sanitarias y profesionales para brindar servicio a la comunidad.\u00bb<\/p>\n","protected":false},"excerpt":{"rendered":"<p>Mediante resoluci\u00f3n ministerial, se estableci\u00f3 la implementaci\u00f3n de un \u00abProtocolo de Control de Drogas para el Personal de la Polic\u00eda de la Provincia de C\u00f3rdoba\u00bb, con el fin de garantizar la seguridad p\u00fablica y mantener la integridad y profesionalismo de la fuerza policial. Este Jueves 1 de agosto, en la Jefatura de Polic\u00eda, el ministro [&hellip;]<\/p>\n","protected":false},"author":1,"featured_media":7780,"comment_status":"closed","ping_status":"closed","sticky":false,"template":"","format":"standard","meta":{"footnotes":""},"categories":[69],"tags":[345],"class_list":["post-7779","post","type-post","status-publish","format-standard","has-post-thumbnail","hentry","category-noticias","tag-destacar"],"_links":{"self":[{"href":"https:\/\/www.nextmultimedio.com\/index.php?rest_route=\/wp\/v2\/posts\/7779","targetHints":{"allow":["GET"]}}],"collection":[{"href":"https:\/\/www.nextmultimedio.com\/index.php?rest_route=\/wp\/v2\/posts"}],"about":[{"href":"https:\/\/www.nextmultimedio.com\/index.php?rest_route=\/wp\/v2\/types\/post"}],"author":[{"embeddable":true,"href":"https:\/\/www.nextmultimedio.com\/index.php?rest_route=\/wp\/v2\/users\/1"}],"replies":[{"embeddable":true,"href":"https:\/\/www.nextmultimedio.com\/index.php?rest_route=%2Fwp%2Fv2%2Fcomments&post=7779"}],"version-history":[{"count":1,"href":"https:\/\/www.nextmultimedio.com\/index.php?rest_route=\/wp\/v2\/posts\/7779\/revisions"}],"predecessor-version":[{"id":7781,"href":"https:\/\/www.nextmultimedio.com\/index.php?rest_route=\/wp\/v2\/posts\/7779\/revisions\/7781"}],"wp:featuredmedia":[{"embeddable":true,"href":"https:\/\/www.nextmultimedio.com\/index.php?rest_route=\/wp\/v2\/media\/7780"}],"wp:attachment":[{"href":"https:\/\/www.nextmultimedio.com\/index.php?rest_route=%2Fwp%2Fv2%2Fmedia&parent=7779"}],"wp:term":[{"taxonomy":"category","embeddable":true,"href":"https:\/\/www.nextmultimedio.com\/index.php?rest_route=%2Fwp%2Fv2%2Fcategories&post=7779"},{"taxonomy":"post_tag","embeddable":true,"href":"https:\/\/www.nextmultimedio.com\/index.php?rest_route=%2Fwp%2Fv2%2Ftags&post=7779"}],"curies":[{"name":"wp","href":"https:\/\/api.w.org\/{rel}","templated":true}]}}