{"id":7769,"date":"2024-07-31T19:09:05","date_gmt":"2024-07-31T22:09:05","guid":{"rendered":"https:\/\/www.nextmultimedio.com\/?p=7769"},"modified":"2024-07-31T19:09:06","modified_gmt":"2024-07-31T22:09:06","slug":"este-dia-del-nino-la-municipalidad-vuelve-a-celebrarlos-a-lo-grande","status":"publish","type":"post","link":"https:\/\/www.nextmultimedio.com\/?p=7769","title":{"rendered":"\u00a1ESTE D\u00cdA DEL NI\u00d1O LA MUNICIPALIDAD VUELVE A &#8220;CELEBRARLOS&#8221; A LO GRANDE!"},"content":{"rendered":"<div class=\"wp-block-image\">\n<figure class=\"aligncenter size-full\"><img loading=\"lazy\" decoding=\"async\" width=\"1080\" height=\"1080\" src=\"https:\/\/www.nextmultimedio.com\/wp-content\/uploads\/2024\/07\/453616810_1019586256839217_3622319728236078230_n.jpg\" alt=\"\" class=\"wp-image-7777\" srcset=\"https:\/\/www.nextmultimedio.com\/wp-content\/uploads\/2024\/07\/453616810_1019586256839217_3622319728236078230_n.jpg 1080w, https:\/\/www.nextmultimedio.com\/wp-content\/uploads\/2024\/07\/453616810_1019586256839217_3622319728236078230_n-300x300.jpg 300w, https:\/\/www.nextmultimedio.com\/wp-content\/uploads\/2024\/07\/453616810_1019586256839217_3622319728236078230_n-1024x1024.jpg 1024w, https:\/\/www.nextmultimedio.com\/wp-content\/uploads\/2024\/07\/453616810_1019586256839217_3622319728236078230_n-768x768.jpg 768w\" sizes=\"auto, (max-width: 1080px) 100vw, 1080px\" \/><\/figure>\n<\/div>\n\n\n<p>Campeones del mundo\u201d: Fiesta tem\u00e1tica y gratuita para toda la familia<\/p>\n\n\n\n<p>Villa Carlos Paz se prepara para vivir una nueva fiesta del D\u00eda de la Ni\u00f1o el pr\u00f3ximo domingo 18 de agosto, de 14 a 18 hs., en el Parque de Asistencia del Rally, con entrada libre y gratuita para toda la familia.<\/p>\n\n\n\n<p>Esta <a><\/a>actividad es organizada por el Gobierno de la Ciudad, que a\u00f1o tras a\u00f1o convoca a m\u00e1s ni\u00f1os y ni\u00f1as. La edici\u00f3n de este a\u00f1o tendr\u00e1 diferentes actividades y entretenimientos con juegos y m\u00fasica, con una decoraci\u00f3n inspirada en la Selecci\u00f3n Argentina de F\u00fatbol.<\/p>\n\n\n\n<p>Se espera que las familias puedan disfrutar de una tarde de domingo cargada de diversi\u00f3n, con invitaci\u00f3n a todos los vecinos y vecinas de la ciudad, donde se entregar\u00e1n premios, golosinas y juguetes a cada ni\u00f1o que asista.<\/p>\n\n\n\n<p>Tambi\u00e9n participar\u00e1n las diferentes instituciones de la ciudad con diversos n\u00fameros musicales, circo, acrobacias, baile, la participaci\u00f3n de peluqueros solidarios con cortes gratuitos, entre otros.<\/p>\n\n\n\n<p><a href=\"https:\/\/www.facebook.com\/photo\/?fbid=1019586240172552&amp;set=pcb.1019586290172547&amp;__cft__[0]=AZWS6UUjdX_bw0_ZCIgP01IdFEQoH_t7NK9VAL-eYx3uXIsWpPgA57g2sGYbtcwWtytzRjSWHXmhFuOez-HX5YnuUU-NyZ7adK7JLoxrpiGYvhdKeKtosQa4tozvFYnzWyWKzxyhW-JutIolxryVXtc6Xl3gdROllQdf2mG-Sbcy7HR7MKUJe1KEV4thlZU13-VNqTN37EaBtkcsyuuxevmy&amp;__tn__=*bH-R\"><\/a><\/p>\n\n\n\n<figure class=\"wp-block-image\"><a href=\"https:\/\/www.facebook.com\/photo\/?fbid=1019586240172552&amp;set=pcb.1019586290172547&amp;__cft__[0]=AZWS6UUjdX_bw0_ZCIgP01IdFEQoH_t7NK9VAL-eYx3uXIsWpPgA57g2sGYbtcwWtytzRjSWHXmhFuOez-HX5YnuUU-NyZ7adK7JLoxrpiGYvhdKeKtosQa4tozvFYnzWyWKzxyhW-JutIolxryVXtc6Xl3gdROllQdf2mG-Sbcy7HR7MKUJe1KEV4thlZU13-VNqTN37EaBtkcsyuuxevmy&amp;__tn__=*bH-R\"><img decoding=\"async\" src=\"https:\/\/scontent.fcor2-1.fna.fbcdn.net\/v\/t39.30808-6\/453616810_1019586256839217_3622319728236078230_n.jpg?stp=dst-jpg_p600x600&amp;_nc_cat=106&amp;ccb=1-7&amp;_nc_sid=127cfc&amp;_nc_eui2=AeEVbdx8KL2lu47O8kBu3DNST_-qsBfiJdxP_6qwF-Il3LeVKW7HpXorwDcxx71Lm3A&amp;_nc_ohc=nIS9a8MsKR4Q7kNvgH3ssxr&amp;_nc_ht=scontent.fcor2-1.fna&amp;gid=AtQlPCY65FqLMGnwqQ6HjxH&amp;oh=00_AYBoWAP1_fyVwjcXe7I9Jjgv_op0qO-WC2Uf0geTrPgMwQ&amp;oe=66B07397\" alt=\"\"\/><\/a><\/figure>\n\n\n\n<p><a href=\"https:\/\/www.facebook.com\/photo\/?fbid=1019586246839218&amp;set=pcb.1019586290172547&amp;__cft__[0]=AZWS6UUjdX_bw0_ZCIgP01IdFEQoH_t7NK9VAL-eYx3uXIsWpPgA57g2sGYbtcwWtytzRjSWHXmhFuOez-HX5YnuUU-NyZ7adK7JLoxrpiGYvhdKeKtosQa4tozvFYnzWyWKzxyhW-JutIolxryVXtc6Xl3gdROllQdf2mG-Sbcy7HR7MKUJe1KEV4thlZU13-VNqTN37EaBtkcsyuuxevmy&amp;__tn__=*bH-R\"><\/a><\/p>\n","protected":false},"excerpt":{"rendered":"<p>Campeones del mundo\u201d: Fiesta tem\u00e1tica y gratuita para toda la familia Villa Carlos Paz se prepara para vivir una nueva fiesta del D\u00eda de la Ni\u00f1o el pr\u00f3ximo domingo 18 de agosto, de 14 a 18 hs., en el Parque de Asistencia del Rally, con entrada libre y gratuita para toda la familia. Esta actividad [&hellip;]<\/p>\n","protected":false},"author":1,"featured_media":7777,"comment_status":"closed","ping_status":"closed","sticky":false,"template":"","format":"standard","meta":{"footnotes":""},"categories":[1],"tags":[345],"class_list":["post-7769","post","type-post","status-publish","format-standard","has-post-thumbnail","hentry","category-sincategoria","tag-destacar"],"_links":{"self":[{"href":"https:\/\/www.nextmultimedio.com\/index.php?rest_route=\/wp\/v2\/posts\/7769","targetHints":{"allow":["GET"]}}],"collection":[{"href":"https:\/\/www.nextmultimedio.com\/index.php?rest_route=\/wp\/v2\/posts"}],"about":[{"href":"https:\/\/www.nextmultimedio.com\/index.php?rest_route=\/wp\/v2\/types\/post"}],"author":[{"embeddable":true,"href":"https:\/\/www.nextmultimedio.com\/index.php?rest_route=\/wp\/v2\/users\/1"}],"replies":[{"embeddable":true,"href":"https:\/\/www.nextmultimedio.com\/index.php?rest_route=%2Fwp%2Fv2%2Fcomments&post=7769"}],"version-history":[{"count":1,"href":"https:\/\/www.nextmultimedio.com\/index.php?rest_route=\/wp\/v2\/posts\/7769\/revisions"}],"predecessor-version":[{"id":7778,"href":"https:\/\/www.nextmultimedio.com\/index.php?rest_route=\/wp\/v2\/posts\/7769\/revisions\/7778"}],"wp:featuredmedia":[{"embeddable":true,"href":"https:\/\/www.nextmultimedio.com\/index.php?rest_route=\/wp\/v2\/media\/7777"}],"wp:attachment":[{"href":"https:\/\/www.nextmultimedio.com\/index.php?rest_route=%2Fwp%2Fv2%2Fmedia&parent=7769"}],"wp:term":[{"taxonomy":"category","embeddable":true,"href":"https:\/\/www.nextmultimedio.com\/index.php?rest_route=%2Fwp%2Fv2%2Fcategories&post=7769"},{"taxonomy":"post_tag","embeddable":true,"href":"https:\/\/www.nextmultimedio.com\/index.php?rest_route=%2Fwp%2Fv2%2Ftags&post=7769"}],"curies":[{"name":"wp","href":"https:\/\/api.w.org\/{rel}","templated":true}]}}