{"id":7704,"date":"2024-07-26T10:09:35","date_gmt":"2024-07-26T13:09:35","guid":{"rendered":"https:\/\/www.nextmultimedio.com\/?p=7704"},"modified":"2024-07-26T10:09:36","modified_gmt":"2024-07-26T13:09:36","slug":"esta-contenido-el-fuego-en-totoral","status":"publish","type":"post","link":"https:\/\/www.nextmultimedio.com\/?p=7704","title":{"rendered":"EST\u00c1 CONTENIDO EL FUEGO EN TOTORAL"},"content":{"rendered":"\n<p><strong>A\u00fan persisten los per\u00edmetros inestables en el sector.<\/strong><\/p>\n\n\n\n<figure class=\"wp-block-image size-large\"><img loading=\"lazy\" decoding=\"async\" width=\"1024\" height=\"576\" src=\"https:\/\/www.nextmultimedio.com\/wp-content\/uploads\/2024\/07\/ETAC-en-Chile-extincion-de-fuego-3-1024x576.jpeg\" alt=\"\" class=\"wp-image-7705\" srcset=\"https:\/\/www.nextmultimedio.com\/wp-content\/uploads\/2024\/07\/ETAC-en-Chile-extincion-de-fuego-3-1024x576.jpeg 1024w, https:\/\/www.nextmultimedio.com\/wp-content\/uploads\/2024\/07\/ETAC-en-Chile-extincion-de-fuego-3-300x169.jpeg 300w, https:\/\/www.nextmultimedio.com\/wp-content\/uploads\/2024\/07\/ETAC-en-Chile-extincion-de-fuego-3-768x432.jpeg 768w, https:\/\/www.nextmultimedio.com\/wp-content\/uploads\/2024\/07\/ETAC-en-Chile-extincion-de-fuego-3-1536x864.jpeg 1536w, https:\/\/www.nextmultimedio.com\/wp-content\/uploads\/2024\/07\/ETAC-en-Chile-extincion-de-fuego-3.jpeg 1600w\" sizes=\"auto, (max-width: 1024px) 100vw, 1024px\" \/><\/figure>\n\n\n\n<ul class=\"wp-block-list\">\n<li><strong>M\u00e1s de 80 bomberos trabajaron durante toda la noche y un n\u00famero similar se sumar\u00e1 para continuar la tarea de control.<\/strong><\/li>\n<\/ul>\n\n\n\n<p>La Secretar\u00eda de Gesti\u00f3n de Riesgo Clim\u00e1tico, Cat\u00e1strofes y Protecci\u00f3n Civil de la Provincia inform\u00f3 en la ma\u00f1ana de este viernes que el incendio desatado ayer en la zona pr\u00f3xima a la localidad de Totoral fue contenido, aunque a\u00fan persisten los per\u00edmetros inestables.<\/p>\n\n\n\n<p>M\u00e1s de 80 bomberos voluntarios, junto a personal de ETAC y del Plan Provincial de Manejo del Fuego, trabajaron durante toda la noche y un n\u00famero similar de efectivos se sumar\u00e1 en las pr\u00f3ximas horas para continuar durante el d\u00eda con tareas de prevenci\u00f3n y control de per\u00edmetros.<\/p>\n\n\n\n<p>*Foto de archivo<\/p>\n\n\n\n<p>Informaci\u00f3n:Gobierno de C\u00f3rdoba<\/p>\n","protected":false},"excerpt":{"rendered":"<p>A\u00fan persisten los per\u00edmetros inestables en el sector. La Secretar\u00eda de Gesti\u00f3n de Riesgo Clim\u00e1tico, Cat\u00e1strofes y Protecci\u00f3n Civil de la Provincia inform\u00f3 en la ma\u00f1ana de este viernes que el incendio desatado ayer en la zona pr\u00f3xima a la localidad de Totoral fue contenido, aunque a\u00fan persisten los per\u00edmetros inestables. M\u00e1s de 80 bomberos [&hellip;]<\/p>\n","protected":false},"author":1,"featured_media":7705,"comment_status":"closed","ping_status":"closed","sticky":false,"template":"","format":"standard","meta":{"footnotes":""},"categories":[69],"tags":[345],"class_list":["post-7704","post","type-post","status-publish","format-standard","has-post-thumbnail","hentry","category-noticias","tag-destacar"],"_links":{"self":[{"href":"https:\/\/www.nextmultimedio.com\/index.php?rest_route=\/wp\/v2\/posts\/7704","targetHints":{"allow":["GET"]}}],"collection":[{"href":"https:\/\/www.nextmultimedio.com\/index.php?rest_route=\/wp\/v2\/posts"}],"about":[{"href":"https:\/\/www.nextmultimedio.com\/index.php?rest_route=\/wp\/v2\/types\/post"}],"author":[{"embeddable":true,"href":"https:\/\/www.nextmultimedio.com\/index.php?rest_route=\/wp\/v2\/users\/1"}],"replies":[{"embeddable":true,"href":"https:\/\/www.nextmultimedio.com\/index.php?rest_route=%2Fwp%2Fv2%2Fcomments&post=7704"}],"version-history":[{"count":1,"href":"https:\/\/www.nextmultimedio.com\/index.php?rest_route=\/wp\/v2\/posts\/7704\/revisions"}],"predecessor-version":[{"id":7706,"href":"https:\/\/www.nextmultimedio.com\/index.php?rest_route=\/wp\/v2\/posts\/7704\/revisions\/7706"}],"wp:featuredmedia":[{"embeddable":true,"href":"https:\/\/www.nextmultimedio.com\/index.php?rest_route=\/wp\/v2\/media\/7705"}],"wp:attachment":[{"href":"https:\/\/www.nextmultimedio.com\/index.php?rest_route=%2Fwp%2Fv2%2Fmedia&parent=7704"}],"wp:term":[{"taxonomy":"category","embeddable":true,"href":"https:\/\/www.nextmultimedio.com\/index.php?rest_route=%2Fwp%2Fv2%2Fcategories&post=7704"},{"taxonomy":"post_tag","embeddable":true,"href":"https:\/\/www.nextmultimedio.com\/index.php?rest_route=%2Fwp%2Fv2%2Ftags&post=7704"}],"curies":[{"name":"wp","href":"https:\/\/api.w.org\/{rel}","templated":true}]}}