{"id":7698,"date":"2024-07-26T09:54:12","date_gmt":"2024-07-26T12:54:12","guid":{"rendered":"https:\/\/www.nextmultimedio.com\/?p=7698"},"modified":"2024-07-26T09:54:13","modified_gmt":"2024-07-26T12:54:13","slug":"13-cordobeses-seran-parte-de-la-ceremonia-de-los-juegos-olimpicos","status":"publish","type":"post","link":"https:\/\/www.nextmultimedio.com\/?p=7698","title":{"rendered":"13 CORDOBESES SER\u00c1N PARTE DE LA CEREMONIA DE LOS JUEGOS OL\u00cdMPICOS"},"content":{"rendered":"\n<p><strong>Ser\u00e1 este viernes a partir de las 15 (hora argentina)<\/strong>.<strong>El equipo nacional estar\u00e1 representado por 136 deportistas.Los juegos se disputar\u00e1n hasta el 11 de agosto.<\/strong><\/p>\n\n\n<div class=\"wp-block-image\">\n<figure class=\"aligncenter size-full is-resized\"><img loading=\"lazy\" decoding=\"async\" width=\"300\" height=\"168\" src=\"https:\/\/www.nextmultimedio.com\/wp-content\/uploads\/2024\/07\/descarga-1.jpg\" alt=\"\" class=\"wp-image-7699\" style=\"width:710px;height:auto\"\/><\/figure>\n<\/div>\n\n\n<p>Este viernes se llevar\u00e1 a cabo la ceremonia de apertura de los Juegos Ol\u00edmpicos de Par\u00eds 2024. La celebraci\u00f3n, por primera vez en la historia, no ser\u00e1 dentro de un estadio.&nbsp;<\/p>\n\n\n\n<p>Desde las 14:30 (hora argentina) la delegaci\u00f3n nacional, junto a los dem\u00e1s pa\u00edses, navegar\u00e1 sobre el r\u00edo Sena en un hecho hist\u00f3rico para la competencia. Ser\u00e1 una traves\u00eda de 6 kil\u00f3metros a bordo de 85 barcos.&nbsp;<\/p>\n\n\n\n<p>Los abanderados elegidos por el Comit\u00e9 Ol\u00edmpico Argentino (COA) ser\u00e1n: \u00abla leona\u00bb Roc\u00edo S\u00e1nchez Moccia, medalla de plata en Londres 2012 y Tokio 2020 y Luciano De Cecco, medalla de bronce en Tokio 2020 con el seleccionado de v\u00f3leibol.<\/p>\n\n\n\n<figure class=\"wp-block-image\"><a href=\"https:\/\/prensa.cba.gov.ar\/wp-content\/uploads\/2024\/07\/Domene.jpg\"><img decoding=\"async\" src=\"https:\/\/prensa.cba.gov.ar\/wp-content\/uploads\/2024\/07\/Domene.jpg\" alt=\"\" class=\"wp-image-598875\"\/><\/a><\/figure>\n\n\n\n<p>A 100 a\u00f1os de la primera participaci\u00f3n ol\u00edmpica del pa\u00eds, el equipo nacional estar\u00e1 representado por 136 deportistas, 33 atletas femeninas y 103 masculinos.&nbsp;Los juegos se disputar\u00e1n hasta el 11 de agosto.<\/p>\n\n\n\n<p><strong>Dentro de la n\u00f3mina oficial, hay 13 cordobeses que dir\u00e1n presente en la capital francesa.<\/strong><\/p>\n\n\n\n<p>Se trata de Gast\u00f3n Revol (Rugby seven); Germ\u00e1n Schulz (Rugby seven); Luciano Gonz\u00e1lez Rizzoni (Rugby seven) Julieta Jankunas (Hockey); Victoria Miranda (hockey \u2013 reserva) y Romina Biagioli (Triatl\u00f3n).<\/p>\n\n\n\n<p>Y tendr\u00e1n su debut ol\u00edmpico: Macarena Ceballos (Nataci\u00f3n); Chiara Ferretti (Vela); Tom\u00e1s Santiago (Hockey); Tom\u00e1s Domene (Hockey); Jos\u00e9 \u00abMaligno\u00bb Torres (BMX Freestyle); Juli\u00e1n \u00c1lvarez (F\u00fatbol) y Lucas Beltr\u00e1n (F\u00fatbol).<\/p>\n\n\n\n<p>Con estos nuevos atletas, 146 cordobeses representaron a C\u00f3rdoba en 100 a\u00f1os de Juegos Ol\u00edmpicos.<\/p>\n\n\n\n<figure class=\"wp-block-image\"><a href=\"https:\/\/prensa.cba.gov.ar\/wp-content\/uploads\/2024\/07\/Bronce_Ceballos_JJPPgob.jpg\"><img decoding=\"async\" src=\"https:\/\/prensa.cba.gov.ar\/wp-content\/uploads\/2024\/07\/Bronce_Ceballos_JJPPgob.jpg\" alt=\"\" class=\"wp-image-598881\"\/><\/a><\/figure>\n\n\n\n<p>*Foto Comit\u00e9 Ol\u00edmpico Internacional (COI)<\/p>\n","protected":false},"excerpt":{"rendered":"<p>Ser\u00e1 este viernes a partir de las 15 (hora argentina).El equipo nacional estar\u00e1 representado por 136 deportistas.Los juegos se disputar\u00e1n hasta el 11 de agosto. Este viernes se llevar\u00e1 a cabo la ceremonia de apertura de los Juegos Ol\u00edmpicos de Par\u00eds 2024. La celebraci\u00f3n, por primera vez en la historia, no ser\u00e1 dentro de un [&hellip;]<\/p>\n","protected":false},"author":1,"featured_media":7699,"comment_status":"closed","ping_status":"closed","sticky":false,"template":"","format":"standard","meta":{"footnotes":""},"categories":[69],"tags":[345],"class_list":["post-7698","post","type-post","status-publish","format-standard","has-post-thumbnail","hentry","category-noticias","tag-destacar"],"_links":{"self":[{"href":"https:\/\/www.nextmultimedio.com\/index.php?rest_route=\/wp\/v2\/posts\/7698","targetHints":{"allow":["GET"]}}],"collection":[{"href":"https:\/\/www.nextmultimedio.com\/index.php?rest_route=\/wp\/v2\/posts"}],"about":[{"href":"https:\/\/www.nextmultimedio.com\/index.php?rest_route=\/wp\/v2\/types\/post"}],"author":[{"embeddable":true,"href":"https:\/\/www.nextmultimedio.com\/index.php?rest_route=\/wp\/v2\/users\/1"}],"replies":[{"embeddable":true,"href":"https:\/\/www.nextmultimedio.com\/index.php?rest_route=%2Fwp%2Fv2%2Fcomments&post=7698"}],"version-history":[{"count":1,"href":"https:\/\/www.nextmultimedio.com\/index.php?rest_route=\/wp\/v2\/posts\/7698\/revisions"}],"predecessor-version":[{"id":7700,"href":"https:\/\/www.nextmultimedio.com\/index.php?rest_route=\/wp\/v2\/posts\/7698\/revisions\/7700"}],"wp:featuredmedia":[{"embeddable":true,"href":"https:\/\/www.nextmultimedio.com\/index.php?rest_route=\/wp\/v2\/media\/7699"}],"wp:attachment":[{"href":"https:\/\/www.nextmultimedio.com\/index.php?rest_route=%2Fwp%2Fv2%2Fmedia&parent=7698"}],"wp:term":[{"taxonomy":"category","embeddable":true,"href":"https:\/\/www.nextmultimedio.com\/index.php?rest_route=%2Fwp%2Fv2%2Fcategories&post=7698"},{"taxonomy":"post_tag","embeddable":true,"href":"https:\/\/www.nextmultimedio.com\/index.php?rest_route=%2Fwp%2Fv2%2Ftags&post=7698"}],"curies":[{"name":"wp","href":"https:\/\/api.w.org\/{rel}","templated":true}]}}