{"id":7693,"date":"2024-07-24T21:21:58","date_gmt":"2024-07-25T00:21:58","guid":{"rendered":"https:\/\/www.nextmultimedio.com\/?p=7693"},"modified":"2024-07-24T21:21:58","modified_gmt":"2024-07-25T00:21:58","slug":"se-presento-oficialmente-el-evento-pugilistico-donde-se-disputara-el-titulo-mundial-juvenil-de-omb","status":"publish","type":"post","link":"https:\/\/www.nextmultimedio.com\/?p=7693","title":{"rendered":"SE PRESENT\u00d3 OFICIALMENTE EL EVENTO PUGIL\u00cdSTICO DONDE SE DISPUTAR\u00c1 EL TITULO MUNDIAL JUVENIL DE OMB"},"content":{"rendered":"\n<p><strong>El intendente municipal junto a las diferentes autoridades y responsables de la organizaci\u00f3n del evento presentaron la noche internacional de boxeo que se realizar\u00e1 el pr\u00f3ximo s\u00e1bado en el Espacio M\u00f3naco.<\/strong><\/p>\n\n\n<div class=\"wp-block-image\">\n<figure class=\"aligncenter size-full\"><img loading=\"lazy\" decoding=\"async\" width=\"600\" height=\"338\" src=\"https:\/\/www.nextmultimedio.com\/wp-content\/uploads\/2024\/07\/452842813_1015316387266204_8337152298387198281_n-1.jpg\" alt=\"\" class=\"wp-image-7694\" srcset=\"https:\/\/www.nextmultimedio.com\/wp-content\/uploads\/2024\/07\/452842813_1015316387266204_8337152298387198281_n-1.jpg 600w, https:\/\/www.nextmultimedio.com\/wp-content\/uploads\/2024\/07\/452842813_1015316387266204_8337152298387198281_n-1-300x169.jpg 300w\" sizes=\"auto, (max-width: 600px) 100vw, 600px\" \/><\/figure>\n<\/div>\n\n\n<p>Los combates:<\/p>\n\n\n\n<p><a><\/a>Yerny \u201cMostrico\u201d Betancourt (24-2-0, 19 KO \/ Los Teques, Venezuela) vs Ayrton \u201cel Gallo\u201d Segovia (7-2-0, 3 KO \/ Paran\u00e1, ER).<\/p>\n\n\n\n<p>T\u00edtulo Mundial Juvenil Supergallo OMB Vacante \u2013 10 rounds<\/p>\n\n\n\n<p>David Nu\u00f1ez (6-2-0, 3 KO \/ Camp. Sudam. Supermosca \\ Arequipa, Per\u00fa) vs \u00c1ngel \u201cel Diablito\u201d Arancibia (7-0-0, 5 KO \/ Lavalle, Mza.)<\/p>\n\n\n\n<p>T\u00edtulo Sudamericano Supermosca &#8211; 10 rounds<\/p>\n\n\n\n<p><img loading=\"lazy\" decoding=\"async\" height=\"16\" width=\"16\" alt=\"????\" src=\"https:\/\/static.xx.fbcdn.net\/images\/emoji.php\/v9\/tff\/1\/16\/1f4c6.png\"> S\u00e1bado 27 de julio<\/p>\n\n\n\n<p><img loading=\"lazy\" decoding=\"async\" height=\"16\" width=\"16\" alt=\"????\" src=\"https:\/\/static.xx.fbcdn.net\/images\/emoji.php\/v9\/tb0\/1\/16\/1f558.png\"> 21:30 en el Espacio M\u00f3naco<\/p>\n\n\n\n<p><img loading=\"lazy\" decoding=\"async\" height=\"16\" width=\"16\" alt=\"????\" src=\"https:\/\/static.xx.fbcdn.net\/images\/emoji.php\/v9\/tb0\/1\/16\/1f558.png\"> 23:00 TV en vivo TNT Sports y Combate Space<\/p>\n\n\n\n<p><img loading=\"lazy\" decoding=\"async\" height=\"16\" width=\"16\" alt=\"????\" src=\"https:\/\/static.xx.fbcdn.net\/images\/emoji.php\/v9\/t2d\/1\/16\/1f4cd.png\"> M\u00f3naco Hotel, Villa Carlos Paz, C\u00f3rdoba<\/p>\n\n\n\n<p>Im\u00e1genes:<a href=\"https:\/\/www.instagram.com\/_u\/lavilladeportiva?fbclid=IwZXh0bgNhZW0CMTAAAR3qBW2qLXXuOE9RGkpGRuzhdtFEJOceMxrCAtPajTy-zcO9vK8Y_jX4gBk_aem_tOpQOWtr1voQycGkvfRydA\" rel=\"noreferrer noopener\" target=\"_blank\">@lavilladeportiva<\/a><\/p>\n\n\n\n<p><a href=\"https:\/\/www.facebook.com\/photo\/?fbid=1015316383932871&amp;set=pcb.1015316413932868&amp;__cft__[0]=AZVoEJUWvzxQ4q3YM1b4oKgThxGAB5MwDuQPIr2zWqBudS7WK_dalkTCARs2_ieOKxdT76ZdhHJSYGtEfHF6KqDPJYHP8QvSIEfcb0m1tfShpzgq54SUISYM93FLEBq450JRNzHvvdD4upRDohVvaTx7cYxBbzhdED_zDp2kTP3tS-X0Rf8R_GIn6zdhNTBL1AhHcMGmwqbXYjvi4CYBoaAr&amp;__tn__=*bH-R\"><\/a><\/p>\n\n\n\n<figure class=\"wp-block-image\"><a href=\"https:\/\/www.facebook.com\/photo\/?fbid=1015316383932871&amp;set=pcb.1015316413932868&amp;__cft__[0]=AZVoEJUWvzxQ4q3YM1b4oKgThxGAB5MwDuQPIr2zWqBudS7WK_dalkTCARs2_ieOKxdT76ZdhHJSYGtEfHF6KqDPJYHP8QvSIEfcb0m1tfShpzgq54SUISYM93FLEBq450JRNzHvvdD4upRDohVvaTx7cYxBbzhdED_zDp2kTP3tS-X0Rf8R_GIn6zdhNTBL1AhHcMGmwqbXYjvi4CYBoaAr&amp;__tn__=*bH-R\"><img decoding=\"async\" src=\"https:\/\/scontent.fcor2-2.fna.fbcdn.net\/v\/t39.30808-6\/452842813_1015316387266204_8337152298387198281_n.jpg?stp=dst-jpg_s600x600&amp;_nc_cat=109&amp;ccb=1-7&amp;_nc_sid=127cfc&amp;_nc_eui2=AeHM0LZ_xlnLfwQqUFiojeUV34KpbdlvIKvfgqlt2W8gq4JuDPLroZK7GB_gBaHX4Do&amp;_nc_ohc=w_ipG4CcY0cQ7kNvgGYQa2Q&amp;_nc_ht=scontent.fcor2-2.fna&amp;oh=00_AYAy6XTKCC0eaUBX-VWYruwLwGjF2tAG3fuKeBhOrc7-ZA&amp;oe=66A7612F\" alt=\"\"\/><\/a><\/figure>\n\n\n\n<p><a href=\"https:\/\/www.facebook.com\/photo\/?fbid=1015316277266215&amp;set=pcb.1015316413932868&amp;__cft__[0]=AZVoEJUWvzxQ4q3YM1b4oKgThxGAB5MwDuQPIr2zWqBudS7WK_dalkTCARs2_ieOKxdT76ZdhHJSYGtEfHF6KqDPJYHP8QvSIEfcb0m1tfShpzgq54SUISYM93FLEBq450JRNzHvvdD4upRDohVvaTx7cYxBbzhdED_zDp2kTP3tS-X0Rf8R_GIn6zdhNTBL1AhHcMGmwqbXYjvi4CYBoaAr&amp;__tn__=*bH-R\"><\/a><\/p>\n\n\n\n<figure class=\"wp-block-image\"><a href=\"https:\/\/www.facebook.com\/photo\/?fbid=1015316277266215&amp;set=pcb.1015316413932868&amp;__cft__[0]=AZVoEJUWvzxQ4q3YM1b4oKgThxGAB5MwDuQPIr2zWqBudS7WK_dalkTCARs2_ieOKxdT76ZdhHJSYGtEfHF6KqDPJYHP8QvSIEfcb0m1tfShpzgq54SUISYM93FLEBq450JRNzHvvdD4upRDohVvaTx7cYxBbzhdED_zDp2kTP3tS-X0Rf8R_GIn6zdhNTBL1AhHcMGmwqbXYjvi4CYBoaAr&amp;__tn__=*bH-R\"><img decoding=\"async\" src=\"https:\/\/scontent.fcor2-1.fna.fbcdn.net\/v\/t39.30808-6\/452729015_1015316283932881_2194516313274165368_n.jpg?stp=dst-jpg_s600x600&amp;_nc_cat=107&amp;ccb=1-7&amp;_nc_sid=127cfc&amp;_nc_eui2=AeG537BmhV_831rzxD4SOTxcLJqItpbVFRQsmoi2ltUVFF7blfDGjTqmOTV5eX3K3yw&amp;_nc_ohc=_HGPpIKEtiAQ7kNvgGwOXeR&amp;_nc_ht=scontent.fcor2-1.fna&amp;oh=00_AYDxnyXGe998o22SLZ4LQwSOQpDDrMcUg6_8HnnRMcue8g&amp;oe=66A75D61\" alt=\"\"\/><\/a><\/figure>\n\n\n\n<p><a href=\"https:\/\/www.facebook.com\/photo\/?fbid=1015316317266211&amp;set=pcb.1015316413932868&amp;__cft__[0]=AZVoEJUWvzxQ4q3YM1b4oKgThxGAB5MwDuQPIr2zWqBudS7WK_dalkTCARs2_ieOKxdT76ZdhHJSYGtEfHF6KqDPJYHP8QvSIEfcb0m1tfShpzgq54SUISYM93FLEBq450JRNzHvvdD4upRDohVvaTx7cYxBbzhdED_zDp2kTP3tS-X0Rf8R_GIn6zdhNTBL1AhHcMGmwqbXYjvi4CYBoaAr&amp;__tn__=*bH-R\"><\/a><\/p>\n\n\n\n<figure class=\"wp-block-image\"><a href=\"https:\/\/www.facebook.com\/photo\/?fbid=1015316317266211&amp;set=pcb.1015316413932868&amp;__cft__[0]=AZVoEJUWvzxQ4q3YM1b4oKgThxGAB5MwDuQPIr2zWqBudS7WK_dalkTCARs2_ieOKxdT76ZdhHJSYGtEfHF6KqDPJYHP8QvSIEfcb0m1tfShpzgq54SUISYM93FLEBq450JRNzHvvdD4upRDohVvaTx7cYxBbzhdED_zDp2kTP3tS-X0Rf8R_GIn6zdhNTBL1AhHcMGmwqbXYjvi4CYBoaAr&amp;__tn__=*bH-R\"><img decoding=\"async\" src=\"https:\/\/scontent.fcor2-1.fna.fbcdn.net\/v\/t39.30808-6\/452864170_1015316320599544_2922682870839229862_n.jpg?stp=dst-jpg_s600x600&amp;_nc_cat=101&amp;ccb=1-7&amp;_nc_sid=127cfc&amp;_nc_eui2=AeF8Q_bdHoSotuh0wO7s3vRqZn2mLC-fbq9mfaYsL59ur3zg3B4h4PaM3fGT7ehUCZY&amp;_nc_ohc=xNTHp1qiwfEQ7kNvgEKWvQf&amp;_nc_ht=scontent.fcor2-1.fna&amp;oh=00_AYC7eo6uYMq_b4EXuttZ-mWbqOjWBNf5_kWdJouhvaSmPA&amp;oe=66A76A67\" alt=\"\"\/><\/a><\/figure>\n\n\n\n<p><a href=\"https:\/\/www.facebook.com\/photo\/?fbid=1015316350599541&amp;set=pcb.1015316413932868&amp;__cft__[0]=AZVoEJUWvzxQ4q3YM1b4oKgThxGAB5MwDuQPIr2zWqBudS7WK_dalkTCARs2_ieOKxdT76ZdhHJSYGtEfHF6KqDPJYHP8QvSIEfcb0m1tfShpzgq54SUISYM93FLEBq450JRNzHvvdD4upRDohVvaTx7cYxBbzhdED_zDp2kTP3tS-X0Rf8R_GIn6zdhNTBL1AhHcMGmwqbXYjvi4CYBoaAr&amp;__tn__=*bH-R\"><\/a><\/p>\n\n\n\n<figure class=\"wp-block-image\"><a href=\"https:\/\/www.facebook.com\/photo\/?fbid=1015316350599541&amp;set=pcb.1015316413932868&amp;__cft__[0]=AZVoEJUWvzxQ4q3YM1b4oKgThxGAB5MwDuQPIr2zWqBudS7WK_dalkTCARs2_ieOKxdT76ZdhHJSYGtEfHF6KqDPJYHP8QvSIEfcb0m1tfShpzgq54SUISYM93FLEBq450JRNzHvvdD4upRDohVvaTx7cYxBbzhdED_zDp2kTP3tS-X0Rf8R_GIn6zdhNTBL1AhHcMGmwqbXYjvi4CYBoaAr&amp;__tn__=*bH-R\"><img decoding=\"async\" src=\"https:\/\/scontent.fcor2-2.fna.fbcdn.net\/v\/t39.30808-6\/452916112_1015316353932874_6390513143254423452_n.jpg?stp=dst-jpg_s600x600&amp;_nc_cat=100&amp;ccb=1-7&amp;_nc_sid=127cfc&amp;_nc_eui2=AeHsENWY5Z5FRBa1zPY4d1t1Ssi5b25qrxlKyLlvbmqvGawaz_PW0dH3QKE4xNN--oA&amp;_nc_ohc=ZoExdGlx-vUQ7kNvgEheSZa&amp;_nc_ht=scontent.fcor2-2.fna&amp;oh=00_AYCHbItdpJ4norTu4Ixbcr_goYkXYGPd2YWg2BRIyPHQOA&amp;oe=66A75F2B\" alt=\"\"\/><\/a><\/figure>\n","protected":false},"excerpt":{"rendered":"<p>El intendente municipal junto a las diferentes autoridades y responsables de la organizaci\u00f3n del evento presentaron la noche internacional de boxeo que se realizar\u00e1 el pr\u00f3ximo s\u00e1bado en el Espacio M\u00f3naco. Los combates: Yerny \u201cMostrico\u201d Betancourt (24-2-0, 19 KO \/ Los Teques, Venezuela) vs Ayrton \u201cel Gallo\u201d Segovia (7-2-0, 3 KO \/ Paran\u00e1, ER). T\u00edtulo [&hellip;]<\/p>\n","protected":false},"author":1,"featured_media":7694,"comment_status":"closed","ping_status":"closed","sticky":false,"template":"","format":"standard","meta":{"footnotes":""},"categories":[69],"tags":[345],"class_list":["post-7693","post","type-post","status-publish","format-standard","has-post-thumbnail","hentry","category-noticias","tag-destacar"],"_links":{"self":[{"href":"https:\/\/www.nextmultimedio.com\/index.php?rest_route=\/wp\/v2\/posts\/7693","targetHints":{"allow":["GET"]}}],"collection":[{"href":"https:\/\/www.nextmultimedio.com\/index.php?rest_route=\/wp\/v2\/posts"}],"about":[{"href":"https:\/\/www.nextmultimedio.com\/index.php?rest_route=\/wp\/v2\/types\/post"}],"author":[{"embeddable":true,"href":"https:\/\/www.nextmultimedio.com\/index.php?rest_route=\/wp\/v2\/users\/1"}],"replies":[{"embeddable":true,"href":"https:\/\/www.nextmultimedio.com\/index.php?rest_route=%2Fwp%2Fv2%2Fcomments&post=7693"}],"version-history":[{"count":1,"href":"https:\/\/www.nextmultimedio.com\/index.php?rest_route=\/wp\/v2\/posts\/7693\/revisions"}],"predecessor-version":[{"id":7695,"href":"https:\/\/www.nextmultimedio.com\/index.php?rest_route=\/wp\/v2\/posts\/7693\/revisions\/7695"}],"wp:featuredmedia":[{"embeddable":true,"href":"https:\/\/www.nextmultimedio.com\/index.php?rest_route=\/wp\/v2\/media\/7694"}],"wp:attachment":[{"href":"https:\/\/www.nextmultimedio.com\/index.php?rest_route=%2Fwp%2Fv2%2Fmedia&parent=7693"}],"wp:term":[{"taxonomy":"category","embeddable":true,"href":"https:\/\/www.nextmultimedio.com\/index.php?rest_route=%2Fwp%2Fv2%2Fcategories&post=7693"},{"taxonomy":"post_tag","embeddable":true,"href":"https:\/\/www.nextmultimedio.com\/index.php?rest_route=%2Fwp%2Fv2%2Ftags&post=7693"}],"curies":[{"name":"wp","href":"https:\/\/api.w.org\/{rel}","templated":true}]}}