{"id":7678,"date":"2024-07-23T19:54:22","date_gmt":"2024-07-23T22:54:22","guid":{"rendered":"https:\/\/www.nextmultimedio.com\/?p=7678"},"modified":"2024-07-23T19:56:36","modified_gmt":"2024-07-23T22:56:36","slug":"plan-provincial-de-lectura-disrtibuyen-mas-de-50mil-libros-en-escuelas-de-toda-la-provincia","status":"publish","type":"post","link":"https:\/\/www.nextmultimedio.com\/?p=7678","title":{"rendered":"PLAN PROVINCIAL DE LECTURA: DISTRIBUYEN M\u00c1S DE 50MIL LIBROS EN ESCUELAS DE TODA LA PROVINCIA"},"content":{"rendered":"\n<p><strong>Los contenidos apuntan a fortalecer las \u00e1reas de Lengua y Matem\u00e1tica.<\/strong><\/p>\n\n\n\n<figure class=\"wp-block-image size-full\"><img loading=\"lazy\" decoding=\"async\" width=\"993\" height=\"663\" src=\"https:\/\/www.nextmultimedio.com\/wp-content\/uploads\/2024\/07\/plan-provincial-de-lectura-3.jpeg\" alt=\"\" class=\"wp-image-7679\" srcset=\"https:\/\/www.nextmultimedio.com\/wp-content\/uploads\/2024\/07\/plan-provincial-de-lectura-3.jpeg 993w, https:\/\/www.nextmultimedio.com\/wp-content\/uploads\/2024\/07\/plan-provincial-de-lectura-3-300x200.jpeg 300w, https:\/\/www.nextmultimedio.com\/wp-content\/uploads\/2024\/07\/plan-provincial-de-lectura-3-768x513.jpeg 768w\" sizes=\"auto, (max-width: 993px) 100vw, 993px\" \/><\/figure>\n\n\n\n<p>En marco del Plan Provincial de Lectura, el Gobierno de la Provincia de C\u00f3rdoba, a trav\u00e9s del Ministerio de Educaci\u00f3n, realiza la distribuci\u00f3n de m\u00e1s de 50 mil libros para 600 instituciones educativas de todo el territorio provincial.<\/p>\n\n\n\n<p>El alcance de esta iniciativa se extiende a establecimientos de nivel inicial, primario, secundario y de j\u00f3venes y adultos. El proyecto tiene un alcance m\u00ednimo de 60 mil estudiantes de toda la provincia de C\u00f3rdoba.<\/p>\n\n\n\n<p>El objetivo espec\u00edfico de la iniciativa es fortalecer las \u00e1reas de Lengua y Matem\u00e1tica a trav\u00e9s de libros criteriosamente seleccionados por los equipos t\u00e9cnicos de la cartera educativa.<\/p>\n\n\n\n<p>En lo que va del a\u00f1o, ya se otorgaron m\u00e1s de 20 mil libros en toda la provincia de C\u00f3rdoba.<\/p>\n\n\n\n<p>Desde el mes de abril del corriente a\u00f1o se est\u00e1n llevando a cabo entregas semanales que van desde los 300-400 ejemplares hasta los 4.000. Se realizan en distintos puntos estrat\u00e9gicos de la provincia.<\/p>\n\n\n\n<p>Para fines del primer mes de distribuci\u00f3n, ya se hab\u00edan entregado m\u00e1s de 10 mil libros a nivel inicial con el objetivo de insertar a los ni\u00f1os en el mundo de la lectura.<\/p>\n\n\n\n<figure class=\"wp-block-image\"><img decoding=\"async\" src=\"https:\/\/prensa.cba.gov.ar\/wp-content\/uploads\/2024\/07\/plan-provincial-de-lectura-4.jpeg\" alt=\"\" class=\"wp-image-598576\"\/><\/figure>\n\n\n\n<p>Los libros se entregan organizados en bibliotecas, con el prop\u00f3sito de otorgarle a cada instituci\u00f3n una selecci\u00f3n de ejemplares que abarque tanto la materia de Lengua, como Matem\u00e1tica y Literatura.<\/p>\n\n\n\n<p>La selecci\u00f3n de los establecimientos beneficiarios es realizada por el Ministerio de Educaci\u00f3n a partir de un criterio pedag\u00f3gico que permite potenciar estrat\u00e9gicamente el fortalecimiento de la lectura en todos las regiones de la provincia de C\u00f3rdoba.<\/p>\n\n\n\n<p>Cabe destacar que otro eje del Plan est\u00e1 en la resignificaci\u00f3n del rol de los docentes en tanto mediadores culturales, para constituir a las escuelas en comunidades de lectores y transformar el proceso educativo actual.<\/p>\n\n\n\n<p>El proyecto se inscribe como una de las pol\u00edticas de fortalecimiento del Compromiso Alfabetizador C\u00f3rdoba, el cual consiste en recuperar la lectura como una pr\u00e1ctica social y ciudadana transversal.<\/p>\n\n\n\n<p>Sobre la importancia de la iniciativa, la subsecretaria de Fortalecimiento Institucional, Claudia Maine, sostuvo: \u00ab<em>Adem\u00e1s de ense\u00f1ar, tenemos que generar las condiciones necesarias para que logremos aprendizajes potentes y duraderos. Los libros son un factor fundamental en ese aspecto, por eso es que el Gobierno de la Provincia insiste en hacer llegar a todas las escuelas estos materiales<\/em>\u00ab.<\/p>\n\n\n\n<p>A su turno, la coordinadora del proyecto, Luciana Trocello, expres\u00f3: \u00ab<em>Una pol\u00edtica de distribuci\u00f3n de libros es fundamental para una ense\u00f1anza de calidad<\/em>\u201d.<\/p>\n\n\n\n<p>\u201c<em>Estamos generando las condiciones para que los aprendizajes significativos cuenten con los mejores libros en las aulas, desde sala de tres hasta sexto a\u00f1o. Inclusive para la educaci\u00f3n de j\u00f3venes y adultos<\/em>\u00ab, finaliz\u00f3.<\/p>\n\n\n\n<h4 class=\"wp-block-heading\">Libros y capacitaciones para directivos del norte cordob\u00e9s<\/h4>\n\n\n\n<p>En Plaza Cielo Tierra, se reunieron directivos en representaci\u00f3n de 190 instituciones provenientes del norte cordob\u00e9s. Cabe destacar que se trataba tanto de los niveles inicial, primario y secundario convencionales como algunos de los j\u00f3venes y adultos.<\/p>\n\n\n\n<p>En la ocasi\u00f3n, se entregaron 6.235 ejemplares en 600 bibliotecas. La distribuci\u00f3n contempla la entrega de un total de 32.000 libros para las regiones del norte y oeste de la provincia de C\u00f3rdoba.<\/p>\n\n\n\n<p>En detalle, los establecimientos educativos beneficiados en la oportunidad pertenecen a los departamentos de Cruz del Eje, San Javier, Sobremonte, San Alberto, Ischil\u00edn, R\u00edo Seco, Tulumba y Totoral.<\/p>\n\n\n\n<p>Adem\u00e1s de la entrega de libros, se llev\u00f3 a cabo una orientaci\u00f3n did\u00e1ctica dirigida por la coordinadora del Plan, en vistas de aprovechar a los libros (en papel y digital) como oportunidades para la ense\u00f1anza significativa de la oralidad, la lectura y la escritura.<\/p>\n\n\n\n<p>A su vez, la coordinadora extendi\u00f3 la invitaci\u00f3n al Festival de la Palabra 2024, como oportunidad para ense\u00f1ar pr\u00e1cticas del lenguaje, con sentido e innovadoras, en torno a los libros. Algunas de ellas son: booktubers, podcast y escritura de invenci\u00f3n.<\/p>\n\n\n\n<p>Sobre la actividad, la directora de la escuela Jos\u00e9 Hern\u00e1ndez de De\u00e1n Funes, del departamento Ischil\u00edn, expres\u00f3: \u201c<em>Considero fundamental la capacitaci\u00f3n did\u00e1ctica que se llev\u00f3 a cabo en cuanto nos permite compartir experiencias y repensar la forma de ense\u00f1arle a nuestros alumnos<\/em>\u201d.<\/p>\n\n\n\n<p>Acompa\u00f1\u00f3 a su vez durante el desarrollo de la actividad la secretaria de Coordinaci\u00f3n Territorial, Nora Bedano.<\/p>\n\n\n\n<p><\/p>\n","protected":false},"excerpt":{"rendered":"<p>Los contenidos apuntan a fortalecer las \u00e1reas de Lengua y Matem\u00e1tica. En marco del Plan Provincial de Lectura, el Gobierno de la Provincia de C\u00f3rdoba, a trav\u00e9s del Ministerio de Educaci\u00f3n, realiza la distribuci\u00f3n de m\u00e1s de 50 mil libros para 600 instituciones educativas de todo el territorio provincial. El alcance de esta iniciativa se [&hellip;]<\/p>\n","protected":false},"author":1,"featured_media":7679,"comment_status":"closed","ping_status":"closed","sticky":false,"template":"","format":"standard","meta":{"footnotes":""},"categories":[69],"tags":[345],"class_list":["post-7678","post","type-post","status-publish","format-standard","has-post-thumbnail","hentry","category-noticias","tag-destacar"],"_links":{"self":[{"href":"https:\/\/www.nextmultimedio.com\/index.php?rest_route=\/wp\/v2\/posts\/7678","targetHints":{"allow":["GET"]}}],"collection":[{"href":"https:\/\/www.nextmultimedio.com\/index.php?rest_route=\/wp\/v2\/posts"}],"about":[{"href":"https:\/\/www.nextmultimedio.com\/index.php?rest_route=\/wp\/v2\/types\/post"}],"author":[{"embeddable":true,"href":"https:\/\/www.nextmultimedio.com\/index.php?rest_route=\/wp\/v2\/users\/1"}],"replies":[{"embeddable":true,"href":"https:\/\/www.nextmultimedio.com\/index.php?rest_route=%2Fwp%2Fv2%2Fcomments&post=7678"}],"version-history":[{"count":2,"href":"https:\/\/www.nextmultimedio.com\/index.php?rest_route=\/wp\/v2\/posts\/7678\/revisions"}],"predecessor-version":[{"id":7681,"href":"https:\/\/www.nextmultimedio.com\/index.php?rest_route=\/wp\/v2\/posts\/7678\/revisions\/7681"}],"wp:featuredmedia":[{"embeddable":true,"href":"https:\/\/www.nextmultimedio.com\/index.php?rest_route=\/wp\/v2\/media\/7679"}],"wp:attachment":[{"href":"https:\/\/www.nextmultimedio.com\/index.php?rest_route=%2Fwp%2Fv2%2Fmedia&parent=7678"}],"wp:term":[{"taxonomy":"category","embeddable":true,"href":"https:\/\/www.nextmultimedio.com\/index.php?rest_route=%2Fwp%2Fv2%2Fcategories&post=7678"},{"taxonomy":"post_tag","embeddable":true,"href":"https:\/\/www.nextmultimedio.com\/index.php?rest_route=%2Fwp%2Fv2%2Ftags&post=7678"}],"curies":[{"name":"wp","href":"https:\/\/api.w.org\/{rel}","templated":true}]}}