{"id":7672,"date":"2024-07-23T19:24:33","date_gmt":"2024-07-23T22:24:33","guid":{"rendered":"https:\/\/www.nextmultimedio.com\/?p=7672"},"modified":"2024-07-23T19:57:27","modified_gmt":"2024-07-23T22:57:27","slug":"carlos-paz-detienen-a-un-hombre-que-manejaba-un-auto-que-fue-robado-dias-atras-en-la-provincia-de-buenos-aires","status":"publish","type":"post","link":"https:\/\/www.nextmultimedio.com\/?p=7672","title":{"rendered":"DETIENEN A UN HOMBRE QUE MANEJABA UN AUTO QUE FUE ROBADO D\u00cdAS ATR\u00c1S EN LA PROVINCIA DE BUENOS AIRES"},"content":{"rendered":"<div class=\"wp-block-image\">\n<figure class=\"aligncenter size-full\"><img loading=\"lazy\" decoding=\"async\" width=\"695\" height=\"540\" src=\"https:\/\/www.nextmultimedio.com\/wp-content\/uploads\/2024\/07\/452426285_1014609304003579_5728053602830650789_n.jpg\" alt=\"\" class=\"wp-image-7673\" srcset=\"https:\/\/www.nextmultimedio.com\/wp-content\/uploads\/2024\/07\/452426285_1014609304003579_5728053602830650789_n.jpg 695w, https:\/\/www.nextmultimedio.com\/wp-content\/uploads\/2024\/07\/452426285_1014609304003579_5728053602830650789_n-300x233.jpg 300w\" sizes=\"auto, (max-width: 695px) 100vw, 695px\" \/><\/figure>\n<\/div>\n\n\n<p>Siendo las 11hs mientras Personal Policial del Escuadr\u00f3n Motorizado Enduro realizaba recorrido de prevenci\u00f3n, proceden al control de un autom\u00f3vil Fiat Cronos, de color gris, el cual se encontraba sin ocupantes.<\/p>\n\n\n\n<p>Posteriormente se hizo presente en el lugar, el conductor del mismo, a quien se identifica como un hombre de 43 a\u00f1os de edad, oriundo de la Provincia de Neuqu\u00e9n, quien exhibe documentaci\u00f3n del rodado, siendo la misma ap\u00f3crifa, por lo que se procede a chequearla numeraciones del veh\u00edculo, observando que chasis y motor se encontraban adulterados, poseyendo a su vez, pedido de secuestro vigente de fecha 09\/07\/2024 procedente del Departamento Judicial Avellaneda-Lan\u00fas de la Provincia de Buenos Aires.<\/p>\n\n\n\n<p>Se Procedi\u00f3 consecuentemente a la aprehensi\u00f3n del conductor y al secuestro del rodado, quedando todo a disposici\u00f3n del Magistrado Interviniente.<\/p>\n\n\n\n<p><a href=\"https:\/\/www.facebook.com\/photo\/?fbid=1014609287336914&amp;set=a.356501556481027&amp;__cft__[0]=AZXK3Xb-hkeiwCwIQ3nAFEF-BwRhkiKlyRS_hHQT6yiq5oy0X4P-P2x2OBUro-i0xSGmTCoNx_2XXDU3DrjQ3yreTC2Z_0Q6unYsFBP77wQWXu8QCiiE7u9jun993WozbJfd5xp2Omrvdr_XZWxGo5A4kSLIRUZMZM_c7WEoFxqKd7fi5SWWYj8sfOZbe0xtwFjAIdu8t3szIoklbqK26eWk&amp;__tn__=EH-R\"><\/a><\/p>\n\n\n\n<figure class=\"wp-block-image\"><a href=\"https:\/\/www.facebook.com\/photo\/?fbid=1014609287336914&amp;set=a.356501556481027&amp;__cft__[0]=AZXK3Xb-hkeiwCwIQ3nAFEF-BwRhkiKlyRS_hHQT6yiq5oy0X4P-P2x2OBUro-i0xSGmTCoNx_2XXDU3DrjQ3yreTC2Z_0Q6unYsFBP77wQWXu8QCiiE7u9jun993WozbJfd5xp2Omrvdr_XZWxGo5A4kSLIRUZMZM_c7WEoFxqKd7fi5SWWYj8sfOZbe0xtwFjAIdu8t3szIoklbqK26eWk&amp;__tn__=EH-R\"><img decoding=\"async\" src=\"https:\/\/scontent.fcor2-1.fna.fbcdn.net\/v\/t39.30808-6\/452426285_1014609304003579_5728053602830650789_n.jpg?stp=dst-jpg_p180x540&amp;_nc_cat=110&amp;ccb=1-7&amp;_nc_sid=127cfc&amp;_nc_eui2=AeEcW925H_-U0hg4e1cpaMBW3TrKOMsPSaDdOso4yw9JoH5PZGd58JjPiV6t0cQqAFk&amp;_nc_ohc=N7KCFewubjoQ7kNvgGENcK9&amp;_nc_ht=scontent.fcor2-1.fna&amp;oh=00_AYC06DSznrTdoWUlMYavzh83l5iHTGEnJhM9dJKx2Vrr7A&amp;oe=66A6171A\" alt=\"Puede ser una imagen de 2 personas, moto y texto\"\/><\/a><\/figure>\n","protected":false},"excerpt":{"rendered":"<p>Siendo las 11hs mientras Personal Policial del Escuadr\u00f3n Motorizado Enduro realizaba recorrido de prevenci\u00f3n, proceden al control de un autom\u00f3vil Fiat Cronos, de color gris, el cual se encontraba sin ocupantes. Posteriormente se hizo presente en el lugar, el conductor del mismo, a quien se identifica como un hombre de 43 a\u00f1os de edad, oriundo [&hellip;]<\/p>\n","protected":false},"author":1,"featured_media":7673,"comment_status":"closed","ping_status":"closed","sticky":false,"template":"","format":"standard","meta":{"footnotes":""},"categories":[69],"tags":[345],"class_list":["post-7672","post","type-post","status-publish","format-standard","has-post-thumbnail","hentry","category-noticias","tag-destacar"],"_links":{"self":[{"href":"https:\/\/www.nextmultimedio.com\/index.php?rest_route=\/wp\/v2\/posts\/7672","targetHints":{"allow":["GET"]}}],"collection":[{"href":"https:\/\/www.nextmultimedio.com\/index.php?rest_route=\/wp\/v2\/posts"}],"about":[{"href":"https:\/\/www.nextmultimedio.com\/index.php?rest_route=\/wp\/v2\/types\/post"}],"author":[{"embeddable":true,"href":"https:\/\/www.nextmultimedio.com\/index.php?rest_route=\/wp\/v2\/users\/1"}],"replies":[{"embeddable":true,"href":"https:\/\/www.nextmultimedio.com\/index.php?rest_route=%2Fwp%2Fv2%2Fcomments&post=7672"}],"version-history":[{"count":2,"href":"https:\/\/www.nextmultimedio.com\/index.php?rest_route=\/wp\/v2\/posts\/7672\/revisions"}],"predecessor-version":[{"id":7682,"href":"https:\/\/www.nextmultimedio.com\/index.php?rest_route=\/wp\/v2\/posts\/7672\/revisions\/7682"}],"wp:featuredmedia":[{"embeddable":true,"href":"https:\/\/www.nextmultimedio.com\/index.php?rest_route=\/wp\/v2\/media\/7673"}],"wp:attachment":[{"href":"https:\/\/www.nextmultimedio.com\/index.php?rest_route=%2Fwp%2Fv2%2Fmedia&parent=7672"}],"wp:term":[{"taxonomy":"category","embeddable":true,"href":"https:\/\/www.nextmultimedio.com\/index.php?rest_route=%2Fwp%2Fv2%2Fcategories&post=7672"},{"taxonomy":"post_tag","embeddable":true,"href":"https:\/\/www.nextmultimedio.com\/index.php?rest_route=%2Fwp%2Fv2%2Ftags&post=7672"}],"curies":[{"name":"wp","href":"https:\/\/api.w.org\/{rel}","templated":true}]}}