{"id":7655,"date":"2024-07-22T18:57:15","date_gmt":"2024-07-22T21:57:15","guid":{"rendered":"https:\/\/www.nextmultimedio.com\/?p=7655"},"modified":"2024-07-22T18:57:16","modified_gmt":"2024-07-22T21:57:16","slug":"un-militar-que-trabaja-en-una-guardia-de-seguridad-mato-a-un-ladron-que-intentaba-robarle-a-una-mujer-en-la-calle","status":"publish","type":"post","link":"https:\/\/www.nextmultimedio.com\/?p=7655","title":{"rendered":"UN MILITAR QUE TRABAJA EN UNA GUARDIA DE SEGURIDAD MAT\u00d3 A UN LADR\u00d3N QUE INTENTABA ROBARLE A UNA MUJER EN LA CALLE"},"content":{"rendered":"<div class=\"wp-block-image\">\n<figure class=\"aligncenter size-full\"><img loading=\"lazy\" decoding=\"async\" width=\"427\" height=\"427\" src=\"https:\/\/www.nextmultimedio.com\/wp-content\/uploads\/2024\/07\/452226199_1013926177405225_6184547522850381541_n.jpg\" alt=\"\" class=\"wp-image-7656\" srcset=\"https:\/\/www.nextmultimedio.com\/wp-content\/uploads\/2024\/07\/452226199_1013926177405225_6184547522850381541_n.jpg 427w, https:\/\/www.nextmultimedio.com\/wp-content\/uploads\/2024\/07\/452226199_1013926177405225_6184547522850381541_n-300x300.jpg 300w\" sizes=\"auto, (max-width: 427px) 100vw, 427px\" \/><\/figure>\n<\/div>\n\n\n<p>Un nuevo hecho de inseguridad termin\u00f3 con un ladr\u00f3n muerto en la noche en la ciudad de C\u00f3rdoba. Mientras el joven de 19 a\u00f1os intentaba robarle a una mujer a la que hab\u00eda abordado al bajar ella de su moto, un sargento del Ej\u00e9rcito que not\u00f3 la situaci\u00f3n le dispar\u00f3 y acab\u00f3 con su vida.<\/p>\n\n\n\n<p>Seg\u00fan inform\u00f3, el hombre de 40 a\u00f1os que busc\u00f3 hacer justicia a trav\u00e9s de su arma es <a><\/a>un sargento del Comando de la Segunda Divisi\u00f3n Militar que trabaja como guardia de seguridad en un local de venta de electrodom\u00e9sticos del barrio Las Palmas, en la capital provincial.<\/p>\n\n\n\n<p>Cerca de las 23, una mujer de 24 a\u00f1os baj\u00f3 de su moto Gilera 240 en Jos\u00e9 Trist\u00e1n y Moscoso, misma cuadra que el local en el que trabaja el militar. Inmediatamente, fue abordada por el joven ladr\u00f3n, identificado como Agust\u00edn Garc\u00eda, quien intent\u00f3 sustraerle sus pertenencias. Al advertir la situaci\u00f3n, el sargento, cuyas iniciales son E.A., actu\u00f3 sin dudarlo: seg\u00fan declar\u00f3 ante los efectivos policiales, le dispar\u00f3 al delincuente con su pistola Bersa 9mm y le caus\u00f3 la muerte.<\/p>\n\n\n\n<p>El militar, luego, asegur\u00f3 que el ladr\u00f3n estaba armado. Al recolectar las pruebas, los agentes policiales intervinientes hallaron junto al cad\u00e1ver una r\u00e9plica de arma de fuego de fabricaci\u00f3n casera, indic\u00f3 El Doce. M\u00e1s tarde se confirm\u00f3 tambi\u00e9n que el fallecido contaba con antecedentes penales y era del barrio Villa Urquiza.<\/p>\n\n\n\n<p>Informaci\u00f3n:@Riocuartonoticias.<\/p>\n\n\n\n<p><a href=\"https:\/\/www.facebook.com\/photo\/?fbid=1013926170738559&amp;set=a.356501556481027&amp;__cft__[0]=AZVmpkGsVQx0dGKNi6Utshm7mkigmOQ47XCHzP1g8Rh6fwvIwGwnIkVBT75GtMdalW6XT9Y5UlFmf-zG6kjH0UJPX07G6h4YZ2B1vIYJaWtc_Zy_tZO5ApWHf5B1XaVdQ0uiioYzMBprm2Ds0198zdCGAa04ZfSsH-M-fGaDXWY7XOeBKzC94WIqaADFtjT5l_i_Xjwi7nzj_3IM5gD-phCY&amp;__tn__=EH-R\"><\/a><\/p>\n","protected":false},"excerpt":{"rendered":"<p>Un nuevo hecho de inseguridad termin\u00f3 con un ladr\u00f3n muerto en la noche en la ciudad de C\u00f3rdoba. Mientras el joven de 19 a\u00f1os intentaba robarle a una mujer a la que hab\u00eda abordado al bajar ella de su moto, un sargento del Ej\u00e9rcito que not\u00f3 la situaci\u00f3n le dispar\u00f3 y acab\u00f3 con su vida. [&hellip;]<\/p>\n","protected":false},"author":1,"featured_media":7656,"comment_status":"closed","ping_status":"closed","sticky":false,"template":"","format":"standard","meta":{"footnotes":""},"categories":[69],"tags":[345],"class_list":["post-7655","post","type-post","status-publish","format-standard","has-post-thumbnail","hentry","category-noticias","tag-destacar"],"_links":{"self":[{"href":"https:\/\/www.nextmultimedio.com\/index.php?rest_route=\/wp\/v2\/posts\/7655","targetHints":{"allow":["GET"]}}],"collection":[{"href":"https:\/\/www.nextmultimedio.com\/index.php?rest_route=\/wp\/v2\/posts"}],"about":[{"href":"https:\/\/www.nextmultimedio.com\/index.php?rest_route=\/wp\/v2\/types\/post"}],"author":[{"embeddable":true,"href":"https:\/\/www.nextmultimedio.com\/index.php?rest_route=\/wp\/v2\/users\/1"}],"replies":[{"embeddable":true,"href":"https:\/\/www.nextmultimedio.com\/index.php?rest_route=%2Fwp%2Fv2%2Fcomments&post=7655"}],"version-history":[{"count":1,"href":"https:\/\/www.nextmultimedio.com\/index.php?rest_route=\/wp\/v2\/posts\/7655\/revisions"}],"predecessor-version":[{"id":7657,"href":"https:\/\/www.nextmultimedio.com\/index.php?rest_route=\/wp\/v2\/posts\/7655\/revisions\/7657"}],"wp:featuredmedia":[{"embeddable":true,"href":"https:\/\/www.nextmultimedio.com\/index.php?rest_route=\/wp\/v2\/media\/7656"}],"wp:attachment":[{"href":"https:\/\/www.nextmultimedio.com\/index.php?rest_route=%2Fwp%2Fv2%2Fmedia&parent=7655"}],"wp:term":[{"taxonomy":"category","embeddable":true,"href":"https:\/\/www.nextmultimedio.com\/index.php?rest_route=%2Fwp%2Fv2%2Fcategories&post=7655"},{"taxonomy":"post_tag","embeddable":true,"href":"https:\/\/www.nextmultimedio.com\/index.php?rest_route=%2Fwp%2Fv2%2Ftags&post=7655"}],"curies":[{"name":"wp","href":"https:\/\/api.w.org\/{rel}","templated":true}]}}