{"id":7570,"date":"2024-07-09T21:54:28","date_gmt":"2024-07-10T00:54:28","guid":{"rendered":"https:\/\/www.nextmultimedio.com\/?p=7570"},"modified":"2024-07-09T21:54:28","modified_gmt":"2024-07-10T00:54:28","slug":"el-gobernador-llaryora-encabezo-el-acto-del-9-de-julio-en-rio-tercero","status":"publish","type":"post","link":"https:\/\/www.nextmultimedio.com\/?p=7570","title":{"rendered":"EL GOBERNADOR LLARYORA ENCABEZ\u00d3 EL ACTO DEL 9 DE JULIO EN RIO TERCERO"},"content":{"rendered":"\n<p><strong>El colorido desfil\u00e9 recorri\u00f3 seis cuadras del casco c\u00e9ntrico, ante una multitud de vecinos que ondearon la bandera patria.<\/strong><\/p>\n\n\n\n<figure class=\"wp-block-image size-large\"><img loading=\"lazy\" decoding=\"async\" width=\"1024\" height=\"554\" src=\"https:\/\/www.nextmultimedio.com\/wp-content\/uploads\/2024\/07\/WhatsApp-Image-2024-07-09-at-12.52.41-1024x554.jpeg\" alt=\"\" class=\"wp-image-7571\" srcset=\"https:\/\/www.nextmultimedio.com\/wp-content\/uploads\/2024\/07\/WhatsApp-Image-2024-07-09-at-12.52.41-1024x554.jpeg 1024w, https:\/\/www.nextmultimedio.com\/wp-content\/uploads\/2024\/07\/WhatsApp-Image-2024-07-09-at-12.52.41-300x162.jpeg 300w, https:\/\/www.nextmultimedio.com\/wp-content\/uploads\/2024\/07\/WhatsApp-Image-2024-07-09-at-12.52.41-768x415.jpeg 768w, https:\/\/www.nextmultimedio.com\/wp-content\/uploads\/2024\/07\/WhatsApp-Image-2024-07-09-at-12.52.41-1536x831.jpeg 1536w, https:\/\/www.nextmultimedio.com\/wp-content\/uploads\/2024\/07\/WhatsApp-Image-2024-07-09-at-12.52.41.jpeg 1544w\" sizes=\"auto, (max-width: 1024px) 100vw, 1024px\" \/><\/figure>\n\n\n\n<p>El gobernador Mart\u00edn Llaryora presidi\u00f3 el acto central por el 208\u00b0 aniversario de la Independencia Argentina, llevado a cabo en la ciudad de R\u00edo Tercero, en el departamento Tercero Arriba.<\/p>\n\n\n\n<p>Cerca del mediod\u00eda, comenz\u00f3 el desfile c\u00edvico militar a lo largo de seis cuadras por calle Alsina, en el centro urbano. Participaron efectivos de las Fuerzas Armadas y de Seguridad, Veteranos de Malvinas, escuelas e instituciones locales, agrupaciones gauchas, centros de jubilados, grupos scouts, clubes y autos antiguos.<\/p>\n\n\n\n<p>Unos 20 mil riotercerenses y vecinos de la regi\u00f3n siguieron desde las veredas el paso del colorido desfile, agitando banderas celestes y blancas, en un convocatoria emotiva y cargada de patriotismo.<\/p>\n\n\n\n<figure class=\"wp-block-image\"><img decoding=\"async\" src=\"https:\/\/prensa.cba.gov.ar\/wp-content\/uploads\/2024\/07\/WhatsApp-Image-2024-07-09-at-14.02.40-1-1024x680.jpeg\" alt=\"\" class=\"wp-image-597436\"\/><\/figure>\n\n\n\n<p>Llaryora inici\u00f3 el acto con el tradicional saludo a la tropa.&nbsp;<em>\u201cEn este hermoso d\u00eda de la patria aqu\u00ed en R\u00edo Tercero, agrupaci\u00f3n D\u00eda de la Independencia, buenos d\u00edas<\/em>\u201d, dijo el mandatario para luego dirigirse al palco de autoridades.<\/p>\n\n\n\n<p>El gobernador estuvo acompa\u00f1ado por el intendente Marcos Ferrer, los miembros del gabinete provincial, funcionarios y dirigentes locales, legisladores y autoridades de las Fuerzas Armadas, entre otros.<\/p>\n\n\n\n<figure class=\"wp-block-image\"><img decoding=\"async\" src=\"https:\/\/prensa.cba.gov.ar\/wp-content\/uploads\/2024\/07\/WhatsApp-Image-2024-07-09-at-14.02.44-1-1024x654.jpeg\" alt=\"\" class=\"wp-image-597437\"\/><\/figure>\n\n\n\n<p><em>\u201cSiendo alguien del interior provincial, me gusta mucho que las fechas oficiales se festejen en los municipios. Agradezco la colaboraci\u00f3n del intendente para poder festejar el 9 de Julio de esta gran manera\u201d,<\/em>&nbsp;dijo Llaryora previo al acto.<\/p>\n\n\n\n<p>El gobernador adem\u00e1s remarc\u00f3 la significaci\u00f3n de realizar la conmemoraci\u00f3n patria en R\u00edo Tercero<em>. \u201cMe parece importante hacer el acto de 9 de Julio en R\u00edo Tercero, como un homenaje despu\u00e9s del tremendo atentado que sufri\u00f3\u201d<\/em>&nbsp;hace casi tres d\u00e9cadas.<\/p>\n","protected":false},"excerpt":{"rendered":"<p>El colorido desfil\u00e9 recorri\u00f3 seis cuadras del casco c\u00e9ntrico, ante una multitud de vecinos que ondearon la bandera patria. El gobernador Mart\u00edn Llaryora presidi\u00f3 el acto central por el 208\u00b0 aniversario de la Independencia Argentina, llevado a cabo en la ciudad de R\u00edo Tercero, en el departamento Tercero Arriba. Cerca del mediod\u00eda, comenz\u00f3 el desfile [&hellip;]<\/p>\n","protected":false},"author":1,"featured_media":7571,"comment_status":"closed","ping_status":"closed","sticky":false,"template":"","format":"standard","meta":{"footnotes":""},"categories":[69],"tags":[345],"class_list":["post-7570","post","type-post","status-publish","format-standard","has-post-thumbnail","hentry","category-noticias","tag-destacar"],"_links":{"self":[{"href":"https:\/\/www.nextmultimedio.com\/index.php?rest_route=\/wp\/v2\/posts\/7570","targetHints":{"allow":["GET"]}}],"collection":[{"href":"https:\/\/www.nextmultimedio.com\/index.php?rest_route=\/wp\/v2\/posts"}],"about":[{"href":"https:\/\/www.nextmultimedio.com\/index.php?rest_route=\/wp\/v2\/types\/post"}],"author":[{"embeddable":true,"href":"https:\/\/www.nextmultimedio.com\/index.php?rest_route=\/wp\/v2\/users\/1"}],"replies":[{"embeddable":true,"href":"https:\/\/www.nextmultimedio.com\/index.php?rest_route=%2Fwp%2Fv2%2Fcomments&post=7570"}],"version-history":[{"count":1,"href":"https:\/\/www.nextmultimedio.com\/index.php?rest_route=\/wp\/v2\/posts\/7570\/revisions"}],"predecessor-version":[{"id":7572,"href":"https:\/\/www.nextmultimedio.com\/index.php?rest_route=\/wp\/v2\/posts\/7570\/revisions\/7572"}],"wp:featuredmedia":[{"embeddable":true,"href":"https:\/\/www.nextmultimedio.com\/index.php?rest_route=\/wp\/v2\/media\/7571"}],"wp:attachment":[{"href":"https:\/\/www.nextmultimedio.com\/index.php?rest_route=%2Fwp%2Fv2%2Fmedia&parent=7570"}],"wp:term":[{"taxonomy":"category","embeddable":true,"href":"https:\/\/www.nextmultimedio.com\/index.php?rest_route=%2Fwp%2Fv2%2Fcategories&post=7570"},{"taxonomy":"post_tag","embeddable":true,"href":"https:\/\/www.nextmultimedio.com\/index.php?rest_route=%2Fwp%2Fv2%2Ftags&post=7570"}],"curies":[{"name":"wp","href":"https:\/\/api.w.org\/{rel}","templated":true}]}}