{"id":7562,"date":"2024-07-09T21:46:18","date_gmt":"2024-07-10T00:46:18","guid":{"rendered":"https:\/\/www.nextmultimedio.com\/?p=7562"},"modified":"2024-07-09T21:46:19","modified_gmt":"2024-07-10T00:46:19","slug":"milei-encabezo-el-desfile-del-9-de-julio","status":"publish","type":"post","link":"https:\/\/www.nextmultimedio.com\/?p=7562","title":{"rendered":"MILEI ENCABEZ\u00d3 EL DESFILE DEL 9 DE JULIO"},"content":{"rendered":"\n<h2 class=\"wp-block-heading\">Los integrantes de ejecutivo se mostraron juntos en el desfile. El tanque los transport\u00f3 algunos metros por la Av. Libertador<\/h2>\n\n\n\n<p><\/p>\n\n\n\n<figure class=\"wp-block-image size-large\"><img loading=\"lazy\" decoding=\"async\" width=\"1024\" height=\"606\" src=\"https:\/\/www.nextmultimedio.com\/wp-content\/uploads\/2024\/07\/450649768_1048228940210009_4212275698930406362_n-1024x606.jpg\" alt=\"\" class=\"wp-image-7563\" srcset=\"https:\/\/www.nextmultimedio.com\/wp-content\/uploads\/2024\/07\/450649768_1048228940210009_4212275698930406362_n-1024x606.jpg 1024w, https:\/\/www.nextmultimedio.com\/wp-content\/uploads\/2024\/07\/450649768_1048228940210009_4212275698930406362_n-300x178.jpg 300w, https:\/\/www.nextmultimedio.com\/wp-content\/uploads\/2024\/07\/450649768_1048228940210009_4212275698930406362_n-768x455.jpg 768w, https:\/\/www.nextmultimedio.com\/wp-content\/uploads\/2024\/07\/450649768_1048228940210009_4212275698930406362_n.jpg 1216w\" sizes=\"auto, (max-width: 1024px) 100vw, 1024px\" \/><\/figure>\n\n\n\n<p>El Presidente de la Naci\u00f3n Javier Milei, junto a su gabinete asisti\u00f3 al desfile militar por el D\u00eda de la Independencia, donde participan las Fuerzas Armadas y de Seguridad y tambi\u00e9n estar\u00e1n presentes veteranos de guerra.<\/p>\n\n\n\n<p><br>El recorrido fue sobre la Av. del Libertador: comenz\u00f3 a la altura del Museo de Bellas Artes y culmin\u00f3 en las inmediaciones de la estaci\u00f3n de trenes Lisandro de la Torre y habr\u00e1 un operativo de seguridad con m\u00e1s de 7.000 efectivos.<\/p>\n\n\n\n<p><br>Promediando el desfile el Presidente Milei y la Vicepresidente Victoria Villarruel se sumaron de forma activa, subi\u00e9ndose a un tanque.\u00a0<\/p>\n\n\n\n<figure class=\"wp-block-image size-large\"><img loading=\"lazy\" decoding=\"async\" width=\"1024\" height=\"770\" src=\"https:\/\/www.nextmultimedio.com\/wp-content\/uploads\/2024\/07\/450407350_1048328316866738_5971823242119536270_n-1024x770.jpg\" alt=\"\" class=\"wp-image-7564\" srcset=\"https:\/\/www.nextmultimedio.com\/wp-content\/uploads\/2024\/07\/450407350_1048328316866738_5971823242119536270_n-1024x770.jpg 1024w, https:\/\/www.nextmultimedio.com\/wp-content\/uploads\/2024\/07\/450407350_1048328316866738_5971823242119536270_n-300x226.jpg 300w, https:\/\/www.nextmultimedio.com\/wp-content\/uploads\/2024\/07\/450407350_1048328316866738_5971823242119536270_n-768x578.jpg 768w, https:\/\/www.nextmultimedio.com\/wp-content\/uploads\/2024\/07\/450407350_1048328316866738_5971823242119536270_n.jpg 1280w\" sizes=\"auto, (max-width: 1024px) 100vw, 1024px\" \/><\/figure>\n\n\n\n\n\n\n\n\n\n<p><\/p>\n","protected":false},"excerpt":{"rendered":"<p>Los integrantes de ejecutivo se mostraron juntos en el desfile. El tanque los transport\u00f3 algunos metros por la Av. Libertador El Presidente de la Naci\u00f3n Javier Milei, junto a su gabinete asisti\u00f3 al desfile militar por el D\u00eda de la Independencia, donde participan las Fuerzas Armadas y de Seguridad y tambi\u00e9n estar\u00e1n presentes veteranos de [&hellip;]<\/p>\n","protected":false},"author":1,"featured_media":7563,"comment_status":"closed","ping_status":"closed","sticky":false,"template":"","format":"standard","meta":{"footnotes":""},"categories":[69],"tags":[345],"class_list":["post-7562","post","type-post","status-publish","format-standard","has-post-thumbnail","hentry","category-noticias","tag-destacar"],"_links":{"self":[{"href":"https:\/\/www.nextmultimedio.com\/index.php?rest_route=\/wp\/v2\/posts\/7562","targetHints":{"allow":["GET"]}}],"collection":[{"href":"https:\/\/www.nextmultimedio.com\/index.php?rest_route=\/wp\/v2\/posts"}],"about":[{"href":"https:\/\/www.nextmultimedio.com\/index.php?rest_route=\/wp\/v2\/types\/post"}],"author":[{"embeddable":true,"href":"https:\/\/www.nextmultimedio.com\/index.php?rest_route=\/wp\/v2\/users\/1"}],"replies":[{"embeddable":true,"href":"https:\/\/www.nextmultimedio.com\/index.php?rest_route=%2Fwp%2Fv2%2Fcomments&post=7562"}],"version-history":[{"count":1,"href":"https:\/\/www.nextmultimedio.com\/index.php?rest_route=\/wp\/v2\/posts\/7562\/revisions"}],"predecessor-version":[{"id":7565,"href":"https:\/\/www.nextmultimedio.com\/index.php?rest_route=\/wp\/v2\/posts\/7562\/revisions\/7565"}],"wp:featuredmedia":[{"embeddable":true,"href":"https:\/\/www.nextmultimedio.com\/index.php?rest_route=\/wp\/v2\/media\/7563"}],"wp:attachment":[{"href":"https:\/\/www.nextmultimedio.com\/index.php?rest_route=%2Fwp%2Fv2%2Fmedia&parent=7562"}],"wp:term":[{"taxonomy":"category","embeddable":true,"href":"https:\/\/www.nextmultimedio.com\/index.php?rest_route=%2Fwp%2Fv2%2Fcategories&post=7562"},{"taxonomy":"post_tag","embeddable":true,"href":"https:\/\/www.nextmultimedio.com\/index.php?rest_route=%2Fwp%2Fv2%2Ftags&post=7562"}],"curies":[{"name":"wp","href":"https:\/\/api.w.org\/{rel}","templated":true}]}}