{"id":7522,"date":"2024-07-05T09:42:37","date_gmt":"2024-07-05T12:42:37","guid":{"rendered":"https:\/\/www.nextmultimedio.com\/?p=7522"},"modified":"2024-07-05T09:42:38","modified_gmt":"2024-07-05T12:42:38","slug":"vacaciones-de-invierno-en-carlos-paz-cartelera-teatral","status":"publish","type":"post","link":"https:\/\/www.nextmultimedio.com\/?p=7522","title":{"rendered":"VACACIONES DE INVIERNO EN CARLOS PAZ CARTELERA TEATRAL"},"content":{"rendered":"\n<p><\/p>\n\n\n\n<figure class=\"wp-block-image size-full\"><img loading=\"lazy\" decoding=\"async\" width=\"960\" height=\"878\" src=\"https:\/\/www.nextmultimedio.com\/wp-content\/uploads\/2024\/07\/449784598_1001281285336381_8644122289251441962_n.jpg\" alt=\"\" class=\"wp-image-7523\" srcset=\"https:\/\/www.nextmultimedio.com\/wp-content\/uploads\/2024\/07\/449784598_1001281285336381_8644122289251441962_n.jpg 960w, https:\/\/www.nextmultimedio.com\/wp-content\/uploads\/2024\/07\/449784598_1001281285336381_8644122289251441962_n-300x274.jpg 300w, https:\/\/www.nextmultimedio.com\/wp-content\/uploads\/2024\/07\/449784598_1001281285336381_8644122289251441962_n-768x702.jpg 768w\" sizes=\"auto, (max-width: 960px) 100vw, 960px\" \/><\/figure>\n\n\n\n<p><\/p>\n\n\n\n<p>La villa ofrece para estas vacaciones, la siguiente cartelera teatral de primera l\u00ednea, a la cual se siguen incorporando espect\u00e1culos:<\/p>\n\n\n\n<p><a><\/a>*Teatro Zorba *(9 de julio y Montevideo) &#8220;Como evitar enamorarse de un boludo&#8221; con Silvia Peyrou y Fernando Dabove.<\/p>\n\n\n\n<p>Fines de semana 22hs<\/p>\n\n\n\n<p>*Teatro Luxor* (Av. Libertad): \u201cMiguel y Chino en banda\u201d con Miguel del Sel, Chino Volpato y elenco.<\/p>\n\n\n\n<p>S\u00e1bado 20 de julio. 22 hs.<\/p>\n\n\n\n<p>*Teatro del Lago* (Belgrano 81): \u201cVivila como quer\u00e9s\u201d con Dany la Chepi, humorista e influencer. Jueves 11 de julio.22 hs.<\/p>\n\n\n\n<p>\u201cRoblox\u201d. Espect\u00e1culo para ni\u00f1os.<\/p>\n\n\n\n<p>Mi\u00e9rcoles 10 de julio. 17 hs.<\/p>\n\n\n\n<p>\u201cEl Bosque Encantado. Historia de Hielo 2\u201d. Espect\u00e1culo Infantil.<\/p>\n\n\n\n<p>Mi\u00e9rcoles 10 de julio. 19 hs.<\/p>\n\n\n\n<p>\u201cEl Gato con Botas\u201d. Espect\u00e1culo infantil.<\/p>\n\n\n\n<p>Lunes 15 de julio. 17 hs.<\/p>\n\n\n\n<p>*Teatro Acuario* (9 de julio 90): \u201cPlim plim en Vivo\u201d. Espect\u00e1culo infantil.<\/p>\n\n\n\n<p>S\u00e1bado 13 de julio. 16 hs.<\/p>\n\n\n\n<p>\u201cS\u00faper Mario\u201d. Show para ni\u00f1os.<\/p>\n\n\n\n<p>Jueves 18 de julio. 17 hs.<\/p>\n\n\n\n<p>\u201cEl Misterio de los Robots. Merlina\u201d. Espect\u00e1culo infantil.<\/p>\n\n\n\n<p>Viernes 19 de julio.17 hs.<\/p>\n\n\n\n<p>\u201cLa M\u00fasica de las Ideas. Un Viaje a trav\u00e9s de los Sonidos\u201d con Sergio Feferovich.<\/p>\n\n\n\n<p>S\u00e1bado 27 de julio. 21 hs.<\/p>\n\n\n\n<p>*Espacio Hotel Eleton* (Virgilio 300 esquina Constantinopla): \u201cEl negro y yo\u201d. Espect\u00e1culo de humor y m\u00fasica con Cherca Prieto y Rub\u00e9n Cirigliano<\/p>\n\n\n\n<p>Mi\u00e9rcoles 10, 17 y 24 Julio. 23 hs.<\/p>\n\n\n\n<p>\u201cEleton Show Time\u201d con Mudo Esperanza e Iceberg del Sur.<\/p>\n\n\n\n<p>Todos los s\u00e1bados de Julio. 23 hs.<\/p>\n\n\n\n<p>\u201cLos Chicos de mi edad\u201d. Espect\u00e1culo de stand up con Adri\u00e1n G\u00f3mez.<\/p>\n\n\n\n<p>Viernes 12, 19 y 26 Julio. 23 hs.<\/p>\n\n\n\n<p>*Teatro del Sol I* (General Paz 250): \u201cRisarap\u201d. Espect\u00e1culo humor\u00edstico con Marcelo Josset, Victoria Bal, Yumiko Iwakawa y Silvana Escudero. Todos los d\u00edas viernes y s\u00e1bados del mes de julio. 22 hs.<\/p>\n\n\n\n<p>\u201dHumor en concert\u201d. Espect\u00e1culo de humor y m\u00fasica con Marcelo Josset, Silvana Escudero, Daniel Simmons, Diego G\u00f3mez y Ornella Ricalzone.<\/p>\n\n\n\n<p>Todos los d\u00edas domingos del mes de julio. 22 hs.<\/p>\n\n\n\n<p>*Teatro Melos* (Alberdi 50): \u201cArgentina hasta la muerte\u201d. Espect\u00e1culo musical.<\/p>\n\n\n\n<p>Viernes 19, s\u00e1bado 20, domingo 21, viernes 26, s\u00e1bado 27 y domingo 28 de julio. 22 hs.<\/p>\n\n\n\n<p>*Domos Auditorium*(Gobernador Alvarez 600): \u201cFog\u00f3n entre amigos\u201d. Espect\u00e1culo musical del grupo Sauda.<\/p>\n\n\n\n<p>Viernes 19 y s\u00e1bado 20 de julio.<\/p>\n\n\n\n<p>*Lvisa Teatro Concert* (Casino Carlos Paz): Presentaci\u00f3n musical del d\u00fao de latin folk \u201cJano\u201d.<\/p>\n\n\n\n<p>S\u00e1bado 20 de julio. 21:30 hs.<\/p>\n\n\n\n<p>\u201cMediumnidad\u201d. Charla con Daniel Varela. S\u00e1bado 27 y domingo 28 de julio. 19:30 hs.<\/p>\n\n\n\n<p>*Club de Teatro* (Asunci\u00f3n 20): \u201cDesafiando a la ciencia\u201d con Paola Moreno y Ariel Corval\u00e1n.<\/p>\n\n\n\n<p>\u201cDoctor Sabeloto\u201d con Patricia Simeone (El Margarita), Nacho Ca\u00f1\u00f3n (Se\u00f1or Rocotti), Paula Di Rienzo (Berta) y Emiliano Quercia (Canuto). Dirige y escribe Adriana Ferrari.<\/p>\n\n\n\n<p>\u201cProyarc con Juli\u00e1n Prieto y Daniel Grana.<\/p>\n\n\n\n<p>Combo breves para adolescentes y para toda la familia.<\/p>\n\n\n\n<p>\u00bfEst\u00e1s? de Rafael Bravo con Andrea Franco, Paola Quevedo, Rafael Bravo. Direcci\u00f3n: Ivana Vivas.<\/p>\n\n\n\n<p>\u201cLovingstone\u201d de Juan Mariotti con Nacho Ca\u00f1on, Brenda Agnone, Karina D\u00edaz, Direcci\u00f3n: Ariadna Ruiz Punta.<\/p>\n\n\n\n<p>\u201cEl ascenso\u201d de Gast\u00f3n Hidalgo conb Jos\u00e9 Luis Dreye, Dar\u00eda Altamirano. Direcci\u00f3n: Gast\u00f3n Hidalgo.<\/p>\n\n\n\n<p>\u201cA puertas abiertas\u201d de Patricia Su\u00e1rez con Flor Contmanolaki, Mar\u00eda Eugenia Cordi, Karina D\u00edaz, Direcci\u00f3n: Ariadna Ruiz Punta.<\/p>\n\n\n\n<p>\u201cVitel Ton\u00e9\u201d de Florencia Aroldi con Clara de Oliveira Jara, Ana Mar\u00eda Gusman, Eduardo Herrera. Direcci\u00f3n: Ivana Vivas \u2013 Taller de montaje de Gestos y Muecas.<\/p>\n\n\n\n<p>\u201cPap\u00e1 usa Tinder\u201d de Florencia Aroldi con Roxana Bu\u00f1o, Soledad Garc\u00eda, Miguel Bazzano. Direcci\u00f3n: Ivana Vivas \u2013 Taller de montaje de Gestos y Muecas.<\/p>\n\n\n\n<p>\u201cCayetana\u201d de Florencia Aroldi con Melna Otta, Lautaro Villalba. Direcci\u00f3n: Ivana Vivas \u2013 Taller de montaje de Gestos y Muecas.<\/p>\n\n\n\n<p>\u201cCama cucheta\u201d de Florencia Aroldi con Guillermina Benelli, Andrea Franco, Veronica Neky Belmonte Direcci\u00f3n: Ivana Vivas \u2013 Taller De Montaje Gestos y Muecas.<\/p>\n\n\n\n<p>\u201cT\u00eda Malvina\u201d de Florencia Aroldi con Alicia Milner, Margarita Del Pino, Lara Santa Cruz. Direcci\u00f3n: Ivana Vivas \u2013 Taller De Montaje Gestos y Muecas.<\/p>\n\n\n\n<p><a href=\"https:\/\/www.facebook.com\/photo\/?fbid=1001281288669714&amp;set=pcb.1001281335336376&amp;__cft__[0]=AZW3YyK-wNRfT5FEPoQyjz07bgmUArmMsBD-uCGzkKacf-lCsG-A8U39eAO6_VEpBikJ2njins8HY3xhdTsnUdgqPboSj20njrqvDkQO3vjC9LlJsjanRAy97uQWI0Np7h0tKlNocs832HwgAvGz62XYD5DcPiYqov7GB5Rzdv7is7e42_IK9vMVrATOvSUoJROZSn1Lv-bFasLMUenoKPE-&amp;__tn__=*bH-R\"><\/a><\/p>\n\n\n\n<figure class=\"wp-block-image\"><a href=\"https:\/\/www.facebook.com\/photo\/?fbid=1001281288669714&amp;set=pcb.1001281335336376&amp;__cft__[0]=AZW3YyK-wNRfT5FEPoQyjz07bgmUArmMsBD-uCGzkKacf-lCsG-A8U39eAO6_VEpBikJ2njins8HY3xhdTsnUdgqPboSj20njrqvDkQO3vjC9LlJsjanRAy97uQWI0Np7h0tKlNocs832HwgAvGz62XYD5DcPiYqov7GB5Rzdv7is7e42_IK9vMVrATOvSUoJROZSn1Lv-bFasLMUenoKPE-&amp;__tn__=*bH-R\"><img decoding=\"async\" src=\"https:\/\/scontent.fcor2-1.fna.fbcdn.net\/v\/t39.30808-6\/449784598_1001281285336381_8644122289251441962_n.jpg?stp=dst-jpg_p180x540&amp;_nc_cat=107&amp;ccb=1-7&amp;_nc_sid=833d8c&amp;_nc_eui2=AeHBNm9rMGmuibJeuMoqRLlynfNH-sqx8ead80f6yrHx5ghJRJt9quizIqG9gn_jm_M&amp;_nc_ohc=cjO3Rr_uD_AQ7kNvgF6GqK_&amp;_nc_ht=scontent.fcor2-1.fna&amp;oh=00_AYC1MuOfKxgtJm0lX2uuNdXBG-_MfvwBM0bO_m4_MLz3Ew&amp;oe=668DB31A\" alt=\"\"\/><\/a><\/figure>\n\n\n\n<p><a href=\"https:\/\/www.facebook.com\/photo\/?fbid=1001281315336378&amp;set=pcb.1001281335336376&amp;__cft__[0]=AZW3YyK-wNRfT5FEPoQyjz07bgmUArmMsBD-uCGzkKacf-lCsG-A8U39eAO6_VEpBikJ2njins8HY3xhdTsnUdgqPboSj20njrqvDkQO3vjC9LlJsjanRAy97uQWI0Np7h0tKlNocs832HwgAvGz62XYD5DcPiYqov7GB5Rzdv7is7e42_IK9vMVrATOvSUoJROZSn1Lv-bFasLMUenoKPE-&amp;__tn__=*bH-R\"><\/a><\/p>\n\n\n\n<figure class=\"wp-block-image\"><a href=\"https:\/\/www.facebook.com\/photo\/?fbid=1001281315336378&amp;set=pcb.1001281335336376&amp;__cft__[0]=AZW3YyK-wNRfT5FEPoQyjz07bgmUArmMsBD-uCGzkKacf-lCsG-A8U39eAO6_VEpBikJ2njins8HY3xhdTsnUdgqPboSj20njrqvDkQO3vjC9LlJsjanRAy97uQWI0Np7h0tKlNocs832HwgAvGz62XYD5DcPiYqov7GB5Rzdv7is7e42_IK9vMVrATOvSUoJROZSn1Lv-bFasLMUenoKPE-&amp;__tn__=*bH-R\"><img decoding=\"async\" src=\"https:\/\/scontent.fcor2-1.fna.fbcdn.net\/v\/t39.30808-6\/449784483_1001281318669711_4149303457506381940_n.jpg?stp=dst-jpg_s600x600&amp;_nc_cat=111&amp;ccb=1-7&amp;_nc_sid=833d8c&amp;_nc_eui2=AeGAxOn_OHYLzcW7U4phN5VBM6Plmg_g0a4zo-WaD-DRrrFfICGuIzb-HN-1n7gW4ew&amp;_nc_ohc=7RxOxpKVUdgQ7kNvgFPgPzh&amp;_nc_ht=scontent.fcor2-1.fna&amp;oh=00_AYChRlDyFLVx4QT73nt-cKna6sVUfw5HYbbm5KJlsEZdpQ&amp;oe=668DBB4E\" alt=\"\"\/><\/a><\/figure>\n","protected":false},"excerpt":{"rendered":"<p>La villa ofrece para estas vacaciones, la siguiente cartelera teatral de primera l\u00ednea, a la cual se siguen incorporando espect\u00e1culos: *Teatro Zorba *(9 de julio y Montevideo) &#8220;Como evitar enamorarse de un boludo&#8221; con Silvia Peyrou y Fernando Dabove. Fines de semana 22hs *Teatro Luxor* (Av. Libertad): \u201cMiguel y Chino en banda\u201d con Miguel del [&hellip;]<\/p>\n","protected":false},"author":1,"featured_media":7523,"comment_status":"closed","ping_status":"closed","sticky":false,"template":"","format":"standard","meta":{"footnotes":""},"categories":[69],"tags":[345],"class_list":["post-7522","post","type-post","status-publish","format-standard","has-post-thumbnail","hentry","category-noticias","tag-destacar"],"_links":{"self":[{"href":"https:\/\/www.nextmultimedio.com\/index.php?rest_route=\/wp\/v2\/posts\/7522","targetHints":{"allow":["GET"]}}],"collection":[{"href":"https:\/\/www.nextmultimedio.com\/index.php?rest_route=\/wp\/v2\/posts"}],"about":[{"href":"https:\/\/www.nextmultimedio.com\/index.php?rest_route=\/wp\/v2\/types\/post"}],"author":[{"embeddable":true,"href":"https:\/\/www.nextmultimedio.com\/index.php?rest_route=\/wp\/v2\/users\/1"}],"replies":[{"embeddable":true,"href":"https:\/\/www.nextmultimedio.com\/index.php?rest_route=%2Fwp%2Fv2%2Fcomments&post=7522"}],"version-history":[{"count":1,"href":"https:\/\/www.nextmultimedio.com\/index.php?rest_route=\/wp\/v2\/posts\/7522\/revisions"}],"predecessor-version":[{"id":7524,"href":"https:\/\/www.nextmultimedio.com\/index.php?rest_route=\/wp\/v2\/posts\/7522\/revisions\/7524"}],"wp:featuredmedia":[{"embeddable":true,"href":"https:\/\/www.nextmultimedio.com\/index.php?rest_route=\/wp\/v2\/media\/7523"}],"wp:attachment":[{"href":"https:\/\/www.nextmultimedio.com\/index.php?rest_route=%2Fwp%2Fv2%2Fmedia&parent=7522"}],"wp:term":[{"taxonomy":"category","embeddable":true,"href":"https:\/\/www.nextmultimedio.com\/index.php?rest_route=%2Fwp%2Fv2%2Fcategories&post=7522"},{"taxonomy":"post_tag","embeddable":true,"href":"https:\/\/www.nextmultimedio.com\/index.php?rest_route=%2Fwp%2Fv2%2Ftags&post=7522"}],"curies":[{"name":"wp","href":"https:\/\/api.w.org\/{rel}","templated":true}]}}